{"id":36159,"date":"2026-02-18T02:12:06","date_gmt":"2026-02-18T02:12:06","guid":{"rendered":"https:\/\/bihavadis.com\/?p=36159"},"modified":"2026-02-18T02:12:06","modified_gmt":"2026-02-18T02:12:06","slug":"sevval-sam-hem-soyledi-hem-yonetti","status":"publish","type":"post","link":"https:\/\/bihavadis.com\/index.php\/2026\/02\/18\/sevval-sam-hem-soyledi-hem-yonetti\/","title":{"rendered":"\u015eevval Sam hem s\u00f6yledi hem y\u00f6netti"},"content":{"rendered":"<p>\u0130zmir B\u00fcy\u00fck\u015fehir Belediyesi\u2019ne ba\u011fl\u0131 Ahmed Adnan Saygun Sanat Merkezi, 14 \u015eubat Sevgililer G\u00fcn\u00fc\u2019nde unutulmaz bir konsere ev sahipli\u011fi yapt\u0131. \u0130brahim Yaz\u0131c\u0131 y\u00f6netimindeki Pera Filarmoni Orkestras\u0131 ile sahne alan \u015eevval Sam, \u201cA\u015fk\u0131 Bulacaks\u0131n\u201d senfonik konseriyle \u0130zmirlilerden tam not ald\u0131.<\/p>\n<p>\u0130zmir B\u00fcy\u00fck\u015fehir Belediyesi\u2019ne ba\u011fl\u0131 Ahmed Adnan Saygun Sanat Merkezi (AASSM) 14 \u015eubat Sevgililer G\u00fcn\u00fc\u2019nde \u00f6zel bir konsere ev sahipli\u011fi yapt\u0131. \u015eevval Sam, \u0130brahim Yaz\u0131c\u0131\u2019n\u0131n y\u00f6netti\u011fi Pera Filarmoni Orkestras\u0131 ile \u201cA\u015fk\u0131 Bulacaks\u0131n\u201d adl\u0131 senfonik konserle \u0130zmirliler ile bir araya geldi. \u015eevval Sam, \u0130zmir&#8217;de ilk defa ger\u00e7ekle\u015ftirilen bu senfonik performans i\u00e7in \u00f6zel bir repertuvar haz\u0131rlayarak seyircinin kar\u015f\u0131s\u0131na \u00e7\u0131kt\u0131. Sahnedeki m\u00fczik performans\u0131n\u0131n yan\u0131 s\u0131ra esprileriyle de dikkat \u00e7eken sanat\u00e7\u0131, \u201cA\u015fk\u0131 Bulacaks\u0131n\u201d, \u201c\u0130zm\u0131\u0307r&#8217;\u0131\u0307n Kavaklar\u0131\u201d, \u201cGelevera Deresi\u201d, \u201cSevmek Zaman\u0131\u201d, \u201cY\u0131ld\u0131zlar\u0131n Alt\u0131nda\u201d gibi sevilen \u015fark\u0131lar\u0131n yan\u0131 s\u0131ra farkl\u0131 k\u00fclt\u00fcrlerin ortak a\u015fk \u015fark\u0131lar\u0131ndan olu\u015fan muhte\u015fem eserler seslendirdi.<\/p>\n<p><strong>\u201cK\u00fc\u00e7\u00fckken orkestra y\u00f6netmek istemi\u015ftim\u201d<\/strong><\/p>\n<p>Sanat\u00e7\u0131n\u0131n farkl\u0131 k\u00fclt\u00fcrlerden s\u00f6yledi\u011fi \u015fark\u0131lara \u0130zmirliler hep beraber e\u015flik ederken konserde g\u00fczel s\u00fcrprizler ya\u015fand\u0131. Sam\u2019\u0131n &#8220;Ben k\u00fc\u00e7\u00fckken hep \u015fef olmak, orkestra y\u00f6netmek istedim&#8221; s\u00f6zleri \u00fczerine, orkestray\u0131 y\u00f6neten \u015fef \u0130brahim Yaz\u0131c\u0131\u00a0 &#8220;Ben de \u00e7ocukken hep \u015fark\u0131 s\u00f6ylemek istemi\u015ftim&#8221; dedi. Seyircilerin de iste\u011fi \u00fczerine ikili rolleri de\u011fi\u015fti. Sam, eline bageti alarak orkestray\u0131 y\u00f6netirken Yaz\u0131c\u0131 \u015fark\u0131 s\u00f6yledi.<\/p>\n<p><strong>\u0130zmirlilerle beraber &#8220;Zeybek Havas\u0131&#8221; yo\u011fun alk\u0131\u015f ald\u0131\u00a0<\/strong><\/p>\n<p>Yakla\u015f\u0131k iki saat s\u00fcren konserin ikinci yar\u0131s\u0131nda zeybek havas\u0131 e\u015fli\u011finde \u0130zmir&#8217;in Kavaklar\u0131 \u015fark\u0131s\u0131n\u0131 seyirci ile beraber s\u00f6yleyen sanat\u00e7\u0131, konserin sonunda \u0130zmirlilerin aras\u0131nda dola\u015farak \u015fark\u0131 s\u00f6ylemeye devam etti. Etkinli\u011fin son \u015fark\u0131s\u0131 olan &#8220;Y\u0131ld\u0131zlar\u0131n Alt\u0131nda&#8221; eserinde sanatseverler dansla \u015fark\u0131ya etti.<\/p>\n<p>Kaynak: (BYZHA) Beyaz Haber Ajans\u0131<\/p>\n","protected":false},"excerpt":{"rendered":"<p>\u0130zmir B\u00fcy\u00fck\u015fehir Belediyesi\u2019ne ba\u011fl\u0131 Ahmed Adnan Saygun Sanat Merkezi, 14 \u015eubat Sevgililer G\u00fcn\u00fc\u2019nde unutulmaz bir konsere ev sahipli\u011fi yapt\u0131.<\/p>\n","protected":false},"author":1,"featured_media":36160,"comment_status":"open","ping_status":"open","sticky":false,"template":"","format":"standard","meta":{"footnotes":""},"categories":[1],"tags":[978,592,1258,2811],"class_list":["post-36159","post","type-post","status-publish","format-standard","has-post-thumbnail","hentry","category-uncategorized","tag-izmir","tag-orkestra","tag-sanat","tag-sarki"],"_links":{"self":[{"href":"https:\/\/bihavadis.com\/index.php\/wp-json\/wp\/v2\/posts\/36159","targetHints":{"allow":["GET"]}}],"collection":[{"href":"https:\/\/bihavadis.com\/index.php\/wp-json\/wp\/v2\/posts"}],"about":[{"href":"https:\/\/bihavadis.com\/index.php\/wp-json\/wp\/v2\/types\/post"}],"author":[{"embeddable":true,"href":"https:\/\/bihavadis.com\/index.php\/wp-json\/wp\/v2\/users\/1"}],"replies":[{"embeddable":true,"href":"https:\/\/bihavadis.com\/index.php\/wp-json\/wp\/v2\/comments?post=36159"}],"version-history":[{"count":1,"href":"https:\/\/bihavadis.com\/index.php\/wp-json\/wp\/v2\/posts\/36159\/revisions"}],"predecessor-version":[{"id":36161,"href":"https:\/\/bihavadis.com\/index.php\/wp-json\/wp\/v2\/posts\/36159\/revisions\/36161"}],"wp:featuredmedia":[{"embeddable":true,"href":"https:\/\/bihavadis.com\/index.php\/wp-json\/wp\/v2\/media\/36160"}],"wp:attachment":[{"href":"https:\/\/bihavadis.com\/index.php\/wp-json\/wp\/v2\/media?parent=36159"}],"wp:term":[{"taxonomy":"category","embeddable":true,"href":"https:\/\/bihavadis.com\/index.php\/wp-json\/wp\/v2\/categories?post=36159"},{"taxonomy":"post_tag","embeddable":true,"href":"https:\/\/bihavadis.com\/index.php\/wp-json\/wp\/v2\/tags?post=36159"}],"curies":[{"name":"wp","href":"https:\/\/api.w.org\/{rel}","templated":true}]}}