{"id":36194,"date":"2026-02-18T02:39:10","date_gmt":"2026-02-18T02:39:10","guid":{"rendered":"https:\/\/bihavadis.com\/?p=36194"},"modified":"2026-02-18T02:39:10","modified_gmt":"2026-02-18T02:39:10","slug":"islam-isbirligi-teskilatinin-ulastirma-bakanlari-40-yil-aradan-sonra-istanbulda-bulusuyor","status":"publish","type":"post","link":"https:\/\/bihavadis.com\/index.php\/2026\/02\/18\/islam-isbirligi-teskilatinin-ulastirma-bakanlari-40-yil-aradan-sonra-istanbulda-bulusuyor\/","title":{"rendered":"\u0130slam \u0130\u015fbirli\u011fi Te\u015fkilat\u0131&#8217;n\u0131n ula\u015ft\u0131rma bakanlar\u0131 40 y\u0131l aradan sonra \u0130stanbul&#8217;da bulu\u015fuyor"},"content":{"rendered":"<p>\u0130stanbul&#8217;da kritik zirve&#8230;<\/p>\n<p>\u0130slam \u0130\u015fbirli\u011fi Te\u015fkilat\u0131&#8217;nda yer alan \u00fclkeler, yak\u0131n temaslar\u0131n\u0131 s\u00fcrd\u00fcr\u00fcyor.\u00a0<\/p>\n<p>Bu kapsamda T\u00fcrkiye&#8217;nin ev sahipli\u011finde \u00f6nemli bir zirve ger\u00e7ekle\u015ftirilecek.\u00a0<\/p>\n<p><strong>ULA\u015eTIRMA BAKANLARI \u0130STANBUL&#8217;DA BULU\u015eUYOR<\/strong><\/p>\n<p>\u0130stanbul\u2019da 11-12 \u015eubat\u2019ta d\u00fczenlenecek\u00a0\u0130slam \u0130\u015fbirli\u011fi Te\u015fkilat\u0131 2. Ula\u015ft\u0131rma Bakanlar\u0131 Toplant\u0131s\u0131 kapsam\u0131nda, \u00fcye \u00fclkeler aras\u0131nda ula\u015ft\u0131rma alan\u0131ndaki i\u015f birli\u011fi ba\u015fl\u0131klar\u0131 ele al\u0131nacak.\u00a0<\/p>\n<p>\u0130slam \u0130\u015fbirli\u011fi Te\u015fkilat\u0131 \u00fclkeleri ula\u015ft\u0131rma bakanlar\u0131, 40 y\u0131l sonra \u0130stanbul\u2019da toplanacak.<\/p>\n<p><img decoding=\"async\" src=\"https:\/\/bihavadis.com\/wp-content\/uploads\/2026\/02\/islam-isbirligi-teskilatinin-ulastirma-bakanlari-40-yil-aradan-sonra-istanbulda-bulusuyor-0-3GW1nYOx.jpg\"\/><\/p>\n<p><strong>&#8220;\u00d6NEML\u0130 B\u0130R PLATFORM&#8221;<\/strong><\/p>\n<p>Toplant\u0131 hakk\u0131nda a\u00e7\u0131klamada bulunan Ula\u015ft\u0131rma ve Altyap\u0131 Bakan\u0131  Abdulkadir Uralo\u011fu, <em><b>&#8220;Toplant\u0131, \u0130slam \u0130\u015fbirli\u011fi Te\u015fkilat\u0131\u2019na \u00fcye \u00fclkeler aras\u0131nda ula\u015ft\u0131rma alan\u0131ndaki i\u015f birli\u011finin geli\u015ftirilmesi ve mevcut projelerin de\u011ferlendirilmesi a\u00e7\u0131s\u0131ndan \u00f6nemli bir platform olu\u015fturacak.&#8221;<\/b><\/em> dedi.<\/p>\n<p><strong>D\u00dcNYA LOJ\u0130ST\u0130\u011e\u0130N\u0130N MERKEZ\u0130 T\u00dcRK\u0130YE<\/strong><\/p>\n<p>D\u00fcnya lojisti\u011finin merkezi olarak bilinin T\u00fcrkiye, \u00f6nemli bir toplant\u0131ya ev sahipli\u011fi yapacak.<\/p>\n<p>Ula\u015ft\u0131rma yat\u0131r\u0131mlar\u0131 konusunda bir\u00e7ok \u00fclke ile yak\u0131n i\u015f birli\u011fi i\u00e7erisinde bulunan T\u00fcrkiye&#8217;nin, toplant\u0131 ile beraber yat\u0131r\u0131mlar\u0131n\u0131 daha da geni\u015fletmesi bekleniyor.\u00a0<\/p>\n<p><img decoding=\"async\" src=\"https:\/\/bihavadis.com\/wp-content\/uploads\/2026\/02\/islam-isbirligi-teskilatinin-ulastirma-bakanlari-40-yil-aradan-sonra-istanbulda-bulusuyor-1-DUxiBvfX.jpg\"\/><\/p>\n<p><strong>\u00d6NEML\u0130 TEMASLARDA BULUNACAK<\/strong><\/p>\n<p>Uralo\u011flu, program kapsam\u0131nda ikili ve \u00e7ok tarafl\u0131 temaslar ger\u00e7ekle\u015ftirecek.<\/p>\n<p>Bu \u00e7er\u00e7evede, \u0130ran ve \u00d6zbekistan ile \u00fc\u00e7l\u00fc formatta bir toplant\u0131 yap\u0131lacak. Bakan Uralo\u011flu\u2019nun ayr\u0131ca Fas, Cibuti, Moritanya, Brunei, Bosna Hersek, \u0130ran, Suudi Arabistan, Libya, Kamerun, Fildi\u015fi Sahilleri ve Sudan ula\u015ft\u0131rma bakanlar\u0131yla ikili g\u00f6r\u00fc\u015fmeler ger\u00e7ekle\u015ftirmesi bekleniyor.<\/p>\n<p><strong>AFR\u0130KA \u0130LE \u0130L\u0130\u015eK\u0130LER GEL\u0130\u015e\u0130YOR<\/strong><\/p>\n<p>Fildi\u015fi Sahilleri ile yap\u0131lacak g\u00f6r\u00fc\u015fme kapsam\u0131nda Afrika Mutabakat Zapt\u0131\u2019na Kat\u0131l\u0131m Belgesi\u2019nin imzalanmas\u0131 \u00f6ng\u00f6r\u00fcl\u00fcyor.\u00a0<\/p>\n<p><img decoding=\"async\" src=\"https:\/\/bihavadis.com\/wp-content\/uploads\/2026\/02\/islam-isbirligi-teskilatinin-ulastirma-bakanlari-40-yil-aradan-sonra-istanbulda-bulusuyor-2-ysFvp2iJ.jpg\"\/><\/p>\n<p><strong>T\u00dcRK\u0130YE&#8217;N\u0130N ALTYAPI YATIRIMLARI<\/strong><\/p>\n<p>T\u00fcrkiye yapt\u0131\u011f\u0131 ula\u015f\u0131m ve altyap\u0131 \u00e7al\u0131\u015fmalar\u0131 ile ad\u0131ndan s\u00f6z ettiriyor.\u00a0<\/p>\n<p>Bakan Uralo\u011flu \u00f6nderli\u011finde yap\u0131lan \u00e7al\u0131\u015fmalar ile T\u00fcrkiye&#8217;nin bir\u00e7ok noktas\u0131nda olu\u015fturulan yap\u0131lar d\u00fcnyaya a\u00e7\u0131l\u0131yor.\u00a0<\/p>\n<p><strong>ZENGEZUR KOR\u0130DORU&#8217;NUN \u00d6NEM\u0130<\/strong><\/p>\n<p>Ula\u015ft\u0131rma ve Altyap\u0131 Bakan\u0131 Abdulkadir Uralo\u011flu, Zengezur Koridoru&#8217;nun \u00f6nemli bir par\u00e7as\u0131 olacak Kars-I\u011fd\u0131r-Aral\u0131k-Dilucu Demir Yolu Hatt\u0131&#8217;nda temelinin at\u0131ld\u0131\u011f\u0131n\u0131 duyurmu\u015ftu.\u00a0<\/p>\n<p>Bakan Uralo\u011flu, 224 kilometrelik hatt\u0131n Zengezur Koridoru\u2019nun \u00f6nemli bir par\u00e7as\u0131 oldu\u011funu belirterek <em><b>&#8220;Zengezur Koridoru\u2019nun i\u015flerlik kazanmas\u0131yla birlikte Pekin\u2019den Londra\u2019ya kadar uzanan do\u011fu-bat\u0131 hatt\u0131 daha verimli i\u015fleyecek.&#8221;<\/b><\/em> demi\u015fti.\u00a0<\/p>\n<p><img decoding=\"async\" src=\"https:\/\/bihavadis.com\/wp-content\/uploads\/2026\/02\/islam-isbirligi-teskilatinin-ulastirma-bakanlari-40-yil-aradan-sonra-istanbulda-bulusuyor-3-I7E98Rra.jpg\"\/><\/p>\n<p><strong>KALKINMA YOLU<\/strong><\/p>\n<p>T\u00fcrkiye, Irak, Katar ve BAE aras\u0131nda imzalanan Kalk\u0131nma Yolu Projesi ile b\u00f6lgesel ticarette yeni bir kap\u0131 a\u00e7\u0131l\u0131yor.\u00a0<\/p>\n<p>\u00d6te yandan, maliyeti yakla\u015f\u0131k 20 milyar dolar olan projenin, plana g\u00f6re 2029&#8217;a kadar tamamlanmas\u0131 bekleniyor.<\/p>\n<p><img decoding=\"async\" src=\"https:\/\/bihavadis.com\/wp-content\/uploads\/2026\/02\/islam-isbirligi-teskilatinin-ulastirma-bakanlari-40-yil-aradan-sonra-istanbulda-bulusuyor-4-iewSrLTz.jpg\"\/><\/p>\n","protected":false},"excerpt":{"rendered":"<p>\u0130slam \u0130\u015fbirli\u011fi Te\u015fkilat\u0131 \u00fclkelerinin ula\u015ft\u0131rma bakanlar\u0131 \u0130stanbul\u2019da 11-12 \u015eubat\u2019ta d\u00fczenlenecek \u0130\u0130T 2. Ula\u015ft\u0131rma Bakanlar\u0131 Toplant\u0131s\u0131 kapsam\u0131nda bir araya gelirken programda Ula\u015ft\u0131rma ve Altyap\u0131 Bakan\u0131  Abdulkadir Uralo\u011flu&#8217;nun \u00f6nemli temaslarda bulunmas\u0131 bekleniyor.<\/p>\n","protected":false},"author":1,"featured_media":36195,"comment_status":"open","ping_status":"open","sticky":false,"template":"","format":"standard","meta":{"footnotes":""},"categories":[9,13],"tags":[436,395,1058,197,5215],"class_list":["post-36194","post","type-post","status-publish","format-standard","has-post-thumbnail","hentry","category-genel","category-son-dakika","tag-bakan","tag-is","tag-toplanti","tag-turkiye","tag-ulastirma"],"_links":{"self":[{"href":"https:\/\/bihavadis.com\/index.php\/wp-json\/wp\/v2\/posts\/36194","targetHints":{"allow":["GET"]}}],"collection":[{"href":"https:\/\/bihavadis.com\/index.php\/wp-json\/wp\/v2\/posts"}],"about":[{"href":"https:\/\/bihavadis.com\/index.php\/wp-json\/wp\/v2\/types\/post"}],"author":[{"embeddable":true,"href":"https:\/\/bihavadis.com\/index.php\/wp-json\/wp\/v2\/users\/1"}],"replies":[{"embeddable":true,"href":"https:\/\/bihavadis.com\/index.php\/wp-json\/wp\/v2\/comments?post=36194"}],"version-history":[{"count":1,"href":"https:\/\/bihavadis.com\/index.php\/wp-json\/wp\/v2\/posts\/36194\/revisions"}],"predecessor-version":[{"id":36201,"href":"https:\/\/bihavadis.com\/index.php\/wp-json\/wp\/v2\/posts\/36194\/revisions\/36201"}],"wp:featuredmedia":[{"embeddable":true,"href":"https:\/\/bihavadis.com\/index.php\/wp-json\/wp\/v2\/media\/36195"}],"wp:attachment":[{"href":"https:\/\/bihavadis.com\/index.php\/wp-json\/wp\/v2\/media?parent=36194"}],"wp:term":[{"taxonomy":"category","embeddable":true,"href":"https:\/\/bihavadis.com\/index.php\/wp-json\/wp\/v2\/categories?post=36194"},{"taxonomy":"post_tag","embeddable":true,"href":"https:\/\/bihavadis.com\/index.php\/wp-json\/wp\/v2\/tags?post=36194"}],"curies":[{"name":"wp","href":"https:\/\/api.w.org\/{rel}","templated":true}]}}