{"id":36202,"date":"2026-02-18T02:42:08","date_gmt":"2026-02-18T02:42:08","guid":{"rendered":"https:\/\/bihavadis.com\/?p=36202"},"modified":"2026-02-18T02:42:08","modified_gmt":"2026-02-18T02:42:08","slug":"baskan-kul-mazlumlarin-acisini-yuregimizde-yasiyoruz","status":"publish","type":"post","link":"https:\/\/bihavadis.com\/index.php\/2026\/02\/18\/baskan-kul-mazlumlarin-acisini-yuregimizde-yasiyoruz\/","title":{"rendered":"Ba\u015fkan Kul: &#8220;Mazlumlar\u0131n ac\u0131s\u0131n\u0131 y\u00fcre\u011fimizde ya\u015f\u0131yoruz&#8221;"},"content":{"rendered":"<p>Terme Belediye Ba\u015fkan\u0131 \u015eenol Kul, &#8220;\u0130slam co\u011frafyas\u0131n\u0131n d\u00f6rt bir yan\u0131nda zul\u00fcm alt\u0131nda inleyen karde\u015flerimizin ac\u0131s\u0131n\u0131 da y\u00fcre\u011fimizde hissediyoruz&#8221; dedi.<\/p>\n<p>Terme Belediye Ba\u015fkan\u0131 \u015eenol Kul, Berat Kandili dolay\u0131s\u0131yla belediye personeli ve o s\u0131rada belediyede bulunan vatanda\u015flarla bir araya gelerek kandillerini kutlad\u0131. Mesai arkada\u015flar\u0131na ve vatanda\u015flara lokma ikram\u0131nda bulunan Ba\u015fkan Kul, &#8220;Biz b\u00fcy\u00fck bir aileyiz. Berat Kandili birli\u011fimizi, beraberli\u011fimizi ve karde\u015flik ba\u011flar\u0131m\u0131z\u0131 peki\u015ftirsin&#8221; diye konu\u015ftu.<\/p>\n<p>Ba\u015fkan Kul, dualar\u0131n\u0131n merkezinde zul\u00fcm alt\u0131ndaki M\u00fcsl\u00fcmanlar\u0131n oldu\u011funu belirterek, &#8220;Bu m\u00fcbarek gecede r\u0131z\u0131k, \u015fifa ve af dilerken \u015fehrimizin birli\u011fi ve \u00fclkemizin dirli\u011fi i\u00e7in dua ediyoruz. Ancak \u0130slam co\u011frafyas\u0131n\u0131n d\u00f6rt bir yan\u0131nda zul\u00fcm alt\u0131nda inleyen karde\u015flerimizin ac\u0131s\u0131n\u0131 da y\u00fcre\u011fimizde hissediyoruz. Bu gecenin h\u00fcrmetine akan kan\u0131n durmas\u0131n\u0131, mazlumlar\u0131n feraha kavu\u015fmas\u0131n\u0131 niyaz ediyorum&#8221; \u015feklinde konu\u015ftu. &#8211; SAMSUN<\/p>\n","protected":false},"excerpt":{"rendered":"<p>Terme Belediye Ba\u015fkan\u0131 \u015eenol Kul, Berat Kandili dolay\u0131s\u0131yla yapt\u0131\u011f\u0131 a\u00e7\u0131klamada, zul\u00fcm alt\u0131ndaki M\u00fcsl\u00fcmanlar\u0131n ac\u0131s\u0131n\u0131 y\u00fcre\u011finde hissetti\u011fini belirtti. Kandil vesilesiyle birlik ve beraberli\u011fin \u00f6nemine vurgu yapt\u0131.<\/p>\n","protected":false},"author":1,"featured_media":36203,"comment_status":"open","ping_status":"open","sticky":false,"template":"","format":"standard","meta":{"footnotes":""},"categories":[12],"tags":[],"class_list":["post-36202","post","type-post","status-publish","format-standard","has-post-thumbnail","hentry","category-siyaset"],"_links":{"self":[{"href":"https:\/\/bihavadis.com\/index.php\/wp-json\/wp\/v2\/posts\/36202","targetHints":{"allow":["GET"]}}],"collection":[{"href":"https:\/\/bihavadis.com\/index.php\/wp-json\/wp\/v2\/posts"}],"about":[{"href":"https:\/\/bihavadis.com\/index.php\/wp-json\/wp\/v2\/types\/post"}],"author":[{"embeddable":true,"href":"https:\/\/bihavadis.com\/index.php\/wp-json\/wp\/v2\/users\/1"}],"replies":[{"embeddable":true,"href":"https:\/\/bihavadis.com\/index.php\/wp-json\/wp\/v2\/comments?post=36202"}],"version-history":[{"count":1,"href":"https:\/\/bihavadis.com\/index.php\/wp-json\/wp\/v2\/posts\/36202\/revisions"}],"predecessor-version":[{"id":36204,"href":"https:\/\/bihavadis.com\/index.php\/wp-json\/wp\/v2\/posts\/36202\/revisions\/36204"}],"wp:featuredmedia":[{"embeddable":true,"href":"https:\/\/bihavadis.com\/index.php\/wp-json\/wp\/v2\/media\/36203"}],"wp:attachment":[{"href":"https:\/\/bihavadis.com\/index.php\/wp-json\/wp\/v2\/media?parent=36202"}],"wp:term":[{"taxonomy":"category","embeddable":true,"href":"https:\/\/bihavadis.com\/index.php\/wp-json\/wp\/v2\/categories?post=36202"},{"taxonomy":"post_tag","embeddable":true,"href":"https:\/\/bihavadis.com\/index.php\/wp-json\/wp\/v2\/tags?post=36202"}],"curies":[{"name":"wp","href":"https:\/\/api.w.org\/{rel}","templated":true}]}}