{"id":36222,"date":"2026-02-18T02:57:09","date_gmt":"2026-02-18T02:57:09","guid":{"rendered":"https:\/\/bihavadis.com\/?p=36222"},"modified":"2026-02-18T02:57:09","modified_gmt":"2026-02-18T02:57:09","slug":"besiktasta-basaksehir-macinin-hazirliklari-devam-etti","status":"publish","type":"post","link":"https:\/\/bihavadis.com\/index.php\/2026\/02\/18\/besiktasta-basaksehir-macinin-hazirliklari-devam-etti\/","title":{"rendered":"Be\u015fikta\u015f&#8217;ta Ba\u015fak\u015fehir ma\u00e7\u0131n\u0131n haz\u0131rl\u0131klar\u0131 devam etti"},"content":{"rendered":"<p>Be\u015fikta\u015f, S\u00fcper Lig&#8217;in 22. haftas\u0131nda 15 \u015eubat Pazar g\u00fcn\u00fc deplasmanda Ba\u015fak\u015fehir ile yapaca\u011f\u0131 ma\u00e7\u0131n haz\u0131rl\u0131klar\u0131na bir g\u00fcnl\u00fck iznin ard\u0131ndan devam etti.<\/p>\n<p>Siyah-beyazl\u0131 kul\u00fcpten yap\u0131lan a\u00e7\u0131klamaya g\u00f6re, BJK Nevzat Demir Tesisleri&#8217;nde teknik direkt\u00f6r Sergen Yal\u00e7\u0131n y\u00f6netiminde ger\u00e7ekle\u015ftirilen antrenman, 1 saat 20 dakika s\u00fcrd\u00fc.<\/p>\n<p><strong>\u00c7\u0130FT KALE MA\u00c7LA SONA ERD\u0130<\/strong><\/p>\n<p>Is\u0131nma ko\u015fular\u0131yla ba\u015flayan idman, pas \u00e7al\u0131\u015fmas\u0131n\u0131n ard\u0131ndan dar alanda oynanan \u00e7ift kale ma\u00e7larla tamamland\u0131.<\/p>\n<p><img decoding=\"async\" src=\"https:\/\/bihavadis.com\/wp-content\/uploads\/2026\/02\/besiktasta-basaksehir-macinin-hazirliklari-devam-etti-0-GPmQXZ5A.jpg\"\/><\/p>\n<p><img decoding=\"async\" src=\"https:\/\/bihavadis.com\/wp-content\/uploads\/2026\/02\/besiktasta-basaksehir-macinin-hazirliklari-devam-etti-1-Am3f6Ey4.jpg\"\/><\/p>\n<p><img decoding=\"async\" src=\"https:\/\/bihavadis.com\/wp-content\/uploads\/2026\/02\/besiktasta-basaksehir-macinin-hazirliklari-devam-etti-2-zjm46J9T.jpg\"\/><\/p>\n<p><img decoding=\"async\" src=\"https:\/\/bihavadis.com\/wp-content\/uploads\/2026\/02\/besiktasta-basaksehir-macinin-hazirliklari-devam-etti-3-GPdS8khn.jpg\"\/><\/p>\n","protected":false},"excerpt":{"rendered":"<p>Sergen Yal\u00e7\u0131n y\u00f6netimindeki Be\u015fikta\u015f, Ba\u015fak\u015fehir ile deplasmanda oynayaca\u011f\u0131 S\u00fcper Lig ma\u00e7\u0131n\u0131n haz\u0131rl\u0131klar\u0131n\u0131 s\u00fcrd\u00fcrd\u00fc.<\/p>\n","protected":false},"author":1,"featured_media":36223,"comment_status":"open","ping_status":"open","sticky":false,"template":"","format":"standard","meta":{"footnotes":""},"categories":[14],"tags":[],"class_list":["post-36222","post","type-post","status-publish","format-standard","has-post-thumbnail","hentry","category-spor"],"_links":{"self":[{"href":"https:\/\/bihavadis.com\/index.php\/wp-json\/wp\/v2\/posts\/36222","targetHints":{"allow":["GET"]}}],"collection":[{"href":"https:\/\/bihavadis.com\/index.php\/wp-json\/wp\/v2\/posts"}],"about":[{"href":"https:\/\/bihavadis.com\/index.php\/wp-json\/wp\/v2\/types\/post"}],"author":[{"embeddable":true,"href":"https:\/\/bihavadis.com\/index.php\/wp-json\/wp\/v2\/users\/1"}],"replies":[{"embeddable":true,"href":"https:\/\/bihavadis.com\/index.php\/wp-json\/wp\/v2\/comments?post=36222"}],"version-history":[{"count":1,"href":"https:\/\/bihavadis.com\/index.php\/wp-json\/wp\/v2\/posts\/36222\/revisions"}],"predecessor-version":[{"id":36228,"href":"https:\/\/bihavadis.com\/index.php\/wp-json\/wp\/v2\/posts\/36222\/revisions\/36228"}],"wp:featuredmedia":[{"embeddable":true,"href":"https:\/\/bihavadis.com\/index.php\/wp-json\/wp\/v2\/media\/36223"}],"wp:attachment":[{"href":"https:\/\/bihavadis.com\/index.php\/wp-json\/wp\/v2\/media?parent=36222"}],"wp:term":[{"taxonomy":"category","embeddable":true,"href":"https:\/\/bihavadis.com\/index.php\/wp-json\/wp\/v2\/categories?post=36222"},{"taxonomy":"post_tag","embeddable":true,"href":"https:\/\/bihavadis.com\/index.php\/wp-json\/wp\/v2\/tags?post=36222"}],"curies":[{"name":"wp","href":"https:\/\/api.w.org\/{rel}","templated":true}]}}