{"id":36240,"date":"2026-02-18T03:09:05","date_gmt":"2026-02-18T03:09:05","guid":{"rendered":"https:\/\/bihavadis.com\/?p=36240"},"modified":"2026-02-18T03:09:05","modified_gmt":"2026-02-18T03:09:05","slug":"epstein-dosyalarindaki-yeni-belgelerde-eski-guney-afrika-cumhurbaskani-zumanin-ismi-de-yer-aldi","status":"publish","type":"post","link":"https:\/\/bihavadis.com\/index.php\/2026\/02\/18\/epstein-dosyalarindaki-yeni-belgelerde-eski-guney-afrika-cumhurbaskani-zumanin-ismi-de-yer-aldi\/","title":{"rendered":"Epstein dosyalar\u0131ndaki yeni belgelerde eski G\u00fcney Afrika Cumhurba\u015fkan\u0131 Zuma&#8217;n\u0131n ismi de yer ald\u0131"},"content":{"rendered":"<p>ABD&#8217;de cinsel istismar su\u00e7lamalar\u0131yla tutuklu bulunurken hapishanede \u00f6len Jeffrey Epstein&#8217;a ili\u015fkin a\u00e7\u0131klanan belgelerde, eski G\u00fcney Afrika Cumhurba\u015fkan\u0131 Jacob Zuma&#8217;n\u0131n isminin ge\u00e7mesi dikkat \u00e7ekti. Zuma&#8217;n\u0131n Epstein ile 2010&#8217;da bir ak\u015fam yeme\u011fi payla\u015ft\u0131\u011f\u0131 iddia ediliyor. Zuma Vakf\u0131 ise bu iddialar\u0131 reddetti.<\/p>\n<p><b>EPSTEIN BELGELER\u0130NDE ESK\u0130 G\u00dcNEY AFR\u0130KA L\u0130DER\u0130N\u0130N DE \u0130SM\u0130 VAR<\/b><\/p>\n<p>ABD Adalet Bakan Yard\u0131mc\u0131s\u0131 Todd Blanche&#8217;\u0131n, Epstein hakk\u0131ndaki soru\u015fturmayla ilgili 3 milyondan fazla yeni dosyay\u0131 daha kamuoyuyla payla\u015ft\u0131klar\u0131n\u0131 bildirmesinin ard\u0131ndan, belgelerde Zuma&#8217;n\u0131n ismi de dikkati \u00e7ekti.<\/p>\n<p><b>RESM\u0130 Z\u0130YARETTE EPSTEIN \u0130LE BULU\u015eMU\u015e<\/b><\/p>\n<p>Belgelerde yer alan e-posta yaz\u0131\u015fmalar\u0131nda, Zuma&#8217;n\u0131n 2010&#8217;da \u0130ngiltere&#8217;ye yapt\u0131\u011f\u0131 resmi devlet ziyareti s\u0131ras\u0131nda Jeffrey Epstein ile bir ak\u015fam yeme\u011finde bir araya geldi\u011fi iddia edildi. Epstein&#8217;in yak\u0131n \u00e7evresinden Mark Lloyd taraf\u0131ndan g\u00f6nderilen ve 5 Mart 2010 tarihini ta\u015f\u0131yan bir e-postada, &#8220;G\u00fcney Afrika Cumhurba\u015fkan\u0131 Jacob Zuma i\u00e7in yar\u0131n ak\u015fam Ritz Oteli&#8217;nde k\u00fc\u00e7\u00fck bir ak\u015fam yeme\u011fi organize etmem istendi.&#8221; ifadesinin yer ald\u0131\u011f\u0131 g\u00f6r\u00fcld\u00fc.<\/p>\n<p>S\u00f6z konusu yaz\u0131\u015fmalarda, yeme\u011fe &#8220;ortama cazibe katmas\u0131&#8221; amac\u0131yla Rus bir modelin de davet edilmesinin \u00f6nerildi\u011fi ve Epstein&#8217;in bu organizasyonla bizzat ilgilendi\u011fi \u00f6ne s\u00fcr\u00fcld\u00fc.<\/p>\n<p><b>JACOB ZUMA VAKFI \u0130DD\u0130ALARI REDDETT\u0130<\/b><\/p>\n<p>Jacob Zuma Vakf\u0131 S\u00f6zc\u00fcs\u00fc Mzwanele Manyi, yapt\u0131\u011f\u0131 bas\u0131n a\u00e7\u0131klamas\u0131nda, Zuma&#8217;n\u0131n Epstein veya faaliyetleriyle herhangi bir ba\u011flant\u0131s\u0131 oldu\u011fu y\u00f6n\u00fcndeki iddialar\u0131 &#8220;temelsiz&#8221; ve &#8220;karalama kampanyas\u0131&#8221; olarak nitelendirerek reddetti.<\/p>\n<p>Manyi, Zuma&#8217;n\u0131n isminin belgelerde ge\u00e7mesinin herhangi bir su\u00e7 i\u015flendi\u011fi anlam\u0131na gelmedi\u011fini belirterek, &#8220;Zuma&#8217;y\u0131, \u00fc\u00e7\u00fcnc\u00fc bir \u015fahs\u0131n i\u015fledi\u011fi alakas\u0131z su\u00e7larla ili\u015fkilendirerek karalama giri\u015fimi etik d\u0131\u015f\u0131, sorumsuz ve entelekt\u00fcel d\u00fcr\u00fcstl\u00fckten uzak bir davran\u0131\u015ft\u0131r. Jacob Zuma Vakf\u0131, ara\u015ft\u0131rmac\u0131 gazetecilik k\u0131l\u0131f\u0131na b\u00fcr\u00fcnm\u00fc\u015f spek\u00fclatif anlat\u0131 olu\u015fturma faaliyetlerine kat\u0131lmayacakt\u0131r.&#8221; dedi.<\/p>\n<p><b>JEFFREY EPSTEIN OLAYI<\/b><\/p>\n<p>En k\u00fc\u00e7\u00fc\u011f\u00fc 14 olmak \u00fczere 18 ya\u015f alt\u0131ndaki onlarca k\u0131z \u00e7ocu\u011funa cinsel istismarda bulunmak ve fuhu\u015f a\u011f\u0131 olu\u015fturmak su\u00e7lamas\u0131yla yarg\u0131lanan Epstein, tutuklu oldu\u011fu New York Manhattan Metropolitan Merkez Hapishanesi&#8217;ndeki h\u00fccresinde 10 A\u011fustos 2019&#8217;da \u00f6l\u00fc bulunmu\u015ftu.<\/p>\n<p>A\u00e7\u0131klanan Epstein dava dosyalar\u0131nda, Prens Andrew, ABD Ba\u015fkan\u0131 Donald Trump, eski ABD Ba\u015fkan\u0131 Bill Clinton, eski \u0130srail Ba\u015fbakan\u0131 Ehud Barak, eski ABD Ba\u015fkan Yard\u0131mc\u0131s\u0131 Al Gore, akt\u00f6r Kevin Spacey, \u015fark\u0131c\u0131 Michael Jackson, ill\u00fczyonist David Copperfield, avukat Alan Dershowitz ve eski New Mexico Valisi Bill Richardson gibi \u00fcnl\u00fc isimler yer alm\u0131\u015ft\u0131.<\/p>\n<p>ABD Federal Soru\u015fturma B\u00fcrosu (FBI) da ABD Adalet Bakanl\u0131\u011f\u0131 ile yapt\u0131\u011f\u0131 inceleme sonucunda, \u00fcnl\u00fc isimlerden olu\u015fan &#8220;m\u00fc\u015fteri listesi&#8221;nin tutuldu\u011funa dair herhangi bir kan\u0131ta ula\u015f\u0131lamad\u0131\u011f\u0131n\u0131, aralar\u0131nda h\u00fck\u00fcmet yetkilileri, \u00fcnl\u00fcler ve i\u015f insanlar\u0131n\u0131n da bulundu\u011fu ki\u015filerin su\u00e7una ortak oldu\u011fu gerek\u00e7esiyle \u00f6rtbas amac\u0131yla \u00f6ld\u00fcr\u00fcld\u00fc\u011f\u00fc \u00f6ne s\u00fcr\u00fclen Epstein&#8217;\u0131n ise asl\u0131nda h\u00fccresinde intihar etti\u011fi sonucuna var\u0131ld\u0131\u011f\u0131n\u0131 a\u00e7\u0131klam\u0131\u015ft\u0131.<\/p>\n","protected":false},"excerpt":{"rendered":"<p>ABD&#8217;de re\u015fit olmayan k\u0131z \u00e7ocuklar\u0131na y\u00f6nelik cinsel istismar ve fuhu\u015f a\u011f\u0131 kurma su\u00e7lar\u0131yla tutuklu yarg\u0131lan\u0131rken hapishanede \u00f6l\u00fc bulunan milyarder Jeffrey Epstein&#8217;a ili\u015fkin a\u00e7\u0131klanan yeni belgelerde eski G\u00fcney Afrika Cumhurba\u015fkan\u0131 Jacob Zuma&#8217;n\u0131n ismi de yer ald\u0131.<\/p>\n","protected":false},"author":1,"featured_media":36241,"comment_status":"open","ping_status":"open","sticky":false,"template":"","format":"standard","meta":{"footnotes":""},"categories":[6],"tags":[272,2183,1123,286,5219],"class_list":["post-36240","post","type-post","status-publish","format-standard","has-post-thumbnail","hentry","category-dunya","tag-abd","tag-epstein","tag-eski","tag-suc","tag-zuma"],"_links":{"self":[{"href":"https:\/\/bihavadis.com\/index.php\/wp-json\/wp\/v2\/posts\/36240","targetHints":{"allow":["GET"]}}],"collection":[{"href":"https:\/\/bihavadis.com\/index.php\/wp-json\/wp\/v2\/posts"}],"about":[{"href":"https:\/\/bihavadis.com\/index.php\/wp-json\/wp\/v2\/types\/post"}],"author":[{"embeddable":true,"href":"https:\/\/bihavadis.com\/index.php\/wp-json\/wp\/v2\/users\/1"}],"replies":[{"embeddable":true,"href":"https:\/\/bihavadis.com\/index.php\/wp-json\/wp\/v2\/comments?post=36240"}],"version-history":[{"count":1,"href":"https:\/\/bihavadis.com\/index.php\/wp-json\/wp\/v2\/posts\/36240\/revisions"}],"predecessor-version":[{"id":36242,"href":"https:\/\/bihavadis.com\/index.php\/wp-json\/wp\/v2\/posts\/36240\/revisions\/36242"}],"wp:featuredmedia":[{"embeddable":true,"href":"https:\/\/bihavadis.com\/index.php\/wp-json\/wp\/v2\/media\/36241"}],"wp:attachment":[{"href":"https:\/\/bihavadis.com\/index.php\/wp-json\/wp\/v2\/media?parent=36240"}],"wp:term":[{"taxonomy":"category","embeddable":true,"href":"https:\/\/bihavadis.com\/index.php\/wp-json\/wp\/v2\/categories?post=36240"},{"taxonomy":"post_tag","embeddable":true,"href":"https:\/\/bihavadis.com\/index.php\/wp-json\/wp\/v2\/tags?post=36240"}],"curies":[{"name":"wp","href":"https:\/\/api.w.org\/{rel}","templated":true}]}}