{"id":36263,"date":"2026-02-18T03:27:07","date_gmt":"2026-02-18T03:27:07","guid":{"rendered":"https:\/\/bihavadis.com\/?p=36263"},"modified":"2026-02-18T03:27:07","modified_gmt":"2026-02-18T03:27:07","slug":"bornova-belediyesinde-esitlik-icin-guclu-adim","status":"publish","type":"post","link":"https:\/\/bihavadis.com\/index.php\/2026\/02\/18\/bornova-belediyesinde-esitlik-icin-guclu-adim\/","title":{"rendered":"Bornova Belediyesi&#8217;nde e\u015fitlik i\u00e7in g\u00fc\u00e7l\u00fc ad\u0131m"},"content":{"rendered":"<p>Bornova Belediyesi, yerel e\u015fitlik politikalar\u0131 ve kurumsal kapasite geli\u015ftirme \u00e7al\u0131\u015fmalar\u0131 kapsam\u0131nda, belediye b\u00fcnyesinde g\u00f6rev yapan personele y\u00f6nelik Toplumsal Cinsiyet E\u015fitli\u011fi (TCE) E\u011fitimi d\u00fczenledi. E\u011fitim, Nevzat Kavalar K\u00fclt\u00fcr Merkezi Meclis Salonu\u2019nda ger\u00e7ekle\u015ftirildi.<\/p>\n<p><b>E\u015fitlik\u00e7i Kamu Hizmeti Hedefi\u00a0<\/b><\/p>\n<p>S\u00f6z konusu e\u011fitimle, kamu hizmetlerinin sunumunda e\u015fitlik\u00e7i yakla\u015f\u0131m\u0131n g\u00fc\u00e7lendirilmesi, toplumsal cinsiyet e\u015fitli\u011fi konusunda belediye personelinin bilgi ve fark\u0131ndal\u0131k d\u00fczeyinin art\u0131r\u0131lmas\u0131 ama\u00e7land\u0131. E\u011fitim s\u00fcrecinde, toplumsal cinsiyet kavram\u0131, e\u015fitsizliklerin g\u00fcndelik hayattaki ve kurumsal yap\u0131lardaki yans\u0131malar\u0131 ile yerel y\u00f6netimlerin bu alandaki sorumluluklar\u0131 ele al\u0131nd\u0131.<\/p>\n<p><b>Seher G\u00fcndo\u011fan: \u201cE\u015fitlik, hizmetin niteli\u011fini art\u0131r\u0131r\u201d<\/b><\/p>\n<p>E\u011fitim, \u0130zmir Kad\u0131n Dayan\u0131\u015fma Derne\u011fi\u2019nden Seher G\u00fcndo\u011fan taraf\u0131ndan verildi. G\u00fcndo\u011fan, toplumsal cinsiyet e\u015fitli\u011finin yaln\u0131zca kad\u0131nlar\u0131n de\u011fil, t\u00fcm toplumun ya\u015fam kalitesini y\u00fckselten temel bir insan haklar\u0131 meselesi oldu\u011funa dikkat \u00e7ekti.<\/p>\n<p>Toplumsal cinsiyet e\u015fitli\u011finin kamu kurumlar\u0131nda i\u00e7selle\u015ftirilmesinin \u00f6nemine vurgu yapan G\u00fcndo\u011fan, daha \u00f6nceki a\u00e7\u0131klamalar\u0131nda da s\u0131k\u00e7a dile getirdi\u011fi \u00fczere, e\u015fitlik perspektifiyle sunulan kamu hizmetlerinin daha kapsay\u0131c\u0131, adil ve eri\u015filebilir oldu\u011funu belirtti. Yerel y\u00f6netimlerin bu alanda \u00fcstlendi\u011fi rol\u00fcn, toplumsal d\u00f6n\u00fc\u015f\u00fcm a\u00e7\u0131s\u0131ndan kritik oldu\u011funun alt\u0131n\u0131 \u00e7izdi.<\/p>\n<p><b>Ba\u015fkan E\u015fki: \u201cE\u015fitlik\u00e7i belediyecilik vazge\u00e7ilmezdir\u201d<\/b><\/p>\n<p>Bornova Belediye Ba\u015fkan\u0131 \u00d6mer E\u015fki, e\u011fitimin \u00f6nemine: \u201cToplumsal cinsiyet e\u015fitli\u011fi, demokratik ve sosyal belediyecili\u011fin temel unsurlar\u0131ndan biridir. Bornova Belediyesi olarak hem kurum i\u00e7i yap\u0131m\u0131zda hem de sundu\u011fumuz hizmetlerde e\u015fitli\u011fi esas al\u0131yoruz. Personelimizin bu alandaki fark\u0131ndal\u0131\u011f\u0131n\u0131 g\u00fc\u00e7lendirmek, daha adil ve kapsay\u0131c\u0131 bir kent hedefimizin \u00f6nemli bir par\u00e7as\u0131d\u0131r.\u201d s\u00f6zleriyle dikkat \u00e7ekti.<\/p>\n<p><b>Kat\u0131l\u0131mc\u0131lara sertifika verildi<\/b><\/p>\n<p>E\u011fitim program\u0131n\u0131n sonunda, programa kat\u0131lan belediye personeline kat\u0131l\u0131m sertifikalar\u0131 takdim edildi. Bornova Belediyesi, toplumsal cinsiyet e\u015fitli\u011fini g\u00fc\u00e7lendirmeye y\u00f6nelik e\u011fitim ve fark\u0131ndal\u0131k \u00e7al\u0131\u015fmalar\u0131n\u0131 \u00f6n\u00fcm\u00fczdeki s\u00fcre\u00e7te de s\u00fcrd\u00fcrmeyi hedefliyor.<\/p>\n<p>Kaynak: (BYZHA) Beyaz Haber Ajans\u0131<\/p>\n","protected":false},"excerpt":{"rendered":"<p>Bornova Belediyesi, yerel e\u015fitlik politikalar\u0131 ve kurumsal kapasite geli\u015ftirme \u00e7al\u0131\u015fmalar\u0131 kapsam\u0131nda, belediye b\u00fcnyesinde g\u00f6rev yapan personele y\u00f6nelik Toplumsal Cinsiyet E\u015fitli\u011fi (TCE) E\u011fitimi d\u00fczenledi. E\u011fitim, Nevzat Kavalar K\u00fclt\u00fcr Merkezi Meclis Salonu\u2019nda ger\u00e7ekle\u015ftirildi.<\/p>\n","protected":false},"author":1,"featured_media":36264,"comment_status":"open","ping_status":"open","sticky":false,"template":"","format":"standard","meta":{"footnotes":""},"categories":[4],"tags":[372,233,5221,194],"class_list":["post-36263","post","type-post","status-publish","format-standard","has-post-thumbnail","hentry","category-gundem","tag-belediye","tag-egitim","tag-esitlik","tag-toplumsal-cinsiyet-esitligi"],"_links":{"self":[{"href":"https:\/\/bihavadis.com\/index.php\/wp-json\/wp\/v2\/posts\/36263","targetHints":{"allow":["GET"]}}],"collection":[{"href":"https:\/\/bihavadis.com\/index.php\/wp-json\/wp\/v2\/posts"}],"about":[{"href":"https:\/\/bihavadis.com\/index.php\/wp-json\/wp\/v2\/types\/post"}],"author":[{"embeddable":true,"href":"https:\/\/bihavadis.com\/index.php\/wp-json\/wp\/v2\/users\/1"}],"replies":[{"embeddable":true,"href":"https:\/\/bihavadis.com\/index.php\/wp-json\/wp\/v2\/comments?post=36263"}],"version-history":[{"count":1,"href":"https:\/\/bihavadis.com\/index.php\/wp-json\/wp\/v2\/posts\/36263\/revisions"}],"predecessor-version":[{"id":36265,"href":"https:\/\/bihavadis.com\/index.php\/wp-json\/wp\/v2\/posts\/36263\/revisions\/36265"}],"wp:featuredmedia":[{"embeddable":true,"href":"https:\/\/bihavadis.com\/index.php\/wp-json\/wp\/v2\/media\/36264"}],"wp:attachment":[{"href":"https:\/\/bihavadis.com\/index.php\/wp-json\/wp\/v2\/media?parent=36263"}],"wp:term":[{"taxonomy":"category","embeddable":true,"href":"https:\/\/bihavadis.com\/index.php\/wp-json\/wp\/v2\/categories?post=36263"},{"taxonomy":"post_tag","embeddable":true,"href":"https:\/\/bihavadis.com\/index.php\/wp-json\/wp\/v2\/tags?post=36263"}],"curies":[{"name":"wp","href":"https:\/\/api.w.org\/{rel}","templated":true}]}}