{"id":36269,"date":"2026-02-18T03:33:05","date_gmt":"2026-02-18T03:33:05","guid":{"rendered":"https:\/\/bihavadis.com\/?p=36269"},"modified":"2026-02-18T03:33:05","modified_gmt":"2026-02-18T03:33:05","slug":"baskan-kinaydan-ogrencilere-mujde-karbemin-yeni-subesi-aciliyor","status":"publish","type":"post","link":"https:\/\/bihavadis.com\/index.php\/2026\/02\/18\/baskan-kinaydan-ogrencilere-mujde-karbemin-yeni-subesi-aciliyor\/","title":{"rendered":"Ba\u015fkan K\u0131nay&#8217;dan \u00d6\u011frencilere M\u00fcjde: KARBEM&#8217;in Yeni \u015eubesi A\u00e7\u0131l\u0131yor"},"content":{"rendered":"<p>Karaba\u011flar Belediyesi b\u00fcnyesinde \u00fccretsiz e\u011fitim deste\u011fi sunan KARBEM\u2019de yeni bir d\u00f6nem ba\u015fl\u0131yor. Karaba\u011flar Belediye Ba\u015fkan\u0131 Helil K\u0131nay, Sosyal Etkinlik Merkezi\u2019nin yeni \u015fubesinin \u00f6n\u00fcm\u00fczdeki g\u00fcnlerde Bar\u0131\u015f Mahallesi\u2019nde hizmete a\u00e7\u0131laca\u011f\u0131n\u0131 m\u00fcjdeledi.<\/p>\n<p>Kuruldu\u011fu g\u00fcnden bu yana f\u0131rsat e\u015fitli\u011fi temelinde \u00e7al\u0131\u015fmalar\u0131n\u0131 s\u00fcrd\u00fcren KARBEM\u2019in her y\u0131l artan ba\u015far\u0131 grafi\u011fiyle dikkat \u00e7ekti\u011fini belirten Ba\u015fkan K\u0131nay, \u201cKaraba\u011flar\u2019daki t\u00fcm \u00e7ocuklara e\u015fit gelecek ve e\u015fit f\u0131rsatlar sunmak i\u00e7in b\u00fcy\u00fck bir \u00f6zveriyle \u00e7al\u0131\u015f\u0131yoruz\u201d dedi.<\/p>\n<p><b>Birlik ve Beraberlik Vurgusu<\/b><\/p>\n<p>Ba\u015fkan K\u0131nay, KARBEM\u2019de d\u00fczenlenen ve \u00f6\u011frencilerin performanslar\u0131n\u0131n de\u011ferlendirildi\u011fi veli toplant\u0131s\u0131nda ailelerle bir araya geldi. Zor ekonomik ko\u015fullara ra\u011fmen dayan\u0131\u015fma ruhunun \u00f6nemine dikkat \u00e7eken K\u0131nay, birlik ve beraberlik vurgusu yapt\u0131.<\/p>\n<p>\u201c\u015eartlar ne kadar zor olursa olsun biz bir aileyiz. Elimizde ne varsa payla\u015f\u0131r, ekme\u011fi birlikte b\u00f6leriz\u201d diyen K\u0131nay KARBEM\u2019in Bar\u0131\u015f Mahallesi\u2019nde a\u00e7\u0131lacak olan yeni merkeziyle birlikte daha fazla \u00f6\u011frenciye ula\u015faca\u011f\u0131n\u0131 e\u011fitim deste\u011fi kapsam\u0131n\u0131n geni\u015fleyece\u011fini ifade etti.<\/p>\n<p>\u00c7ocuklar\u0131n karanl\u0131\u011fa s\u00fcr\u00fcklenmemesi i\u00e7in aileler ve e\u011fitimcilerin daha s\u0131k\u0131 kenetlenmesi gerekti\u011fini vurgulayan K\u0131nay, \u201cAnne babalar ne kadar \u00e7abalasa da bu d\u00fcnyan\u0131n zorluklar\u0131 kar\u015f\u0131s\u0131nda birbirimize daha \u00e7ok yaslanmam\u0131z gerekiyor. \u00c7ocuklar\u0131m\u0131z\u0131 hep birlikte sarmalamal\u0131, g\u00fcvenlik kabu\u011fumuzu daha s\u0131k\u0131 tutmal\u0131y\u0131z\u201d dedi.<\/p>\n<p><b>Ba\u015far\u0131 Oran\u0131 Dikkat \u00c7ekiyor<\/b><\/p>\n<p>Her y\u0131l y\u00fczlerce \u00f6\u011frencinin hayaline dokunan KARBEM\u2019de bu y\u0131l yakla\u015f\u0131k 1200 \u00f6\u011frenci e\u011fitim al\u0131yor. Tamam\u0131 \u00fccretsiz olarak sunulan kurslarda \u00f6\u011frenciler hem akademik destek al\u0131yor hem de f\u0131rsat e\u015fitli\u011fi yakal\u0131yor.<\/p>\n<p>Merkez, son a\u00e7\u0131klanan sonu\u00e7lara g\u00f6re Liselere Ge\u00e7i\u015f S\u0131nav\u0131\u2019nda(LGS) y\u00fczde 99,73, Y\u00fcksek\u00f6\u011fretim Kurumlar\u0131 S\u0131nav\u0131\u2019nda(YKS) ise y\u00fczde 81 ba\u015far\u0131 oran\u0131na ula\u015ft\u0131. Bu tablo, KARBEM\u2019in istikrarl\u0131 y\u00fckseli\u015fini bir kez daha ortaya koydu.<\/p>\n<p><b>\u00d6\u011fretmenlerden Velilere Birebir Bilgilendirme<\/b><\/p>\n<p>Toplant\u0131n\u0131n ard\u0131ndan \u00f6\u011fretmenler, velilerle birebir g\u00f6r\u00fc\u015fmeler ger\u00e7ekle\u015ftirerek \u00f6\u011frencilerin akademik durumlar\u0131 hakk\u0131nda detayl\u0131 bilgi verdi.<\/p>\n<p>Kaynak: (BYZHA) Beyaz Haber Ajans\u0131<\/p>\n","protected":false},"excerpt":{"rendered":"<p>Karaba\u011flar Belediyesi b\u00fcnyesinde \u00fccretsiz e\u011fitim deste\u011fi sunan KARBEM\u2019de yeni bir d\u00f6nem ba\u015fl\u0131yor. Karaba\u011flar Belediye Ba\u015fkan\u0131 Helil K\u0131nay, Sosyal Etkinlik Merkezi\u2019nin yeni \u015fubesinin \u00f6n\u00fcm\u00fczdeki g\u00fcnlerde Bar\u0131\u015f Mahallesi\u2019nde hizmete a\u00e7\u0131laca\u011f\u0131n\u0131 m\u00fcjdeledi.<\/p>\n","protected":false},"author":1,"featured_media":36270,"comment_status":"open","ping_status":"open","sticky":false,"template":"","format":"standard","meta":{"footnotes":""},"categories":[7],"tags":[4332,973],"class_list":["post-36269","post","type-post","status-publish","format-standard","has-post-thumbnail","hentry","category-egitim","tag-kinay","tag-ogrenci"],"_links":{"self":[{"href":"https:\/\/bihavadis.com\/index.php\/wp-json\/wp\/v2\/posts\/36269","targetHints":{"allow":["GET"]}}],"collection":[{"href":"https:\/\/bihavadis.com\/index.php\/wp-json\/wp\/v2\/posts"}],"about":[{"href":"https:\/\/bihavadis.com\/index.php\/wp-json\/wp\/v2\/types\/post"}],"author":[{"embeddable":true,"href":"https:\/\/bihavadis.com\/index.php\/wp-json\/wp\/v2\/users\/1"}],"replies":[{"embeddable":true,"href":"https:\/\/bihavadis.com\/index.php\/wp-json\/wp\/v2\/comments?post=36269"}],"version-history":[{"count":1,"href":"https:\/\/bihavadis.com\/index.php\/wp-json\/wp\/v2\/posts\/36269\/revisions"}],"predecessor-version":[{"id":36271,"href":"https:\/\/bihavadis.com\/index.php\/wp-json\/wp\/v2\/posts\/36269\/revisions\/36271"}],"wp:featuredmedia":[{"embeddable":true,"href":"https:\/\/bihavadis.com\/index.php\/wp-json\/wp\/v2\/media\/36270"}],"wp:attachment":[{"href":"https:\/\/bihavadis.com\/index.php\/wp-json\/wp\/v2\/media?parent=36269"}],"wp:term":[{"taxonomy":"category","embeddable":true,"href":"https:\/\/bihavadis.com\/index.php\/wp-json\/wp\/v2\/categories?post=36269"},{"taxonomy":"post_tag","embeddable":true,"href":"https:\/\/bihavadis.com\/index.php\/wp-json\/wp\/v2\/tags?post=36269"}],"curies":[{"name":"wp","href":"https:\/\/api.w.org\/{rel}","templated":true}]}}