{"id":36304,"date":"2026-02-18T03:57:11","date_gmt":"2026-02-18T03:57:11","guid":{"rendered":"https:\/\/bihavadis.com\/?p=36304"},"modified":"2026-02-18T03:57:11","modified_gmt":"2026-02-18T03:57:11","slug":"cumhurbaskani-erdogan-yunanistan-basbakani-kiryakos-micotakisi-bestepede-kabul-etti","status":"publish","type":"post","link":"https:\/\/bihavadis.com\/index.php\/2026\/02\/18\/cumhurbaskani-erdogan-yunanistan-basbakani-kiryakos-micotakisi-bestepede-kabul-etti\/","title":{"rendered":"Cumhurba\u015fkan\u0131 Erdo\u011fan, Yunanistan Ba\u015fbakan\u0131 Kiryakos Mi\u00e7otakis&#8217;i Be\u015ftepe&#8217;de kabul etti"},"content":{"rendered":"<p>Be\u015ftepe&#8217;de kritik g\u00f6r\u00fc\u015fme&#8230;<\/p>\n<p>T\u00fcrkiye-Yunanistan 6&#8217;nc\u0131 Y\u00fcksek D\u00fczeyli \u0130\u015fbirli\u011fi Konseyi kapsam\u0131nda T\u00fcrkiye&#8217;yi ziyaret edecek olan Yunanistan Ba\u015fbakan\u0131 Kiryakos Mi\u00e7otakis, Cumhurba\u015fkan\u0131 Recep Tayyip Erdo\u011fan ile g\u00f6r\u00fc\u015fmek \u00fczere Ankara&#8217;ya geldi.<\/p>\n<p>Daha sonra Be\u015ftepe&#8217;de bulunan Cumhurba\u015fkanl\u0131\u011f\u0131 K\u00fclliyesi&#8217;ne ge\u00e7en Mi\u00e7otakis,<span>\u00a0burada Cumhurba\u015fkan\u0131 Erdo\u011fan taraf\u0131ndan resmi t\u00f6renle kar\u015f\u0131land\u0131.\u00a0<\/span><\/p>\n<p><strong>GAZETEC\u0130LERE POZ VERD\u0130LER<\/strong><\/p>\n<p>T\u00f6ren s\u0131ras\u0131nda Erdo\u011fan ve Mi\u00e7otakis birbirlerine heyetlerini takdim etti.\u00a0<\/p>\n<p>Bas\u0131n mensuplar\u0131na poz veren iki lider daha sonra ikili g\u00f6r\u00fc\u015fme i\u00e7in i\u00e7eri ge\u00e7ti.\u00a0<\/p>\n<p><img decoding=\"async\" src=\"https:\/\/bihavadis.com\/wp-content\/uploads\/2026\/02\/cumhurbaskani-erdogan-yunanistan-basbakani-kiryakos-micotakisi-bestepede-kabul-etti-0-FHluUDOA.jpg\"\/><\/p>\n<p><strong>\u0130K\u0130L\u0130 \u0130L\u0130\u015eK\u0130LER VE B\u00d6LGESEL KONULAR G\u00dcNDEMDE<\/strong><\/p>\n<p>Erdo\u011fan ile Mi\u00e7otakis, b\u00f6lgesel ve k\u00fcresel geli\u015fmelerle ilgili g\u00f6r\u00fc\u015f al\u0131\u015fveri\u015finde de bulunacak.<\/p>\n<p>Erdo\u011fan ile Mi\u00e7otakis g\u00f6r\u00fc\u015fmesinde, ikili m\u00fcnasebetlerin yan\u0131 s\u0131ra b\u00f6lgesel ve k\u00fcresel geli\u015fmeler hakk\u0131nda g\u00f6r\u00fc\u015f al\u0131\u015fveri\u015finde bulunulmas\u0131 \u00f6ng\u00f6r\u00fcl\u00fcyor.<\/p>\n<p><img decoding=\"async\" src=\"https:\/\/bihavadis.com\/wp-content\/uploads\/2026\/02\/cumhurbaskani-erdogan-yunanistan-basbakani-kiryakos-micotakisi-bestepede-kabul-etti-1-JtDnhfvR.jpg\"\/><\/p>\n<p><strong>BAZI ANLA\u015eMALARIN \u0130MZALANMASI BEKLEN\u0130YOR<\/strong><\/p>\n<p>\u0130hracat\u00e7\u0131 konumunu s\u00fcrd\u00fcren T\u00fcrkiye&#8217;nin Yunanistan ile aras\u0131ndaki\u00a0ticaret\u00a0hacminde art\u0131\u015f devam ediyor.<\/p>\n<p>Yunanistan ile ikili ticaret ge\u00e7en y\u0131l 6,7 milyar\u00a0dolar\u00a0oldu.\u00a0<\/p>\n<p>Hedef ise 10 milyar dolara ula\u015f\u0131lmas\u0131.<\/p>\n<p>Bu kapsamda, Be\u015ftepe&#8217;deki bulu\u015fmada \u00e7e\u015fitli alanlarda i\u015f birli\u011fi anla\u015fmalar\u0131n\u0131n imza alt\u0131na al\u0131nmas\u0131 bekleniyor.<\/p>\n<p><img decoding=\"async\" src=\"https:\/\/bihavadis.com\/wp-content\/uploads\/2026\/02\/cumhurbaskani-erdogan-yunanistan-basbakani-kiryakos-micotakisi-bestepede-kabul-etti-2-P71XEr3f.jpg\"\/><\/p>\n<p><strong>HEYETLARARASI G\u00d6R\u00dc\u015eME DE OLACAK<\/strong><\/p>\n<p>\u0130kili g\u00f6r\u00fc\u015fmenin ard\u0131ndan heyetlerin de kat\u0131laca\u011f\u0131 Y\u00fcksek D\u00fczeyli \u0130\u015fbirli\u011fi Konseyi\u2019nin 6&#8217;nc\u0131 toplant\u0131s\u0131 ger\u00e7ekle\u015ftirilecek.<\/p>\n<p>Cumhurba\u015fkan\u0131 Erdo\u011fan&#8217;\u0131n Aral\u0131k 2023&#8217;te Atina&#8217;ya yapt\u0131\u011f\u0131 ziyaret, iki \u00fclke aras\u0131nda yeni bir d\u00f6nemi ba\u015flatm\u0131\u015f, <em><b>&#8220;Dostane \u0130li\u015fkiler ve \u0130yi Kom\u015fuluk Hakk\u0131nda Atina Bildirgesi&#8221;<\/b><\/em> a\u00e7\u0131klanm\u0131\u015ft\u0131.<\/p>\n<p><img decoding=\"async\" src=\"https:\/\/bihavadis.com\/wp-content\/uploads\/2026\/02\/cumhurbaskani-erdogan-yunanistan-basbakani-kiryakos-micotakisi-bestepede-kabul-etti-3-X1c8KsqM.jpg\"\/><\/p>\n<p><img decoding=\"async\" src=\"https:\/\/bihavadis.com\/wp-content\/uploads\/2026\/02\/cumhurbaskani-erdogan-yunanistan-basbakani-kiryakos-micotakisi-bestepede-kabul-etti-4-TwH95MzP.jpg\"\/><\/p>\n<p><img decoding=\"async\" src=\"https:\/\/bihavadis.com\/wp-content\/uploads\/2026\/02\/cumhurbaskani-erdogan-yunanistan-basbakani-kiryakos-micotakisi-bestepede-kabul-etti-5-r3sQEkcq.jpg\"\/><\/p>\n","protected":false},"excerpt":{"rendered":"<p>Cumhurba\u015fkan\u0131 Recep Tayyip Erdo\u011fan, Cumhurba\u015fkanl\u0131\u011f\u0131 K\u00fclliyesi&#8217;nde Yunanistan Ba\u015fbakan\u0131 Kiryakos Mi\u00e7otakis&#8217;i resmi t\u00f6renle kar\u015f\u0131larken iki lider daha sonra ikili g\u00f6r\u00fc\u015fmeye ge\u00e7ti.<\/p>\n","protected":false},"author":1,"featured_media":36305,"comment_status":"open","ping_status":"open","sticky":false,"template":"","format":"standard","meta":{"footnotes":""},"categories":[9,13],"tags":[1526,435,3513],"class_list":["post-36304","post","type-post","status-publish","format-standard","has-post-thumbnail","hentry","category-genel","category-son-dakika","tag-erdogan","tag-gorusme","tag-micotakis"],"_links":{"self":[{"href":"https:\/\/bihavadis.com\/index.php\/wp-json\/wp\/v2\/posts\/36304","targetHints":{"allow":["GET"]}}],"collection":[{"href":"https:\/\/bihavadis.com\/index.php\/wp-json\/wp\/v2\/posts"}],"about":[{"href":"https:\/\/bihavadis.com\/index.php\/wp-json\/wp\/v2\/types\/post"}],"author":[{"embeddable":true,"href":"https:\/\/bihavadis.com\/index.php\/wp-json\/wp\/v2\/users\/1"}],"replies":[{"embeddable":true,"href":"https:\/\/bihavadis.com\/index.php\/wp-json\/wp\/v2\/comments?post=36304"}],"version-history":[{"count":1,"href":"https:\/\/bihavadis.com\/index.php\/wp-json\/wp\/v2\/posts\/36304\/revisions"}],"predecessor-version":[{"id":36312,"href":"https:\/\/bihavadis.com\/index.php\/wp-json\/wp\/v2\/posts\/36304\/revisions\/36312"}],"wp:featuredmedia":[{"embeddable":true,"href":"https:\/\/bihavadis.com\/index.php\/wp-json\/wp\/v2\/media\/36305"}],"wp:attachment":[{"href":"https:\/\/bihavadis.com\/index.php\/wp-json\/wp\/v2\/media?parent=36304"}],"wp:term":[{"taxonomy":"category","embeddable":true,"href":"https:\/\/bihavadis.com\/index.php\/wp-json\/wp\/v2\/categories?post=36304"},{"taxonomy":"post_tag","embeddable":true,"href":"https:\/\/bihavadis.com\/index.php\/wp-json\/wp\/v2\/tags?post=36304"}],"curies":[{"name":"wp","href":"https:\/\/api.w.org\/{rel}","templated":true}]}}