{"id":36326,"date":"2026-02-18T04:12:06","date_gmt":"2026-02-18T04:12:06","guid":{"rendered":"https:\/\/bihavadis.com\/?p=36326"},"modified":"2026-02-18T04:12:06","modified_gmt":"2026-02-18T04:12:06","slug":"asensiodan-ust-uste-7-deplasman-macinda-da-gol-katkisi","status":"publish","type":"post","link":"https:\/\/bihavadis.com\/index.php\/2026\/02\/18\/asensiodan-ust-uste-7-deplasman-macinda-da-gol-katkisi\/","title":{"rendered":"Asensio&#8217;dan \u00fcst \u00fcste 7 deplasman ma\u00e7\u0131nda da gol katk\u0131s\u0131"},"content":{"rendered":"<p>Trendyol S\u00fcper Lig&#8217;in 20. haftas\u0131nda Fenerbah\u00e7e deplasmanda Kocaelispor ile oynarken, sar\u0131-lacivertlilerde Marco Asensio, tak\u0131m\u0131n\u0131n ilk gol\u00fcn\u00fc kaydetti. <\/p>\n<p><b>ASENSIO&#8217;DAN \u00dcST \u00dcSTE 7&#8217;NC\u0130 DEPLASMANDA DA KATKI<\/b><\/p>\n<p>Kar\u015f\u0131la\u015fman\u0131n 45+1. dakikas\u0131nda Talisca&#8217;dan ald\u0131\u011f\u0131 pasla ceza yay\u0131 \u00f6n\u00fcnden vuru\u015funu yapan Asensio, topu filelere g\u00f6nderdi. Deneyimli oyuncu son haftalarda tak\u0131m\u0131na h\u00fccumda \u00f6nemli katk\u0131lar sa\u011flarken, \u00fcst \u00fcste 7 deplasman ma\u00e7\u0131nda gol veya asist yapt\u0131. Deneyimli oyuncu bu s\u00fcre\u00e7te Be\u015fikta\u015f, \u00c7aykur Rizespor, Ey\u00fcpspor ma\u00e7lar\u0131nda gole imza atarken, Gaziantep FK, \u00c7aykur Rizespor, Ba\u015fak\u015fehir, Ey\u00fcpspor, Alanyaspor ve Kocaelispor&#8217;a kar\u015f\u0131 gol pas\u0131 verdi.<\/p>\n<p><b>16 MA\u00c7TA 9 GOL<\/b><\/p>\n<p>\u0130spanyol futbolcu S\u00fcper Lig&#8217;de bu sezon 15&#8217;i ilk 11 olmak \u00fczere g\u00f6rev yapt\u0131\u011f\u0131 16 ma\u00e7ta 9. gol\u00fcne ula\u015ft\u0131. Asensio, 88. dakikada yerini Yi\u011fit Efe Demir&#8217;e b\u0131rak\u0131rken oyundan \u00e7\u0131kt\u0131\u011f\u0131 esnada Fenerbah\u00e7e Ba\u015fkan\u0131 Sadettin Saran ayakta alk\u0131\u015flad\u0131.<\/p>\n","protected":false},"excerpt":{"rendered":"<p>Fenerbah\u00e7e&#8217;nin \u0130spanyol oyuncusu Marco Asensio, Kocaeli&#8217;de att\u0131\u011f\u0131 golle birlikte son 7 deplasman ma\u00e7\u0131nda gol katk\u0131s\u0131 yapt\u0131.<\/p>\n","protected":false},"author":1,"featured_media":36327,"comment_status":"open","ping_status":"open","sticky":false,"template":"","format":"standard","meta":{"footnotes":""},"categories":[14],"tags":[269],"class_list":["post-36326","post","type-post","status-publish","format-standard","has-post-thumbnail","hentry","category-spor","tag-gol"],"_links":{"self":[{"href":"https:\/\/bihavadis.com\/index.php\/wp-json\/wp\/v2\/posts\/36326","targetHints":{"allow":["GET"]}}],"collection":[{"href":"https:\/\/bihavadis.com\/index.php\/wp-json\/wp\/v2\/posts"}],"about":[{"href":"https:\/\/bihavadis.com\/index.php\/wp-json\/wp\/v2\/types\/post"}],"author":[{"embeddable":true,"href":"https:\/\/bihavadis.com\/index.php\/wp-json\/wp\/v2\/users\/1"}],"replies":[{"embeddable":true,"href":"https:\/\/bihavadis.com\/index.php\/wp-json\/wp\/v2\/comments?post=36326"}],"version-history":[{"count":1,"href":"https:\/\/bihavadis.com\/index.php\/wp-json\/wp\/v2\/posts\/36326\/revisions"}],"predecessor-version":[{"id":36328,"href":"https:\/\/bihavadis.com\/index.php\/wp-json\/wp\/v2\/posts\/36326\/revisions\/36328"}],"wp:featuredmedia":[{"embeddable":true,"href":"https:\/\/bihavadis.com\/index.php\/wp-json\/wp\/v2\/media\/36327"}],"wp:attachment":[{"href":"https:\/\/bihavadis.com\/index.php\/wp-json\/wp\/v2\/media?parent=36326"}],"wp:term":[{"taxonomy":"category","embeddable":true,"href":"https:\/\/bihavadis.com\/index.php\/wp-json\/wp\/v2\/categories?post=36326"},{"taxonomy":"post_tag","embeddable":true,"href":"https:\/\/bihavadis.com\/index.php\/wp-json\/wp\/v2\/tags?post=36326"}],"curies":[{"name":"wp","href":"https:\/\/api.w.org\/{rel}","templated":true}]}}