{"id":36368,"date":"2026-02-18T04:42:05","date_gmt":"2026-02-18T04:42:05","guid":{"rendered":"https:\/\/bihavadis.com\/?p=36368"},"modified":"2026-02-18T04:42:05","modified_gmt":"2026-02-18T04:42:05","slug":"universite-ogrencisi-sultan-hayal-etti-buyuksehir-gerceklestirdi","status":"publish","type":"post","link":"https:\/\/bihavadis.com\/index.php\/2026\/02\/18\/universite-ogrencisi-sultan-hayal-etti-buyuksehir-gerceklestirdi\/","title":{"rendered":"U\u0308niversite O\u0308g\u0306rencisi Sultan Hayal Etti Bu\u0308yu\u0308ks\u0327ehir Gerc\u0327ekles\u0327tirdi"},"content":{"rendered":"<p>Manisa B\u00fcy\u00fck\u015fehir Belediyesi, gen\u00e7lerin sosyal sorumluluk projelerine de destek oluyor. Manisa Celal Bayar \u00dcniversitesi (MCB\u00dc) \u00f6\u011frencisi Sultan D\u00f6nmez taraf\u0131ndan geli\u015ftirilen \u2018Sa\u011fl\u0131k Odas\u0131 D\u00fczenleme ve Temel Sa\u011fl\u0131k Hizmetleri Temini Projesi\u2019, B\u00fcy\u00fck\u015fehir\u2019in ekipman deste\u011fiyle hayata ge\u00e7ti.<\/p>\n<p>MCB\u00dc Sa\u011fl\u0131k Bilimleri Fak\u00fcltesi Sosyal Hizmet B\u00f6l\u00fcm\u00fc 3. s\u0131n\u0131f \u00f6\u011frencisi Sultan D\u00f6nmez, mahalledeki muayene ortam\u0131n\u0131n hijyen ve mahremiyet standartlar\u0131n\u0131 y\u00fckseltmek amac\u0131yla bir proje haz\u0131rlad\u0131. K\u0131rsal b\u00f6lgelerde sa\u011fl\u0131k hizmetlerine eri\u015fimi kolayla\u015ft\u0131rmay\u0131 hedefleyen Manisa B\u00fcy\u00fck\u015fehir Belediyesi, projeye temel sa\u011fl\u0131k ekipmanlar\u0131 sa\u011flayarak tam destek verdi. Projenin tamamlanmas\u0131n\u0131n ard\u0131ndan Yunusemre il\u00e7esine ba\u011fl\u0131 \u0130lyas\u00e7\u0131lar Mahallesi\u2019nde geni\u015f kat\u0131l\u0131ml\u0131 bir tan\u0131t\u0131m program\u0131 d\u00fczenlendi.<\/p>\n<p>Programa, Manisa B\u00fcy\u00fck\u015fehir Belediyesi ad\u0131na Sa\u011fl\u0131k \u0130\u015fleri Koordinat\u00f6r\u00fc Derya H\u00fcner ve Sa\u011fl\u0131k Hizmetleri \u015eube M\u00fcd\u00fcr\u00fc Ahmet M\u00fc\u015ftak Ayd\u0131n\u2019\u0131n yan\u0131 s\u0131ra Yunusemre Belediye Ba\u015fkan Yard\u0131mc\u0131s\u0131 Mehmet Mesut Do\u011fan, Manisa Celal Bayar \u00dcniversitesi Sosyal Hizmet B\u00f6l\u00fcm\u00fc \u00d6\u011fretim Eleman\u0131 Ara\u015ft\u0131rma G\u00f6revlisi Dr. G\u00fcler Doymaz, Yunusemre \u0130l\u00e7e Emniyet M\u00fcd\u00fcr\u00fc H\u00fcsn\u00fc Uz ile mahalle sakinleri kat\u0131ld\u0131.<br \/>\u00a0<br \/><strong>Projesini Anlatt\u0131, Ba\u015fkan Dutlulu\u2019ya Te\u015fekk\u00fcr Etti<\/strong><\/p>\n<p>Projenin mimar\u0131 Sultan D\u00f6nmez, bireysel bir g\u00f6zlemle ba\u015flayan s\u00fcrecin nas\u0131l bir iyilik hareketine d\u00f6n\u00fc\u015ft\u00fc\u011f\u00fcn\u00fc \u015fu s\u00f6zlerle anlatt\u0131: \u201cMevcut muayene ortam\u0131n\u0131n fiziksel \u015fartlar\u0131n\u0131n yetersiz oldu\u011funu fark ettim. Sosyal hizmet e\u011fitimi alan bir \u00f6\u011frenci olarak, bunu sa\u011fl\u0131k hakk\u0131na eri\u015fimde bir e\u015fitsizlik olarak g\u00f6rd\u00fcm ve B\u00fcy\u00fck\u015fehir Belediyemize ba\u015fvurdum. Sa\u011f olsunlar, talebimi geri \u00e7evirmediler ve birlikte modern bir sa\u011fl\u0131k odas\u0131 olu\u015fturduk. Destekleri i\u00e7in Ba\u015fkan\u0131m\u0131z Besim Dutlulu\u2019ya te\u015fekk\u00fcr ediyorum.\u201d<br \/>\u00a0<br \/><strong>\u201cSa\u011fl\u0131k Hizmetlerini \u00c7ok \u00d6nemsiyoruz\u201d<\/strong><\/p>\n<p>Projeye arac\u0131 olman\u0131n mutlulu\u011funu ya\u015fad\u0131klar\u0131n\u0131 dile getiren Manisa B\u00fcy\u00fck\u015fehir Belediyesi Sa\u011fl\u0131k \u0130\u015fleri Koordinat\u00f6r\u00fc Derya H\u00fcner, \u201cManisa B\u00fcy\u00fck\u015fehir Belediyesi olarak, Ba\u015fkan\u0131m\u0131z Besim Dutlulu\u2019nun \u00f6nc\u00fcl\u00fc\u011f\u00fcnde sa\u011fl\u0131k hizmetlerini ger\u00e7ekten \u00e7ok \u00f6nemsiyoruz. Sa\u011fl\u0131k hizmetlerinin iyile\u015ftirilmesi ad\u0131na yapabilece\u011fimiz her t\u00fcrl\u00fc projede herkesle i\u015fbirli\u011fi i\u00e7erisinde olmaya devam ediyoruz. Bu konular\u0131n mahalle \u00f6l\u00e7e\u011finde giderilmesi bizim i\u00e7in \u00e7ok de\u011ferli. \u00d6nce sa\u011fl\u0131k ve herkes i\u00e7in sa\u011fl\u0131k ilkesiyle yola \u00e7\u0131kt\u0131\u011f\u0131m\u0131z i\u00e7in sizlerle bir arada olmak B\u00fcy\u00fck\u015fehir Belediyesi\u2019nin her zaman \u00f6nceli\u011fi. \u00c7\u00fcnk\u00fc sa\u011fl\u0131k hizmetlerindeki her t\u00fcrl\u00fc iyile\u015ftirme devam\u0131nda sa\u011fl\u0131k konular\u0131nda fark\u0131ndal\u0131\u011f\u0131 da artt\u0131r\u0131yor. Sa\u011fl\u0131k okuryazarl\u0131\u011f\u0131n\u0131 artt\u0131rmak ad\u0131na da \u00e7ok g\u00fczel projelerimiz var\u201d ifadelerini kulland\u0131.<br \/>\u00a0<br \/><strong>\u201cT\u00fcm Deste\u011fimizi Vermeye \u00c7al\u0131\u015ft\u0131k\u201d<\/strong><\/p>\n<p>Halk sa\u011fl\u0131\u011f\u0131n\u0131n korunmas\u0131 ve sosyal belediyecilik noktas\u0131nda y\u00fcr\u00fct\u00fclen \u00e7al\u0131\u015fmalara b\u00fcy\u00fck \u00f6nem verdiklerini kaydeden Sa\u011fl\u0131k Hizmetleri \u015eube M\u00fcd\u00fcr\u00fc Ahmet M\u00fc\u015ftak Ayd\u0131n da, \u201cBa\u015fkan\u0131m\u0131za konuyu ilettik, Ba\u015fkan\u0131m\u0131z da elbette ki ne gerekiyorsa yap\u0131lmas\u0131n\u0131 istedi. Biz de bu minvalde elimizden geldi\u011fince t\u00fcm deste\u011fimizi vermeye \u00e7al\u0131\u015ft\u0131k. Bunun yan\u0131 s\u0131ra halk sa\u011fl\u0131\u011f\u0131 noktas\u0131nda yapm\u0131\u015f oldu\u011fumuz hizmetlerimiz de var. Hasta nakil ambulans\u0131na ihtiyac\u0131n\u0131z oldu\u011fu anda B\u00fcy\u00fck\u015fehir Belediyesiyle ileti\u015fime ge\u00e7ip bizden yard\u0131m alabilirsiniz. Evde bak\u0131m birimimiz var. Halk sa\u011fl\u0131\u011f\u0131n\u0131 korumak ve sosyal belediyecili\u011fi geli\u015ftirmek ad\u0131na elimizden geldi\u011fince, g\u00fcc\u00fcm\u00fcz yetti\u011fince hizmetlerimiz devam edecek\u201d dedi.<br \/>\u00a0<br \/><strong>\u201cEme\u011fi Ge\u00e7enlere Te\u015fekk\u00fcr Ederim\u201d<\/strong><\/p>\n<p>Yunusemre Belediye Ba\u015fkan Yard\u0131mc\u0131s\u0131 Mehmet Mesut Do\u011fan ve Dr. G\u00fcler Doymaz da yapt\u0131klar\u0131 konu\u015fmalarda, gen\u00e7 bir \u00f6\u011frencinin mahalle halk\u0131 i\u00e7in g\u00f6sterdi\u011fi bu \u00e7aban\u0131n \u00f6rnek te\u015fkil etti\u011fini belirterek eme\u011fi ge\u00e7enleri kutlad\u0131.<\/p>\n<p>Kaynak: (BYZHA) Beyaz Haber Ajans\u0131<\/p>\n","protected":false},"excerpt":{"rendered":"<p>Manisa B\u00fcy\u00fck\u015fehir Belediyesi, gen\u00e7lerin sosyal sorumluluk projelerine de destek oluyor.<\/p>\n","protected":false},"author":1,"featured_media":36369,"comment_status":"open","ping_status":"open","sticky":false,"template":"","format":"standard","meta":{"footnotes":""},"categories":[11],"tags":[516,372,237,157,3351],"class_list":["post-36368","post","type-post","status-publish","format-standard","has-post-thumbnail","hentry","category-saglik","tag-baskan","tag-belediye","tag-proje","tag-saglik","tag-saglik-hizmetleri"],"_links":{"self":[{"href":"https:\/\/bihavadis.com\/index.php\/wp-json\/wp\/v2\/posts\/36368","targetHints":{"allow":["GET"]}}],"collection":[{"href":"https:\/\/bihavadis.com\/index.php\/wp-json\/wp\/v2\/posts"}],"about":[{"href":"https:\/\/bihavadis.com\/index.php\/wp-json\/wp\/v2\/types\/post"}],"author":[{"embeddable":true,"href":"https:\/\/bihavadis.com\/index.php\/wp-json\/wp\/v2\/users\/1"}],"replies":[{"embeddable":true,"href":"https:\/\/bihavadis.com\/index.php\/wp-json\/wp\/v2\/comments?post=36368"}],"version-history":[{"count":1,"href":"https:\/\/bihavadis.com\/index.php\/wp-json\/wp\/v2\/posts\/36368\/revisions"}],"predecessor-version":[{"id":36370,"href":"https:\/\/bihavadis.com\/index.php\/wp-json\/wp\/v2\/posts\/36368\/revisions\/36370"}],"wp:featuredmedia":[{"embeddable":true,"href":"https:\/\/bihavadis.com\/index.php\/wp-json\/wp\/v2\/media\/36369"}],"wp:attachment":[{"href":"https:\/\/bihavadis.com\/index.php\/wp-json\/wp\/v2\/media?parent=36368"}],"wp:term":[{"taxonomy":"category","embeddable":true,"href":"https:\/\/bihavadis.com\/index.php\/wp-json\/wp\/v2\/categories?post=36368"},{"taxonomy":"post_tag","embeddable":true,"href":"https:\/\/bihavadis.com\/index.php\/wp-json\/wp\/v2\/tags?post=36368"}],"curies":[{"name":"wp","href":"https:\/\/api.w.org\/{rel}","templated":true}]}}