{"id":36378,"date":"2026-02-18T04:48:07","date_gmt":"2026-02-18T04:48:07","guid":{"rendered":"https:\/\/bihavadis.com\/?p=36378"},"modified":"2026-02-18T04:48:07","modified_gmt":"2026-02-18T04:48:07","slug":"konyada-afet-gonullulerine-sertifika","status":"publish","type":"post","link":"https:\/\/bihavadis.com\/index.php\/2026\/02\/18\/konyada-afet-gonullulerine-sertifika\/","title":{"rendered":"Konya&#8217;da Afet G\u00f6n\u00fcll\u00fclerine Sertifika"},"content":{"rendered":"<p> Konya&#8217;da Akreditasyon ve AFAD g\u00f6n\u00fcll\u00fclerine sertifika teslim t\u00f6reni d\u00fczenlendi.<\/p>\n<p>Konya Valisi \u0130brahim Ak\u0131n, Sel\u00e7uklu Kongre Merkezi&#8217;nde d\u00fczenlenen t\u00f6rende, afetlere haz\u0131rl\u0131\u011f\u0131n \u00f6nemli oldu\u011funu s\u00f6yledi.<\/p>\n<p>Afet ve acil durumlar\u0131n yaln\u0131zca fiziksel \u00e7evreyi de\u011fil, insan hayat\u0131n\u0131, g\u00fcvenli\u011fi ve toplumsal yap\u0131y\u0131 da do\u011frudan etkiledi\u011fini belirten Ak\u0131n, \u015funlar\u0131 kaydetti: <\/p>\n<p>&#8220;Afetlere kar\u015f\u0131 haz\u0131rl\u0131kl\u0131 olmak, h\u0131zl\u0131, koordineli ve etkin bir m\u00fcdahaleyi m\u00fcmk\u00fcn k\u0131lacak g\u00fc\u00e7l\u00fc bir kamu i\u015fbirli\u011fini zorunlu k\u0131lmaktad\u0131r. Konya&#8217;m\u0131zda kentsel arama kurtarma ve afetlerde acil bar\u0131nma faaliyetleri kapsam\u0131nda olu\u015fturulan, 621 ki\u015fiden olu\u015fan 15 ekip, titiz bir \u00e7al\u0131\u015fma ve e\u011fitim s\u00fcrecinin sonunda ba\u015far\u0131l\u0131 bir \u015fekilde akredite edilmi\u015ftir. Akreditasyon s\u00fcreci, afetlere haz\u0131rl\u0131kl\u0131 olma anlay\u0131\u015f\u0131m\u0131z\u0131n, kurumsal disiplinimizin ve sorumluluk bilincimizin sahadaki somut kar\u015f\u0131l\u0131\u011f\u0131n\u0131 ortaya koymaktad\u0131r.&#8221;<\/p>\n<p>Konya B\u00fcy\u00fck\u015fehir Belediye Ba\u015fkan\u0131 U\u011fur \u0130brahim Altay da Konya&#8217;n\u0131n zor zamanlarda b\u00fcy\u00fck sorumluluklar ald\u0131\u011f\u0131n\u0131 dile getirdi.<\/p>\n<p>\u00dclkenin, her an haz\u0131rl\u0131kl\u0131 olunmas\u0131n\u0131 zorunlu k\u0131lan bir co\u011frafi konuma sahip oldu\u011funu belirten Altay, \u015f\u00f6yle konu\u015ftu: <\/p>\n<p>&#8220;Do\u011fru afet y\u00f6netimi, afet olmadan \u00f6nce riskleri iyi analiz eden, e\u011fitime odaklanan ve kurumsal kapasitesini s\u00fcrekli geli\u015ftiren b\u00fct\u00fcnc\u00fcl bir yakla\u015f\u0131mla sa\u011flanabilir. Bu anlay\u0131\u015f i\u00e7erisinde g\u00f6n\u00fcll\u00fcl\u00fck esas\u0131 ise afet y\u00f6netim sisteminin vazge\u00e7ilmez bir par\u00e7as\u0131d\u0131r. G\u00f6n\u00fcll\u00fcl\u00fc\u011f\u00fcn, bilgiyle, e\u011fitimle ve akreditasyonla s\u00fcrece dahil edilmesi, sahadaki m\u00fccadele g\u00fcc\u00fcn\u00fc art\u0131rd\u0131\u011f\u0131 gibi toplumu afetlere kar\u015f\u0131 da g\u00fc\u00e7lendirmi\u015ftir.&#8221;<\/p>\n<p>T\u00f6ren, 522 AFAD g\u00f6n\u00fcll\u00fcs\u00fcne sertifika takdimi ve hat\u0131ra foto\u011fraf\u0131 \u00e7ekimiyle sona erdi.<\/p>\n","protected":false},"excerpt":{"rendered":"<p>Konya&#8217;da AFAD g\u00f6n\u00fcll\u00fclerine sertifika verildi, afetlere haz\u0131rl\u0131k vurguland\u0131.<\/p>\n","protected":false},"author":1,"featured_media":36379,"comment_status":"open","ping_status":"open","sticky":false,"template":"","format":"standard","meta":{"footnotes":""},"categories":[9,4,13],"tags":[1194,426],"class_list":["post-36378","post","type-post","status-publish","format-standard","has-post-thumbnail","hentry","category-genel","category-gundem","category-son-dakika","tag-afet","tag-konya"],"_links":{"self":[{"href":"https:\/\/bihavadis.com\/index.php\/wp-json\/wp\/v2\/posts\/36378","targetHints":{"allow":["GET"]}}],"collection":[{"href":"https:\/\/bihavadis.com\/index.php\/wp-json\/wp\/v2\/posts"}],"about":[{"href":"https:\/\/bihavadis.com\/index.php\/wp-json\/wp\/v2\/types\/post"}],"author":[{"embeddable":true,"href":"https:\/\/bihavadis.com\/index.php\/wp-json\/wp\/v2\/users\/1"}],"replies":[{"embeddable":true,"href":"https:\/\/bihavadis.com\/index.php\/wp-json\/wp\/v2\/comments?post=36378"}],"version-history":[{"count":1,"href":"https:\/\/bihavadis.com\/index.php\/wp-json\/wp\/v2\/posts\/36378\/revisions"}],"predecessor-version":[{"id":36380,"href":"https:\/\/bihavadis.com\/index.php\/wp-json\/wp\/v2\/posts\/36378\/revisions\/36380"}],"wp:featuredmedia":[{"embeddable":true,"href":"https:\/\/bihavadis.com\/index.php\/wp-json\/wp\/v2\/media\/36379"}],"wp:attachment":[{"href":"https:\/\/bihavadis.com\/index.php\/wp-json\/wp\/v2\/media?parent=36378"}],"wp:term":[{"taxonomy":"category","embeddable":true,"href":"https:\/\/bihavadis.com\/index.php\/wp-json\/wp\/v2\/categories?post=36378"},{"taxonomy":"post_tag","embeddable":true,"href":"https:\/\/bihavadis.com\/index.php\/wp-json\/wp\/v2\/tags?post=36378"}],"curies":[{"name":"wp","href":"https:\/\/api.w.org\/{rel}","templated":true}]}}