{"id":36381,"date":"2026-02-18T04:51:06","date_gmt":"2026-02-18T04:51:06","guid":{"rendered":"https:\/\/bihavadis.com\/?p=36381"},"modified":"2026-02-18T04:51:06","modified_gmt":"2026-02-18T04:51:06","slug":"baskan-vekili-cebiden-ibbye-ziyaret","status":"publish","type":"post","link":"https:\/\/bihavadis.com\/index.php\/2026\/02\/18\/baskan-vekili-cebiden-ibbye-ziyaret\/","title":{"rendered":"Ba\u015fkan Vekili \u00c7ebi&#8217;den \u0130BB&#8217;ye Ziyaret"},"content":{"rendered":"<p><b>Beylikd\u00fcz\u00fc Belediye Ba\u015fkan Vekili Av. \u00d6nder Serkan \u00c7ebi, \u0130stanbul B\u00fcy\u00fck\u015fehir Belediye (\u0130BB) Ba\u015fkan Vekili Nuri Aslan\u2019\u0131 makam\u0131nda ziyaret etti. G\u00f6r\u00fc\u015fmede, Beylikd\u00fcz\u00fc\u2019n\u00fcn sorunlar\u0131 ve hayata ge\u00e7ecek projeler konu\u015fuldu. \u00a0<\/b><\/p>\n<p>Beylikd\u00fcz\u00fc Belediye Ba\u015fkan Vekili Av. \u00d6nder Serkan \u00c7ebi, \u0130stanbul B\u00fcy\u00fck\u015fehir Belediye Ba\u015fkan Vekili Nuri Aslan\u2019\u0131 makam\u0131nda ziyaret etti. Ger\u00e7ekle\u015fen g\u00f6r\u00fc\u015fmede Beylikd\u00fcz\u00fc\u2019n\u00fcn \u00f6ncelikli ihtiya\u00e7lar\u0131, il\u00e7ede devam eden \u00e7al\u0131\u015fmalar ve \u00f6n\u00fcm\u00fczdeki s\u00fcre\u00e7te hayata ge\u00e7irilmesi planlanan projeler ele al\u0131nd\u0131. Kar\u015f\u0131l\u0131kl\u0131 fikir al\u0131\u015fveri\u015finin yap\u0131ld\u0131\u011f\u0131 ziyarette, yerel y\u00f6netimler aras\u0131ndaki i\u015f birli\u011finin g\u00fc\u00e7lendirilmesinin \u00f6nemine vurgu yap\u0131ld\u0131. Ba\u015fkan Vekili \u00c7ebi, nazik ev sahipli\u011fi i\u00e7in Ba\u015fkan Vekili Nuri Aslan\u2019a te\u015fekk\u00fcr ederken, Beylikd\u00fcz\u00fc\u2019n\u00fcn geli\u015fimi i\u00e7in \u0130BB ile koordineli \u00e7al\u0131\u015fmaya devam edeceklerini ifade etti.<\/p>\n<p>Kaynak: (BYZHA) Beyaz Haber Ajans\u0131<\/p>\n","protected":false},"excerpt":{"rendered":"<p>Beylikd\u00fcz\u00fc Belediye Ba\u015fkan Vekili Av. \u00d6nder Serkan \u00c7ebi, \u0130stanbul B\u00fcy\u00fck\u015fehir Belediye (\u0130BB) Ba\u015fkan Vekili Nuri Aslan\u2019\u0131 makam\u0131nda ziyaret etti. G\u00f6r\u00fc\u015fmede, Beylikd\u00fcz\u00fc\u2019n\u00fcn sorunlar\u0131 ve hayata ge\u00e7ecek projeler konu\u015fuldu. \u00a0<\/p>\n","protected":false},"author":1,"featured_media":36382,"comment_status":"open","ping_status":"open","sticky":false,"template":"","format":"standard","meta":{"footnotes":""},"categories":[4],"tags":[2758,5232],"class_list":["post-36381","post","type-post","status-publish","format-standard","has-post-thumbnail","hentry","category-gundem","tag-baskan-vekili","tag-beylikduzu"],"_links":{"self":[{"href":"https:\/\/bihavadis.com\/index.php\/wp-json\/wp\/v2\/posts\/36381","targetHints":{"allow":["GET"]}}],"collection":[{"href":"https:\/\/bihavadis.com\/index.php\/wp-json\/wp\/v2\/posts"}],"about":[{"href":"https:\/\/bihavadis.com\/index.php\/wp-json\/wp\/v2\/types\/post"}],"author":[{"embeddable":true,"href":"https:\/\/bihavadis.com\/index.php\/wp-json\/wp\/v2\/users\/1"}],"replies":[{"embeddable":true,"href":"https:\/\/bihavadis.com\/index.php\/wp-json\/wp\/v2\/comments?post=36381"}],"version-history":[{"count":1,"href":"https:\/\/bihavadis.com\/index.php\/wp-json\/wp\/v2\/posts\/36381\/revisions"}],"predecessor-version":[{"id":36383,"href":"https:\/\/bihavadis.com\/index.php\/wp-json\/wp\/v2\/posts\/36381\/revisions\/36383"}],"wp:featuredmedia":[{"embeddable":true,"href":"https:\/\/bihavadis.com\/index.php\/wp-json\/wp\/v2\/media\/36382"}],"wp:attachment":[{"href":"https:\/\/bihavadis.com\/index.php\/wp-json\/wp\/v2\/media?parent=36381"}],"wp:term":[{"taxonomy":"category","embeddable":true,"href":"https:\/\/bihavadis.com\/index.php\/wp-json\/wp\/v2\/categories?post=36381"},{"taxonomy":"post_tag","embeddable":true,"href":"https:\/\/bihavadis.com\/index.php\/wp-json\/wp\/v2\/tags?post=36381"}],"curies":[{"name":"wp","href":"https:\/\/api.w.org\/{rel}","templated":true}]}}