{"id":36406,"date":"2026-02-18T05:15:08","date_gmt":"2026-02-18T05:15:08","guid":{"rendered":"https:\/\/bihavadis.com\/?p=36406"},"modified":"2026-02-18T05:15:08","modified_gmt":"2026-02-18T05:15:08","slug":"reyhanlidaki-yenisehir-cami-restorasyonu-tamamlandi","status":"publish","type":"post","link":"https:\/\/bihavadis.com\/index.php\/2026\/02\/18\/reyhanlidaki-yenisehir-cami-restorasyonu-tamamlandi\/","title":{"rendered":"Reyhanl\u0131&#8217;daki Yeni\u015fehir Cami Restorasyonu Tamamland\u0131"},"content":{"rendered":"<p> Hatay&#8217;da depremde a\u011f\u0131r hasar alan Reyhanl\u0131 il\u00e7esindeki tarihi Yeni\u015fehir Cami&#8217;de restorasyonun ard\u0131ndan ilk namaz k\u0131l\u0131nd\u0131.<\/p>\n<p>Kahramanmara\u015f merkezli 6 \u015eubat depremlerinde hasar alan 200 ki\u015filik tarihi caminin restorasyonu, Vak\u0131flar B\u00f6lge M\u00fcd\u00fcrl\u00fc\u011f\u00fcn\u00fcn deste\u011fiyle tamamland\u0131.<\/p>\n<p>Hatay Valisi Mustafa Masatl\u0131, \u0130l M\u00fcft\u00fcs\u00fc Mevl\u00fct Top\u00e7u, Vak\u0131flar B\u00f6lge M\u00fcd\u00fcr\u00fc Adem Bozkurt ve vatanda\u015flar\u0131n kat\u0131ld\u0131\u011f\u0131 t\u00f6renle caminin a\u00e7\u0131l\u0131\u015f\u0131 dualarla yap\u0131ld\u0131.<\/p>\n<p>Namaz sonras\u0131 gazetecilere a\u00e7\u0131klamalarda bulunan Vali Masatl\u0131, depremlerin k\u00fclt\u00fcrel mirasta da tahribatlara yol a\u00e7t\u0131\u011f\u0131n\u0131 s\u00f6yledi.<\/p>\n<p>Hasar alm\u0131\u015f t\u00fcm tarihi yap\u0131larda gerekli \u00e7al\u0131\u015fmalara ba\u015flad\u0131klar\u0131n\u0131 belirten Vali Masatl\u0131, \u015f\u00f6yle konu\u015ftu: <\/p>\n<p>&#8220;Bu camimiz 1899 y\u0131l\u0131nda yerel ustalar taraf\u0131ndan in\u015fa edilmi\u015f. K\u00fclliyeyi and\u0131ran tarihi bir yap\u0131m\u0131zd\u0131 ancak maalesef as\u0131rlar\u0131n felaketinde buras\u0131 da a\u011f\u0131r hasar ald\u0131. A\u011f\u0131r hasar almakla beraber Vak\u0131flar Genel M\u00fcd\u00fcrl\u00fc\u011f\u00fcm\u00fcz s\u00fcratle burada da \u00e7al\u0131\u015fmaya ba\u015flad\u0131. Camimizde meydana gelen t\u00fcm hasarlar giderildi ve bu m\u00fcbarek gecede Berat Kandili&#8217;nde de hizmete alm\u0131\u015f olduk. Bu bizim i\u00e7in mutluluk verici bir durum.&#8221;<\/p>\n<p>Masatl\u0131, caminin restorasyonunda eme\u011fi ge\u00e7enlere te\u015fekk\u00fcr ederek, hay\u0131rl\u0131 olmas\u0131n\u0131 diledi.<\/p>\n","protected":false},"excerpt":{"rendered":"<p>Hatay&#8217;da depremde hasar g\u00f6ren tarihi Yeni\u015fehir Cami, restorasyon sonras\u0131 ilk namaz i\u00e7in a\u00e7\u0131ld\u0131.<\/p>\n","protected":false},"author":1,"featured_media":36407,"comment_status":"open","ping_status":"open","sticky":false,"template":"","format":"standard","meta":{"footnotes":""},"categories":[9,4,13],"tags":[2830],"class_list":["post-36406","post","type-post","status-publish","format-standard","has-post-thumbnail","hentry","category-genel","category-gundem","category-son-dakika","tag-hasar"],"_links":{"self":[{"href":"https:\/\/bihavadis.com\/index.php\/wp-json\/wp\/v2\/posts\/36406","targetHints":{"allow":["GET"]}}],"collection":[{"href":"https:\/\/bihavadis.com\/index.php\/wp-json\/wp\/v2\/posts"}],"about":[{"href":"https:\/\/bihavadis.com\/index.php\/wp-json\/wp\/v2\/types\/post"}],"author":[{"embeddable":true,"href":"https:\/\/bihavadis.com\/index.php\/wp-json\/wp\/v2\/users\/1"}],"replies":[{"embeddable":true,"href":"https:\/\/bihavadis.com\/index.php\/wp-json\/wp\/v2\/comments?post=36406"}],"version-history":[{"count":1,"href":"https:\/\/bihavadis.com\/index.php\/wp-json\/wp\/v2\/posts\/36406\/revisions"}],"predecessor-version":[{"id":36408,"href":"https:\/\/bihavadis.com\/index.php\/wp-json\/wp\/v2\/posts\/36406\/revisions\/36408"}],"wp:featuredmedia":[{"embeddable":true,"href":"https:\/\/bihavadis.com\/index.php\/wp-json\/wp\/v2\/media\/36407"}],"wp:attachment":[{"href":"https:\/\/bihavadis.com\/index.php\/wp-json\/wp\/v2\/media?parent=36406"}],"wp:term":[{"taxonomy":"category","embeddable":true,"href":"https:\/\/bihavadis.com\/index.php\/wp-json\/wp\/v2\/categories?post=36406"},{"taxonomy":"post_tag","embeddable":true,"href":"https:\/\/bihavadis.com\/index.php\/wp-json\/wp\/v2\/tags?post=36406"}],"curies":[{"name":"wp","href":"https:\/\/api.w.org\/{rel}","templated":true}]}}