{"id":36504,"date":"2026-02-18T06:24:06","date_gmt":"2026-02-18T06:24:06","guid":{"rendered":"https:\/\/bihavadis.com\/?p=36504"},"modified":"2026-02-18T06:24:06","modified_gmt":"2026-02-18T06:24:06","slug":"cevdet-yilmaz-milletimiz-tbmmde-bu-tur-goruntuleri-hak-etmiyor","status":"publish","type":"post","link":"https:\/\/bihavadis.com\/index.php\/2026\/02\/18\/cevdet-yilmaz-milletimiz-tbmmde-bu-tur-goruntuleri-hak-etmiyor\/","title":{"rendered":"Cevdet Y\u0131lmaz: Milletimiz, TBMM&#8217;de bu t\u00fcr g\u00f6r\u00fcnt\u00fcleri hak etmiyor"},"content":{"rendered":"<p>Meclis&#8217;te gergin anlar&#8230;<\/p>\n<p>G\u00f6revden aff\u0131n\u0131 isteyen ve g\u00f6revden af talebi kabul edilen Y\u0131lmaz Tun\u00e7&#8217;tan bo\u015falan Adalet Bakanl\u0131\u011f\u0131&#8217;na \u0130stanbul Cumhuriyet Ba\u015fsavc\u0131s\u0131 Ak\u0131n G\u00fcrlek, Ali Yerlikaya&#8217;dan bo\u015falan \u0130\u00e7i\u015fleri Bakanl\u0131\u011f\u0131&#8217;na Erzurum Valisi Mustafa \u00c7ift\u00e7i getirildi.<\/p>\n<p>Bakanl\u0131klarda d\u00fczenlenen t\u00f6renlerle g\u00f6rev teslimi yap\u0131lan yeni bakanlar daha sonra yemin etmek \u00fczere TBMM&#8217;ye ge\u00e7ti.\u00a0<\/p>\n<p><strong>KAVGA \u00c7IKTI<\/strong><\/p>\n<p>Yemin t\u00f6renine engel olmak isteyen CHP&#8217;li vekillerin m\u00fcdahalesi sonras\u0131 kavga \u00e7\u0131kt\u0131.<\/p>\n<p>Vekiller aras\u0131nda \u00e7\u0131kan yumruklu kavgada ciddi yaralanmalar ya\u015fand\u0131.\u00a0<\/p>\n<p>Daha sonra bakanlar AK Partili vekillerin k\u00fcrs\u00fcn\u00fcn etraf\u0131n\u0131 sarmas\u0131yla beraber yemin etti.\u00a0<\/p>\n<p><img decoding=\"async\" src=\"https:\/\/bihavadis.com\/wp-content\/uploads\/2026\/02\/cevdet-yilmaz-milletimiz-tbmmde-bu-tur-goruntuleri-hak-etmiyor-0-e4D26HjK.jpg\"\/><\/p>\n<p><strong>CEVDET YILMAZ&#8217;DAN A\u00c7IKLAMA<\/strong><\/p>\n<p>Cumhurba\u015fkan\u0131 Yard\u0131mc\u0131s\u0131 Y\u0131lmaz, sosyal medya hesab\u0131ndan yapt\u0131\u011f\u0131 payla\u015f\u0131mda, Meclis&#8217;te \u00e7\u0131kan kavgaya ili\u015fkin a\u00e7\u0131klamada bulundu.\u00a0<\/p>\n<p>CHP&#8217;li milletvekillerini\u00a0provokatiflik ile su\u00e7layan Y\u0131lmaz, a\u00e7\u0131klamas\u0131nda \u015funlar\u0131 kaydetti:<\/p>\n<p><strong>&#8220;CHP GRUBUNUN PROVOKAT\u0130F YAKLA\u015eIMINI KINIYORUM&#8221;<\/strong><\/p>\n<p>Gazi Meclisimizde \u0130\u00e7i\u015fleri ve Adalet Bakanlar\u0131m\u0131z\u0131n yemin t\u00f6reni s\u0131ras\u0131nda CHP Grubu taraf\u0131ndan ortaya konan provokatif yakla\u015f\u0131m\u0131 k\u0131n\u0131yorum.<\/p>\n<p>Ana muhalefetin bu tavr\u0131 demokratik ve hukuki bir tutum olmad\u0131\u011f\u0131 gibi, siyaset kurumunun ciddiyetiyle de ba\u011fda\u015fmamaktad\u0131r.<\/p>\n<p>Hangi partiye oy vermi\u015f olursa olsun aziz milletimiz, T\u00fcrkiye B\u00fcy\u00fck Millet Meclisi\u2019nde bu t\u00fcr g\u00f6r\u00fcnt\u00fcleri hak etmiyor.<\/p>\n<p><img decoding=\"async\" src=\"https:\/\/bihavadis.com\/wp-content\/uploads\/2026\/02\/cevdet-yilmaz-milletimiz-tbmmde-bu-tur-goruntuleri-hak-etmiyor-1-wvrVgL3B.jpg\"\/><\/p>\n<p><strong>&#8220;DEMOKRAT\u0130K ATMOSFERE ZARAR VER\u0130YOR&#8221;<\/strong><\/p>\n<p>Bu tip yakla\u015f\u0131mlar demokratik atmosfere zarar vermekte, Meclisimizin mahabetine ve \u0130\u00e7t\u00fcz\u00fc\u011fe a\u00e7\u0131k\u00e7a ayk\u0131r\u0131l\u0131k te\u015fkil etmektedir.<\/p>\n<p>Meclis \u00e7at\u0131s\u0131 alt\u0131nda siyaset yapan t\u00fcm akt\u00f6rleri, aziz milletimizi temsil ettiklerinin bilinciyle sayg\u0131n ve sorumlu bir \u00fcslupla hareket etmeye davet ediyorum.<\/p>\n","protected":false},"excerpt":{"rendered":"<p>Meclis&#8217;te yemin t\u00f6reni s\u0131ras\u0131nda ya\u015fanan gerginli\u011fe ili\u015fkin bir a\u00e7\u0131klamada bulunan Cevdet Y\u0131lmaz, &#8220;Yemin t\u00f6reni s\u0131ras\u0131nda CHP Grubu taraf\u0131ndan ortaya konan provokatif yakla\u015f\u0131m\u0131 k\u0131n\u0131yorum&#8221; dedi.<\/p>\n","protected":false},"author":1,"featured_media":36505,"comment_status":"open","ping_status":"open","sticky":false,"template":"","format":"standard","meta":{"footnotes":""},"categories":[9,13],"tags":[397],"class_list":["post-36504","post","type-post","status-publish","format-standard","has-post-thumbnail","hentry","category-genel","category-son-dakika","tag-meclis"],"_links":{"self":[{"href":"https:\/\/bihavadis.com\/index.php\/wp-json\/wp\/v2\/posts\/36504","targetHints":{"allow":["GET"]}}],"collection":[{"href":"https:\/\/bihavadis.com\/index.php\/wp-json\/wp\/v2\/posts"}],"about":[{"href":"https:\/\/bihavadis.com\/index.php\/wp-json\/wp\/v2\/types\/post"}],"author":[{"embeddable":true,"href":"https:\/\/bihavadis.com\/index.php\/wp-json\/wp\/v2\/users\/1"}],"replies":[{"embeddable":true,"href":"https:\/\/bihavadis.com\/index.php\/wp-json\/wp\/v2\/comments?post=36504"}],"version-history":[{"count":1,"href":"https:\/\/bihavadis.com\/index.php\/wp-json\/wp\/v2\/posts\/36504\/revisions"}],"predecessor-version":[{"id":36508,"href":"https:\/\/bihavadis.com\/index.php\/wp-json\/wp\/v2\/posts\/36504\/revisions\/36508"}],"wp:featuredmedia":[{"embeddable":true,"href":"https:\/\/bihavadis.com\/index.php\/wp-json\/wp\/v2\/media\/36505"}],"wp:attachment":[{"href":"https:\/\/bihavadis.com\/index.php\/wp-json\/wp\/v2\/media?parent=36504"}],"wp:term":[{"taxonomy":"category","embeddable":true,"href":"https:\/\/bihavadis.com\/index.php\/wp-json\/wp\/v2\/categories?post=36504"},{"taxonomy":"post_tag","embeddable":true,"href":"https:\/\/bihavadis.com\/index.php\/wp-json\/wp\/v2\/tags?post=36504"}],"curies":[{"name":"wp","href":"https:\/\/api.w.org\/{rel}","templated":true}]}}