{"id":36648,"date":"2026-02-18T08:21:05","date_gmt":"2026-02-18T08:21:05","guid":{"rendered":"https:\/\/bihavadis.com\/?p=36648"},"modified":"2026-02-18T08:21:05","modified_gmt":"2026-02-18T08:21:05","slug":"kayserispor-radomir-djalovic-ile-ayrilik-karari-aldi","status":"publish","type":"post","link":"https:\/\/bihavadis.com\/index.php\/2026\/02\/18\/kayserispor-radomir-djalovic-ile-ayrilik-karari-aldi\/","title":{"rendered":"Kayserispor, Radomir Djalovic ile ayr\u0131l\u0131k karar\u0131 ald\u0131"},"content":{"rendered":"<p>S\u00fcper Lig\u2019de m\u00fccadele eden Kayserispor\u2019da Markus Gisdol ile yollar\u0131n ayr\u0131lmas\u0131n\u0131n ard\u0131ndan tak\u0131m\u0131n ba\u015f\u0131na getirilen Radomir Djalovic, sar\u0131-k\u0131rm\u0131z\u0131l\u0131 tak\u0131mla ligde \u00e7\u0131kt\u0131\u011f\u0131 13 kar\u015f\u0131la\u015fmada; 7 ma\u011flubiyet, 4 beraberlik ve 2 galibiyet alarak 10 puan toplad\u0131.<\/p>\n<p>Ligde 15 puanla 17\u2019nci s\u0131rada yer alan \u0130\u00e7 Anadolu ekibinin ba\u015f\u0131nda \u00e7\u0131kt\u0131\u011f\u0131 13 kar\u015f\u0131la\u015fmada 10 puan toplayan Djalovic, ma\u00e7 ba\u015f\u0131na puan ortalamas\u0131nda da 1 puan\u0131n alt\u0131nda kalarak 0,77 ortalamas\u0131n\u0131 tutturdu.<\/p>\n<p><strong>AYRILIK KARARI ALINDI<\/strong><\/p>\n<p>Sar\u0131-k\u0131rm\u0131z\u0131l\u0131 tak\u0131mda, Kocaelispor&#8217;a 2-1&#8217;lik skorla ma\u011flup olunmas\u0131 sonras\u0131 taraftarlardan gelen ele\u015ftiriler sonras\u0131 teknik patron Djalovic ile ayr\u0131l\u0131k karar\u0131 al\u0131nd\u0131.<\/p>\n<p><strong>G\u00d6ZTEPE MA\u00c7INA YEN\u0130 TEKN\u0130K D\u0130REKT\u00d6RLE \u00c7IKILACAK<\/strong><\/p>\n<p>D\u00fcn Radomir Djalovic ile kar\u015f\u0131l\u0131kl\u0131 fesih g\u00f6r\u00fc\u015fmesi yapan \u0130\u00e7 Anadolu ekibi, bug\u00fcn yap\u0131lan g\u00f6r\u00fc\u015fmede de \u00f6nemli bir mesafe kat etti.<\/p>\n<p>Kayserispor&#8217;un ayr\u0131l\u0131k karar\u0131n\u0131 ilerleyen saatlerde a\u00e7\u0131klayaca\u011f\u0131, deplasmanda oynanacak G\u00f6ztepe kar\u015f\u0131la\u015fmas\u0131na da yeni teknik direkt\u00f6r\u00fc ile \u00e7\u0131kmay\u0131 ama\u00e7lad\u0131\u011f\u0131 \u00f6\u011frenildi.<\/p>\n","protected":false},"excerpt":{"rendered":"<p>S\u00fcper Lig ekiplerinden Kayserispor\u2019da teknik direkt\u00f6r Radomir Djalovic ile ayr\u0131l\u0131k karar\u0131 al\u0131nd\u0131. Taraflar\u0131n, s\u00f6zle\u015fme fesih konusunda anla\u015fmak \u00fczere olduklar\u0131 \u00f6\u011frenildi.<\/p>\n","protected":false},"author":1,"featured_media":36649,"comment_status":"open","ping_status":"open","sticky":false,"template":"","format":"standard","meta":{"footnotes":""},"categories":[14],"tags":[],"class_list":["post-36648","post","type-post","status-publish","format-standard","has-post-thumbnail","hentry","category-spor"],"_links":{"self":[{"href":"https:\/\/bihavadis.com\/index.php\/wp-json\/wp\/v2\/posts\/36648","targetHints":{"allow":["GET"]}}],"collection":[{"href":"https:\/\/bihavadis.com\/index.php\/wp-json\/wp\/v2\/posts"}],"about":[{"href":"https:\/\/bihavadis.com\/index.php\/wp-json\/wp\/v2\/types\/post"}],"author":[{"embeddable":true,"href":"https:\/\/bihavadis.com\/index.php\/wp-json\/wp\/v2\/users\/1"}],"replies":[{"embeddable":true,"href":"https:\/\/bihavadis.com\/index.php\/wp-json\/wp\/v2\/comments?post=36648"}],"version-history":[{"count":1,"href":"https:\/\/bihavadis.com\/index.php\/wp-json\/wp\/v2\/posts\/36648\/revisions"}],"predecessor-version":[{"id":36650,"href":"https:\/\/bihavadis.com\/index.php\/wp-json\/wp\/v2\/posts\/36648\/revisions\/36650"}],"wp:featuredmedia":[{"embeddable":true,"href":"https:\/\/bihavadis.com\/index.php\/wp-json\/wp\/v2\/media\/36649"}],"wp:attachment":[{"href":"https:\/\/bihavadis.com\/index.php\/wp-json\/wp\/v2\/media?parent=36648"}],"wp:term":[{"taxonomy":"category","embeddable":true,"href":"https:\/\/bihavadis.com\/index.php\/wp-json\/wp\/v2\/categories?post=36648"},{"taxonomy":"post_tag","embeddable":true,"href":"https:\/\/bihavadis.com\/index.php\/wp-json\/wp\/v2\/tags?post=36648"}],"curies":[{"name":"wp","href":"https:\/\/api.w.org\/{rel}","templated":true}]}}