{"id":36742,"date":"2026-02-18T09:33:08","date_gmt":"2026-02-18T09:33:08","guid":{"rendered":"https:\/\/bihavadis.com\/?p=36742"},"modified":"2026-02-18T09:33:08","modified_gmt":"2026-02-18T09:33:08","slug":"adanada-iki-grup-arasindaki-tufekli-kavga-kameraya-yansidi","status":"publish","type":"post","link":"https:\/\/bihavadis.com\/index.php\/2026\/02\/18\/adanada-iki-grup-arasindaki-tufekli-kavga-kameraya-yansidi\/","title":{"rendered":"Adana&#8217;da iki grup aras\u0131ndaki t\u00fcfekli kavga kameraya yans\u0131d\u0131"},"content":{"rendered":"<p>Adana&#8217;n\u0131n \u00c7ukurova il\u00e7esinde mahalleyi aya\u011fa kald\u0131ran olay&#8230;<\/p>\n<p>Olay, \u00c7ukurova il\u00e7esine ba\u011fl\u0131 Belediyeevleri Mahallesi\u2019nde ya\u015fand\u0131.<\/p>\n<p>\u0130ki grup aras\u0131nda hen\u00fcz bilinmeyen bir nedenle tart\u0131\u015fma \u00e7\u0131kt\u0131.<\/p>\n<p><strong>S\u0130LAHLAR PATLADI<\/strong><\/p>\n<p>K\u0131sa s\u00fcrede b\u00fcy\u00fcyen tart\u0131\u015fma kavgaya d\u00f6n\u00fc\u015f\u00fcrken, gruptakilerden biri arac\u0131na y\u00f6nelerek otomobilde bulunan pompal\u0131 t\u00fcfe\u011fi ald\u0131.<\/p>\n<p>\u015eah\u0131s, t\u00fcfekle havaya art arda ate\u015f a\u00e7t\u0131.<\/p>\n<p><img decoding=\"async\" src=\"https:\/\/bihavadis.com\/wp-content\/uploads\/2026\/02\/adanada-iki-grup-arasindaki-tufekli-kavga-kameraya-yansidi-0-9AOsR3ku.jpg\"\/><\/p>\n<p><strong>O ANLAR KAMERADA<\/strong><\/p>\n<p>Ya\u015fanan o anlar ise cep telefonu kameras\u0131na yans\u0131d\u0131.<\/p>\n<p>Olayla ilgili polis ekiplerinin \u00e7al\u0131\u015fma ba\u015flatt\u0131\u011f\u0131 \u00f6\u011frenildi.<\/p>\n<p><img decoding=\"async\" src=\"https:\/\/bihavadis.com\/wp-content\/uploads\/2026\/02\/adanada-iki-grup-arasindaki-tufekli-kavga-kameraya-yansidi-1-eeS1IyW6.jpg\"\/><\/p>\n","protected":false},"excerpt":{"rendered":"<p>\u00c7ukurova il\u00e7esinde iki grup aras\u0131nda \u00e7\u0131kan kavgada bir ki\u015fi pompal\u0131 t\u00fcfekle havaya art arda ate\u015f a\u00e7arken o anlar cep telefonu kameras\u0131 ile kayda al\u0131nd\u0131.<\/p>\n","protected":false},"author":1,"featured_media":36743,"comment_status":"open","ping_status":"open","sticky":false,"template":"","format":"standard","meta":{"footnotes":""},"categories":[4,13],"tags":[],"class_list":["post-36742","post","type-post","status-publish","format-standard","has-post-thumbnail","hentry","category-gundem","category-son-dakika"],"_links":{"self":[{"href":"https:\/\/bihavadis.com\/index.php\/wp-json\/wp\/v2\/posts\/36742","targetHints":{"allow":["GET"]}}],"collection":[{"href":"https:\/\/bihavadis.com\/index.php\/wp-json\/wp\/v2\/posts"}],"about":[{"href":"https:\/\/bihavadis.com\/index.php\/wp-json\/wp\/v2\/types\/post"}],"author":[{"embeddable":true,"href":"https:\/\/bihavadis.com\/index.php\/wp-json\/wp\/v2\/users\/1"}],"replies":[{"embeddable":true,"href":"https:\/\/bihavadis.com\/index.php\/wp-json\/wp\/v2\/comments?post=36742"}],"version-history":[{"count":1,"href":"https:\/\/bihavadis.com\/index.php\/wp-json\/wp\/v2\/posts\/36742\/revisions"}],"predecessor-version":[{"id":36746,"href":"https:\/\/bihavadis.com\/index.php\/wp-json\/wp\/v2\/posts\/36742\/revisions\/36746"}],"wp:featuredmedia":[{"embeddable":true,"href":"https:\/\/bihavadis.com\/index.php\/wp-json\/wp\/v2\/media\/36743"}],"wp:attachment":[{"href":"https:\/\/bihavadis.com\/index.php\/wp-json\/wp\/v2\/media?parent=36742"}],"wp:term":[{"taxonomy":"category","embeddable":true,"href":"https:\/\/bihavadis.com\/index.php\/wp-json\/wp\/v2\/categories?post=36742"},{"taxonomy":"post_tag","embeddable":true,"href":"https:\/\/bihavadis.com\/index.php\/wp-json\/wp\/v2\/tags?post=36742"}],"curies":[{"name":"wp","href":"https:\/\/api.w.org\/{rel}","templated":true}]}}