{"id":36762,"date":"2026-02-18T10:18:07","date_gmt":"2026-02-18T10:18:07","guid":{"rendered":"https:\/\/bihavadis.com\/?p=36762"},"modified":"2026-02-18T10:18:07","modified_gmt":"2026-02-18T10:18:07","slug":"faruk-acardan-turkiye-artik-eski-ezberlerle-yonetilmiyor-paylasimi","status":"publish","type":"post","link":"https:\/\/bihavadis.com\/index.php\/2026\/02\/18\/faruk-acardan-turkiye-artik-eski-ezberlerle-yonetilmiyor-paylasimi\/","title":{"rendered":"Faruk Acar&#8217;dan &#8216;T\u00fcrkiye art\u0131k eski ezberlerle y\u00f6netilmiyor&#8217; payla\u015f\u0131m\u0131"},"content":{"rendered":"<p>T\u00fcrk siyasetinde son g\u00fcnler olduk\u00e7a yo\u011fun ge\u00e7iyor.<\/p>\n<p>Eski\u015fehir Mihalgazi Belediye Ba\u015fkan\u0131 Zeynep G\u00fcne\u015f&#8217;in \u0130yi Partili Mehmet Emin Korkmaz taraf\u0131ndan k\u0131l\u0131k k\u0131yafeti \u00fczerinden hedef al\u0131nmas\u0131n\u0131n ard\u0131ndan bug\u00fcn de TBMM Genel Kurulu&#8217;nda ya\u015fan\u0131lan kavga g\u00fcndeme bomba gibi d\u00fc\u015ft\u00fc.<\/p>\n<p>Adalet ve \u0130\u00e7i\u015fleri Bakanl\u0131\u011f\u0131 g\u00f6revlerini devralan Ak\u0131n G\u00fcrlek ve Mustafa \u00c7ift\u00e7i&#8217;nin yemin t\u00f6reni \u00f6ncesi Meclis, ringe d\u00f6nd\u00fc..<\/p>\n<p>G\u00fcrlek ve \u00c7ift\u00e7i&#8217;nin yemin etmesine engel olmak isteyen CHP&#8217;li vekillerin k\u00fcrs\u00fcy\u00fc kapatmas\u0131 sonucu yumruklu kavga \u00e7\u0131kt\u0131.\u00a0<\/p>\n<p>Ak\u0131n G\u00fcrlek ile Mustafa \u00c7ift\u00e7i ise AK Partili milletvekillerinin etten duvar \u00f6rmesi sonucu yemin ederek g\u00f6revlerine ba\u015flad\u0131.\u00a0<\/p>\n<p>Kavga s\u0131ras\u0131nda ortaya \u00e7\u0131kan g\u00f6r\u00fcnt\u00fcler ise T\u00fcrk siyasi tarihine kaz\u0131nd\u0131.<\/p>\n<p><strong>&#8220;T\u00dcRK\u0130YE ARTIK ESK\u0130 EZBERLERLE Y\u00d6NET\u0130LM\u0130YOR&#8221;<\/strong><\/p>\n<p>Konuyla ilgili sosyal medya hesab\u0131ndan a\u00e7\u0131klama yapan\u00a0AK Parti Genel Ba\u015fkan Yard\u0131mc\u0131s\u0131 Faruk Acar, bug\u00fcn ya\u015fan\u0131lanlar\u0131n karelerini payla\u015farak <em><b>&#8220;T\u00fcrkiye art\u0131k eski ezberlerle y\u00f6netilmiyor&#8221; <\/b><\/em>vurgusunda bulundu.\u00a0<\/p>\n<p>Acar, \u015fu ifadeleri kulland\u0131:<\/p>\n<p>Bu kareler bug\u00fcnden. Okumak isteyen i\u00e7in \u00e7ok \u015fey anlat\u0131yor.<\/p>\n<p>Meclis k\u00fcrs\u00fcs\u00fcnde g\u00f6revine ba\u015flamak i\u00e7in yemin etmeye gelen bakanlar\u0131n s\u00f6z\u00fcn\u00fcn sloganlarla kesilmeye \u00e7al\u0131\u015f\u0131ld\u0131\u011f\u0131, milli iradenin tecelli etti\u011fi bir an\u0131n protestolarla g\u00f6lgelenmek istendi\u011fi anlar\u2026 <\/p>\n<p>Bir zamanlar Meclis\u2019te insanlar\u0131n inanc\u0131na, k\u0131yafetine, se\u00e7imine ve hatta sesine bile tahamm\u00fcl edemeyen bir anlay\u0131\u015f vard\u0131.<\/p>\n<p>Bug\u00fcn ise bu zihniyet maalesef hala aram\u0131zda; ama hamdolsun ki d\u00fcn hor g\u00f6r\u00fclenlerin yan\u0131nda bug\u00fcn dimdik ayakta duran bir liderimiz var. <\/p>\n<p>T\u00fcrkiye art\u0131k eski ezberlerle y\u00f6netilmiyor.<\/p>\n<p><strong>&#8220;T\u00dcRK\u0130YE&#8217;N\u0130N ROTASI DA G\u00dcNDEM\u0130 DE ARTIK BELL\u0130D\u0130R; B\u00dcY\u00dcK, G\u00dc\u00c7L\u00dc VE TAM BA\u011eIMSIZ B\u0130R T\u00dcRK\u0130YE&#8221;<\/strong><\/p>\n<p>Kimsenin ya\u015fam tarz\u0131 \u00fczerinden siyaset kurmas\u0131na da, milletin se\u00e7imlerini gasp etmeye \u00e7al\u0131\u015fmas\u0131na da, bu topraklar\u0131n, Anadolunun \u00f6z evlatlar\u0131na hadsizlik yap\u0131lmas\u0131na da tahamm\u00fcl\u00fcm\u00fcz yok. <\/p>\n<p>\u00dclke olarak b\u00fcy\u00fck ve me\u015fakkatli bir y\u00fcr\u00fcy\u00fc\u015f\u00fcn i\u00e7indeyiz.<\/p>\n<p>K\u00fc\u00e7\u00fck ve ilkel reflekslerle oyalanacak bir vaktimiz yok.<\/p>\n<p>T\u00fcrkiye Cumhuriyeti Devleti\u2019nin rotas\u0131 da, g\u00fcndemi de art\u0131k bellidir; B\u00fcy\u00fck, G\u00fc\u00e7l\u00fc ve Tam Ba\u011f\u0131ms\u0131z bir T\u00fcrkiye\u2019nin \u00f6n\u00fcnde hi\u00e7bir be\u015feri g\u00fc\u00e7 duramayacakt\u0131r.<\/p>\n<p><img decoding=\"async\" src=\"https:\/\/bihavadis.com\/wp-content\/uploads\/2026\/02\/faruk-acardan-turkiye-artik-eski-ezberlerle-yonetilmiyor-paylasimi-0-keUdvx2t.jpg\"\/><\/p>\n","protected":false},"excerpt":{"rendered":"<p>AK Parti Genel Ba\u015fkan Yard\u0131mc\u0131s\u0131 Faruk Acar, &#8220;T\u00fcrkiye Cumhuriyeti Devleti\u2019nin rotas\u0131 da, g\u00fcndemi de art\u0131k bellidir; B\u00fcy\u00fck, G\u00fc\u00e7l\u00fc ve Tam Ba\u011f\u0131ms\u0131z bir T\u00fcrkiye\u2019nin \u00f6n\u00fcnde hi\u00e7bir be\u015feri g\u00fc\u00e7 duramayacakt\u0131r.&#8221; dedi.<\/p>\n","protected":false},"author":1,"featured_media":36763,"comment_status":"open","ping_status":"open","sticky":false,"template":"","format":"standard","meta":{"footnotes":""},"categories":[9,13],"tags":[3113,517],"class_list":["post-36762","post","type-post","status-publish","format-standard","has-post-thumbnail","hentry","category-genel","category-son-dakika","tag-artik","tag-turk"],"_links":{"self":[{"href":"https:\/\/bihavadis.com\/index.php\/wp-json\/wp\/v2\/posts\/36762","targetHints":{"allow":["GET"]}}],"collection":[{"href":"https:\/\/bihavadis.com\/index.php\/wp-json\/wp\/v2\/posts"}],"about":[{"href":"https:\/\/bihavadis.com\/index.php\/wp-json\/wp\/v2\/types\/post"}],"author":[{"embeddable":true,"href":"https:\/\/bihavadis.com\/index.php\/wp-json\/wp\/v2\/users\/1"}],"replies":[{"embeddable":true,"href":"https:\/\/bihavadis.com\/index.php\/wp-json\/wp\/v2\/comments?post=36762"}],"version-history":[{"count":1,"href":"https:\/\/bihavadis.com\/index.php\/wp-json\/wp\/v2\/posts\/36762\/revisions"}],"predecessor-version":[{"id":36765,"href":"https:\/\/bihavadis.com\/index.php\/wp-json\/wp\/v2\/posts\/36762\/revisions\/36765"}],"wp:featuredmedia":[{"embeddable":true,"href":"https:\/\/bihavadis.com\/index.php\/wp-json\/wp\/v2\/media\/36763"}],"wp:attachment":[{"href":"https:\/\/bihavadis.com\/index.php\/wp-json\/wp\/v2\/media?parent=36762"}],"wp:term":[{"taxonomy":"category","embeddable":true,"href":"https:\/\/bihavadis.com\/index.php\/wp-json\/wp\/v2\/categories?post=36762"},{"taxonomy":"post_tag","embeddable":true,"href":"https:\/\/bihavadis.com\/index.php\/wp-json\/wp\/v2\/tags?post=36762"}],"curies":[{"name":"wp","href":"https:\/\/api.w.org\/{rel}","templated":true}]}}