{"id":36824,"date":"2026-02-18T11:09:08","date_gmt":"2026-02-18T11:09:08","guid":{"rendered":"https:\/\/bihavadis.com\/?p=36824"},"modified":"2026-02-18T11:09:08","modified_gmt":"2026-02-18T11:09:08","slug":"trump-epstein-ile-baglantisini-reddetti","status":"publish","type":"post","link":"https:\/\/bihavadis.com\/index.php\/2026\/02\/18\/trump-epstein-ile-baglantisini-reddetti\/","title":{"rendered":"Trump, Epstein ile Ba\u011flant\u0131s\u0131n\u0131 Reddetti"},"content":{"rendered":"<p>ABD Ba\u015fkan\u0131 Donald Trump, Oval Ofis&#8217;te d\u00fczenledi\u011fi bir imza t\u00f6reninde Epstein dosyalar\u0131yla ilgili sorular\u0131 yan\u0131tlad\u0131.<\/p>\n<p><b>&#8220;ADAYA H\u0130\u00c7 G\u0130TMED\u0130M&#8221;<\/b><\/p>\n<p>Adalet Bakanl\u0131\u011f\u0131n\u0131n a\u00e7\u0131klad\u0131\u011f\u0131 dosyalar\u0131n kendisini &#8220;aklad\u0131\u011f\u0131n\u0131&#8221; savunan Trump, Epstein adas\u0131na hi\u00e7 gitmedi\u011fini, ancak aralar\u0131nda eski ba\u015fkanlardan Bill Clinton gibi isimlerin de oldu\u011fu bir\u00e7ok Demokrat ismin adaya gitti\u011finin ortaya \u00e7\u0131kt\u0131\u011f\u0131n\u0131 belirtti.<\/p>\n<p><b>&#8220;BA\u015eKANLI\u011eIMI \u00d6NLEMEK \u0130\u00c7\u0130N KOMPLO KURDULAR&#8221;<\/b><\/p>\n<p>Trump, Epstein ile Michael Wolff adl\u0131 bir yazar\u0131n kendisinin ba\u015fkanl\u0131\u011f\u0131n\u0131 \u00f6nlemek i\u00e7in &#8220;komplo kurdu\u011funu&#8221; ileri s\u00fcrerek, &#8220;Jeffrey Epstein ile hi\u00e7bir ilgim yok.&#8221; diye konu\u015ftu.<\/p>\n","protected":false},"excerpt":{"rendered":"<p>Donald Trump, Jeffrey Epstein&#8217;\u0131n dosyalar\u0131n\u0131n kendisini aklad\u0131\u011f\u0131n\u0131 savunarak ba\u011flant\u0131s\u0131n\u0131 yalanlad\u0131.<\/p>\n","protected":false},"author":1,"featured_media":36825,"comment_status":"open","ping_status":"open","sticky":false,"template":"","format":"standard","meta":{"footnotes":""},"categories":[9,4,13],"tags":[],"class_list":["post-36824","post","type-post","status-publish","format-standard","has-post-thumbnail","hentry","category-genel","category-gundem","category-son-dakika"],"_links":{"self":[{"href":"https:\/\/bihavadis.com\/index.php\/wp-json\/wp\/v2\/posts\/36824","targetHints":{"allow":["GET"]}}],"collection":[{"href":"https:\/\/bihavadis.com\/index.php\/wp-json\/wp\/v2\/posts"}],"about":[{"href":"https:\/\/bihavadis.com\/index.php\/wp-json\/wp\/v2\/types\/post"}],"author":[{"embeddable":true,"href":"https:\/\/bihavadis.com\/index.php\/wp-json\/wp\/v2\/users\/1"}],"replies":[{"embeddable":true,"href":"https:\/\/bihavadis.com\/index.php\/wp-json\/wp\/v2\/comments?post=36824"}],"version-history":[{"count":1,"href":"https:\/\/bihavadis.com\/index.php\/wp-json\/wp\/v2\/posts\/36824\/revisions"}],"predecessor-version":[{"id":36826,"href":"https:\/\/bihavadis.com\/index.php\/wp-json\/wp\/v2\/posts\/36824\/revisions\/36826"}],"wp:featuredmedia":[{"embeddable":true,"href":"https:\/\/bihavadis.com\/index.php\/wp-json\/wp\/v2\/media\/36825"}],"wp:attachment":[{"href":"https:\/\/bihavadis.com\/index.php\/wp-json\/wp\/v2\/media?parent=36824"}],"wp:term":[{"taxonomy":"category","embeddable":true,"href":"https:\/\/bihavadis.com\/index.php\/wp-json\/wp\/v2\/categories?post=36824"},{"taxonomy":"post_tag","embeddable":true,"href":"https:\/\/bihavadis.com\/index.php\/wp-json\/wp\/v2\/tags?post=36824"}],"curies":[{"name":"wp","href":"https:\/\/api.w.org\/{rel}","templated":true}]}}