{"id":36840,"date":"2026-02-18T11:21:04","date_gmt":"2026-02-18T11:21:04","guid":{"rendered":"https:\/\/bihavadis.com\/?p=36840"},"modified":"2026-02-18T11:21:04","modified_gmt":"2026-02-18T11:21:04","slug":"kucukcekmece-ramazan-ayina-hazir","status":"publish","type":"post","link":"https:\/\/bihavadis.com\/index.php\/2026\/02\/18\/kucukcekmece-ramazan-ayina-hazir\/","title":{"rendered":"K\u00fc\u00e7\u00fck\u00e7ekmece Ramazan Ay\u0131na Haz\u0131r"},"content":{"rendered":"<p>K\u00fc\u00e7\u00fck\u00e7ekmece Belediyesi, Ramazan ay\u0131na say\u0131l\u0131 g\u00fcnler kala pek \u00e7ok alanda haz\u0131rl\u0131klar\u0131n\u0131 tamamlad\u0131. Ramazan ay\u0131 boyunca her ak\u015fam kentin i\u015flek noktalar\u0131nda iftariyelik da\u011f\u0131t\u0131m\u0131 yap\u0131lacak ve il\u00e7edeki 6 sabit nokta ve muhtelif alanlarda kurulacak iftar sofralar\u0131yla 75 bin ki\u015fi Ramazan\u0131n huzurunu ve bereketini ayn\u0131 sofrada payla\u015facak.<\/p>\n<p><b>Kemal \u00c7ebi: Hem\u015fehrilerimizi iftar sofralar\u0131m\u0131za ve k\u00fclt\u00fcrel etkinliklerimize bekliyoruz<\/b><\/p>\n<p>Vatanda\u015flar\u0131n Ramazan ay\u0131n\u0131 tebrik eden K\u00fc\u00e7\u00fck\u00e7ekmece Belediye Ba\u015fkan\u0131 Kemal \u00c7ebi, \u2018\u2019On bir ay\u0131n sultan\u0131 Ramazan ay\u0131nda birli\u011fimizin, beraberli\u011fimizin ve dayan\u0131\u015fmam\u0131z\u0131n artmas\u0131n\u0131 temenni ediyorum. K\u00fc\u00e7\u00fck\u00e7ekmece Belediyesi olarak vatanda\u015flar\u0131m\u0131z\u0131n Ramazan ay\u0131n\u0131 huzurlu ve dolu dolu ge\u00e7irebilmesi i\u00e7in \u00e7al\u0131\u015fmalar\u0131m\u0131z\u0131 tamamlad\u0131k. \u0130ftar sofralar\u0131m\u0131za ve Ramazan etkinliklerimize t\u00fcm hem\u015fehrilerimizi bekliyoruz\u2019\u2019 dedi.<\/p>\n<p><b>\u0130ftar sofralar\u0131 kurulacak<\/b><\/p>\n<p>Fatih, Kanarya, Halkal\u0131 Merkez ve Yar\u0131mburgaz Taziyeevi ve \u00c7ok Ama\u00e7l\u0131 Salonunda, Kemalpa\u015fa Semt Kona\u011f\u0131 ve A\u015fevi Yemekhanesi\u2019nde Ramazan ay\u0131 boyunca her ak\u015fam iftar sofralar\u0131 kurulacak. Ayr\u0131ca kentin i\u015flek noktalar\u0131nda iftara yeti\u015femeyen vatanda\u015flar i\u00e7in ise mobil ikram ara\u00e7lar\u0131ndan iftariyelik da\u011f\u0131t\u0131m\u0131 ger\u00e7ekle\u015ftirilecek.<\/p>\n<p><b>Geleneksel ve k\u00fclt\u00fcrel etkinlikler d\u00fczenlenecek<\/b><\/p>\n<p>Ramazan ay\u0131 boyunca Cennet K\u00fclt\u00fcr ve Sanat Merkezi&#8217;nde Ramazan ay\u0131n\u0131n manevi atmosferine uygun yeti\u015fkin ve \u00e7ocuk at\u00f6lyeleri d\u00fczenlenecek. Sefak\u00f6y K\u00fclt\u00fcr ve Sanat Merkezi\u2019nde ise; \u00a0Karag\u00f6z Hacivat g\u00f6lge oyunu, \u00e7ocuk tiyatrosu ve m\u00fczikali, tahta bacak- davulcu, vantrolog, sihirbaz, buble, jongl\u00f6r ve balon katlama showlar\u0131 olacak.<\/p>\n<p><b>\u0130badethanelerde temizlik \u00e7al\u0131\u015fmalar\u0131 yap\u0131l\u0131yor<\/b><\/p>\n<p>Vatanda\u015flar\u0131n daha temiz bir ortamda ibadetlerini yapabilmeleri amac\u0131yla K\u00fc\u00e7\u00fck\u00e7ekmece Belediyesi ekipleri taraf\u0131ndan il\u00e7edeki cami, cemevi ve kuran kurslar\u0131nda Ramazan ay\u0131 boyunca temizlik \u00e7al\u0131\u015fmalar\u0131 devam edecek.<\/p>\n<p><b>F\u0131r\u0131n ve pastanelerde denetimler ger\u00e7ekle\u015ftiriliyor<\/b><\/p>\n<p>Ramazan ay\u0131 sebebiyle olu\u015fabilecek fahi\u015f fiyat art\u0131\u015f\u0131n\u0131n \u00f6n\u00fcne ge\u00e7ebilmek amac\u0131yla zab\u0131ta ekipleri il\u00e7edeki f\u0131r\u0131n ve pastanelerde denetimler yap\u0131yor. Ayr\u0131ca denetimlerde; i\u015fletmelerin temizli\u011fi, \u00fcr\u00fcnlerin sa\u011fl\u0131k a\u00e7\u0131s\u0131ndan uygun olup olmad\u0131\u011f\u0131 da kontrol ediliyor.\u00a0Ramazan ay\u0131 boyunca da zab\u0131ta ekipleri denetimlerini s\u00fcrd\u00fcrecek.<\/p>\n<p>\u00a0<\/p>\n<p>Kaynak: (BYZHA) Beyaz Haber Ajans\u0131<\/p>\n","protected":false},"excerpt":{"rendered":"<p>K\u00fc\u00e7\u00fck\u00e7ekmece Belediyesi, Ramazan ay\u0131na say\u0131l\u0131 g\u00fcnler kala pek \u00e7ok alanda haz\u0131rl\u0131klar\u0131n\u0131 tamamlad\u0131.<\/p>\n","protected":false},"author":1,"featured_media":36841,"comment_status":"open","ping_status":"open","sticky":false,"template":"","format":"standard","meta":{"footnotes":""},"categories":[4],"tags":[5273,675,1704],"class_list":["post-36840","post","type-post","status-publish","format-standard","has-post-thumbnail","hentry","category-gundem","tag-boyunca","tag-iftar","tag-ramazan-ayi"],"_links":{"self":[{"href":"https:\/\/bihavadis.com\/index.php\/wp-json\/wp\/v2\/posts\/36840","targetHints":{"allow":["GET"]}}],"collection":[{"href":"https:\/\/bihavadis.com\/index.php\/wp-json\/wp\/v2\/posts"}],"about":[{"href":"https:\/\/bihavadis.com\/index.php\/wp-json\/wp\/v2\/types\/post"}],"author":[{"embeddable":true,"href":"https:\/\/bihavadis.com\/index.php\/wp-json\/wp\/v2\/users\/1"}],"replies":[{"embeddable":true,"href":"https:\/\/bihavadis.com\/index.php\/wp-json\/wp\/v2\/comments?post=36840"}],"version-history":[{"count":1,"href":"https:\/\/bihavadis.com\/index.php\/wp-json\/wp\/v2\/posts\/36840\/revisions"}],"predecessor-version":[{"id":36842,"href":"https:\/\/bihavadis.com\/index.php\/wp-json\/wp\/v2\/posts\/36840\/revisions\/36842"}],"wp:featuredmedia":[{"embeddable":true,"href":"https:\/\/bihavadis.com\/index.php\/wp-json\/wp\/v2\/media\/36841"}],"wp:attachment":[{"href":"https:\/\/bihavadis.com\/index.php\/wp-json\/wp\/v2\/media?parent=36840"}],"wp:term":[{"taxonomy":"category","embeddable":true,"href":"https:\/\/bihavadis.com\/index.php\/wp-json\/wp\/v2\/categories?post=36840"},{"taxonomy":"post_tag","embeddable":true,"href":"https:\/\/bihavadis.com\/index.php\/wp-json\/wp\/v2\/tags?post=36840"}],"curies":[{"name":"wp","href":"https:\/\/api.w.org\/{rel}","templated":true}]}}