{"id":36880,"date":"2026-02-18T11:54:06","date_gmt":"2026-02-18T11:54:06","guid":{"rendered":"https:\/\/bihavadis.com\/?p=36880"},"modified":"2026-02-18T11:54:06","modified_gmt":"2026-02-18T11:54:06","slug":"pedofili-dosyasindaki-en-saglam-kanit-ulke-bu-fotografi-konusuyor","status":"publish","type":"post","link":"https:\/\/bihavadis.com\/index.php\/2026\/02\/18\/pedofili-dosyasindaki-en-saglam-kanit-ulke-bu-fotografi-konusuyor\/","title":{"rendered":"Pedofili dosyas\u0131ndaki en sa\u011flam kan\u0131t! \u00dclke bu foto\u011fraf\u0131 konu\u015fuyor"},"content":{"rendered":"<p>ABD Adalet Bakanl\u0131\u011f\u0131&#8217;n\u0131n (DOJ) &#8220;Epstein \u015eeffafl\u0131k Yasas\u0131&#8221; uyar\u0131nca payla\u015ft\u0131\u011f\u0131 devasa veri setinde, Epstein&#8217;\u0131n ki\u015fisel ya\u015fam\u0131na ve su\u00e7 te\u015fkil eden e\u011filimlerine dair somut deliller g\u00fcn y\u00fcz\u00fcne \u00e7\u0131kmaya devam ediyor. Bu belgeler aras\u0131nda yer alan ve bir delil po\u015feti \u00fczerinde foto\u011fraflanan g\u00fcm\u00fc\u015f \u00e7er\u00e7eveli bir resim, d\u0131\u015f bas\u0131nda (The Guardian, Sky News, People) &#8220;deh\u015fet verici&#8221; olarak nitelendirildi.<\/p>\n<p>Payla\u015f\u0131lan g\u00f6rselde, bir kan\u0131t masas\u0131 \u00fczerinde duran g\u00fcm\u00fc\u015f bir \u00e7er\u00e7eve g\u00f6r\u00fcl\u00fcyor. \u00c7er\u00e7evenin i\u00e7indeki foto\u011frafta: Jeffrey Epstein, k\u00fc\u00e7\u00fck bir \u00e7ocu\u011fu kuca\u011f\u0131nda tutarken veya ona \u00e7ok yak\u0131n bir mesafede g\u00f6r\u00fcl\u00fcyor.<\/p>\n<p><b>&#8220;BACA\u011eINI ISIRIR G\u0130B\u0130 YAPIYOR&#8221;<\/b><\/p>\n<p>Foto\u011fraftaki \u00e7ocuk, Epstein&#8217;\u0131n kuca\u011f\u0131nda veya hemen yan\u0131nda oturuyor; bas\u0131na s\u0131zan baz\u0131 analizlerde Epstein&#8217;\u0131n \u00e7ocu\u011fun baca\u011f\u0131n\u0131 \u0131s\u0131r\u0131r gibi yapt\u0131\u011f\u0131 veya \u015fakala\u015ft\u0131\u011f\u0131 an\u0131n donduruldu\u011fu iddia ediliyor.<\/p>\n<p><b>RESM\u0130 B\u0130R KANIT OLARAK EKLEND\u0130<\/b><\/p>\n<p>G\u00f6rselin alt k\u0131sm\u0131ndaki &#8220;Item #10&#8221; yaz\u0131l\u0131 sar\u0131 etiket, bu foto\u011fraf\u0131n Epstein&#8217;\u0131n Manhattan veya Palm Beach&#8217;teki evinden al\u0131nan resmi bir adli kan\u0131t oldu\u011funu tescilliyor.<\/p>\n<p><b>\u00dcLKE BU FOTO\u011eRAFI KONU\u015eUYOR<\/b><\/p>\n<p>Uluslararas\u0131 medya kurulu\u015flar\u0131, bu foto\u011fraf\u0131n Epstein&#8217;\u0131n yatak odas\u0131n\u0131n hemen d\u0131\u015f\u0131nda veya \u00e7ok yak\u0131n\u0131nda sergilendi\u011fini belirtiyor. The Guardian, savc\u0131l\u0131k belgelerine dayanarak, Epstein&#8217;\u0131n evlerinde bu t\u00fcr &#8220;cinsel imalar i\u00e7eren veya \u00e7ocuklarla olan yak\u0131nl\u0131\u011f\u0131n\u0131 g\u00f6steren&#8221; foto\u011fraflar\u0131n bir dekorasyon \u00f6\u011fesi gibi sergilendi\u011fini raporlad\u0131.<\/p>\n<p>People Dergisi, 2025 Aral\u0131k ve 2026 Ocak aylar\u0131ndaki haberlerinde, bu g\u00f6rsellerin Epstein&#8217;\u0131n \u00e7ocuk istismar\u0131 a\u011f\u0131n\u0131n ne kadar &#8220;normalle\u015ftirilmi\u015f&#8221; bir par\u00e7as\u0131 oldu\u011funu vurgulad\u0131.<\/p>\n<p><b>K\u0130ML\u0130KLER NEDEN <i>G\u0130ZL\u0130<\/i>?<\/b><\/p>\n<p>Adalet Bakanl\u0131\u011f\u0131 taraf\u0131ndan yay\u0131nlanan bu ve benzeri foto\u011fraflarda, kurbanlar\u0131n veya potansiyel ma\u011fdur \u00e7ocuklar\u0131n y\u00fczleri &#8220;redacted&#8221; (karart\u0131lm\u0131\u015f) \u015fekilde sunuluyor. Uzmanlar, bu \u00e7ocu\u011fun kimli\u011finin hen\u00fcz kamuoyuyla payla\u015f\u0131lmad\u0131\u011f\u0131n\u0131 ancak soru\u015fturma birimlerinin bu isimlerin pe\u015finde oldu\u011funu belirtiyor.<\/p>\n<p><b>\u00dcZER\u0130NDEK\u0130 ET\u0130KET D\u0130KKAT \u00c7EKT\u0130<\/b><\/p>\n<p>Bu foto\u011fraf, sosyal medyada dola\u015fan &#8220;sahte&#8221; listelerin aksine, FBI ve Adalet Bakanl\u0131\u011f\u0131&#8217;n\u0131n resmi ar\u015fivinden gelen kesin bir kan\u0131tt\u0131r. &#8220;Item #10&#8221; etiketi, bu karenin sadece bir an\u0131 de\u011fil, mahkemede Epstein ve su\u00e7 ortaklar\u0131na (Ghislaine Maxwell gibi) kar\u015f\u0131 kullan\u0131lan bir &#8220;su\u00e7 mahalli bulgusu&#8221; oldu\u011funu teyit etmektedir.<\/p>\n","protected":false},"excerpt":{"rendered":"<p>Jeffrey Epstein&#8217;\u0131n malikanesinde yap\u0131lan aramalarda ele ge\u00e7irilen ve &#8220;Item #10&#8221; (10 Numaral\u0131 Par\u00e7a) olarak etiketlenen g\u00fcm\u00fc\u015f \u00e7er\u00e7eveli foto\u011fraf, 2026 y\u0131l\u0131 ba\u015f\u0131nda s\u0131zd\u0131r\u0131lan belgelerle birlikte yeniden d\u00fcnya g\u00fcndemine oturdu. Foto\u011frafta Epstein&#8217;\u0131n k\u00fc\u00e7\u00fck bir \u00e7ocukla olan yak\u0131nl\u0131\u011f\u0131, davan\u0131n karanl\u0131k y\u00fcz\u00fcn\u00fc bir kez daha g\u00f6zler \u00f6n\u00fcne seriyor.<\/p>\n","protected":false},"author":1,"featured_media":36881,"comment_status":"open","ping_status":"open","sticky":false,"template":"","format":"standard","meta":{"footnotes":""},"categories":[6],"tags":[3584],"class_list":["post-36880","post","type-post","status-publish","format-standard","has-post-thumbnail","hentry","category-dunya","tag-epsteinin"],"_links":{"self":[{"href":"https:\/\/bihavadis.com\/index.php\/wp-json\/wp\/v2\/posts\/36880","targetHints":{"allow":["GET"]}}],"collection":[{"href":"https:\/\/bihavadis.com\/index.php\/wp-json\/wp\/v2\/posts"}],"about":[{"href":"https:\/\/bihavadis.com\/index.php\/wp-json\/wp\/v2\/types\/post"}],"author":[{"embeddable":true,"href":"https:\/\/bihavadis.com\/index.php\/wp-json\/wp\/v2\/users\/1"}],"replies":[{"embeddable":true,"href":"https:\/\/bihavadis.com\/index.php\/wp-json\/wp\/v2\/comments?post=36880"}],"version-history":[{"count":1,"href":"https:\/\/bihavadis.com\/index.php\/wp-json\/wp\/v2\/posts\/36880\/revisions"}],"predecessor-version":[{"id":36882,"href":"https:\/\/bihavadis.com\/index.php\/wp-json\/wp\/v2\/posts\/36880\/revisions\/36882"}],"wp:featuredmedia":[{"embeddable":true,"href":"https:\/\/bihavadis.com\/index.php\/wp-json\/wp\/v2\/media\/36881"}],"wp:attachment":[{"href":"https:\/\/bihavadis.com\/index.php\/wp-json\/wp\/v2\/media?parent=36880"}],"wp:term":[{"taxonomy":"category","embeddable":true,"href":"https:\/\/bihavadis.com\/index.php\/wp-json\/wp\/v2\/categories?post=36880"},{"taxonomy":"post_tag","embeddable":true,"href":"https:\/\/bihavadis.com\/index.php\/wp-json\/wp\/v2\/tags?post=36880"}],"curies":[{"name":"wp","href":"https:\/\/api.w.org\/{rel}","templated":true}]}}