{"id":36921,"date":"2026-02-18T12:21:39","date_gmt":"2026-02-18T12:21:39","guid":{"rendered":"https:\/\/bihavadis.com\/?p=36921"},"modified":"2026-02-18T12:21:39","modified_gmt":"2026-02-18T12:21:39","slug":"bruno-le-mairein-epstein-ile-gorusmesi-ortaya-cikti","status":"publish","type":"post","link":"https:\/\/bihavadis.com\/index.php\/2026\/02\/18\/bruno-le-mairein-epstein-ile-gorusmesi-ortaya-cikti\/","title":{"rendered":"Bruno Le Maire&#8217;in Epstein ile G\u00f6r\u00fc\u015fmesi Ortaya \u00c7\u0131kt\u0131"},"content":{"rendered":"<p>ABD Adalet Bakan Yard\u0131mc\u0131s\u0131 Todd Blanche&#8217;\u0131n, Epstein hakk\u0131ndaki soru\u015fturmayla ilgili 3 milyondan fazla yeni dosyay\u0131 daha kamuoyuyla payla\u015ft\u0131klar\u0131n\u0131 bildirmesinin ard\u0131ndan, belgelerde dikkati \u00e7eken isimlerden biri de eski Fransa Maliye Bakan\u0131 Le Maire oldu.<\/p>\n<p><b>DEFALARCA EV\u0130NE G\u0130R\u0130P \u00c7IKMI\u015e<\/b><\/p>\n<p>Eski Fransa Cumhurba\u015fkan\u0131 Nicolas Sarkozy&#8217;nin dan\u0131\u015fmanl\u0131\u011f\u0131n\u0131 y\u00fcr\u00fcten Oliver Colom ile Epstein aras\u0131nda farkl\u0131 tarihlerde yap\u0131lan e-posta yaz\u0131\u015fmalar\u0131, Le Maire&#8217;in Colom taraf\u0131ndan Epstein ile g\u00f6r\u00fc\u015fmek \u00fczere milyarderin evine g\u00f6t\u00fcr\u00fcld\u00fc\u011f\u00fcn\u00fc g\u00f6sterdi.<\/p>\n<p><b>\u0130\u015e \u0130NSANLARIYLA TANI\u015eTIRILMAK \u0130\u00c7\u0130N DAVET ED\u0130LM\u0130\u015e<\/b><\/p>\n<p>Colom ile Epstein aras\u0131ndaki yaz\u0131\u015fmalarda bulu\u015fman\u0131n milyardere ait evlerden hangisinde ger\u00e7ekle\u015fti\u011fi belirtilmezken, isminin sakl\u0131 tutulmas\u0131 \u015fart\u0131yla Politico&#8217;ya konu\u015fan Le Maire&#8217;e yak\u0131n kaynaklar, eski Fransa Maliye Bakan\u0131&#8217;n\u0131n Eyl\u00fcl 2013&#8217;te Colom taraf\u0131ndan New York&#8217;ta bir eve i\u015f d\u00fcnyas\u0131ndan insanlarla tan\u0131\u015ft\u0131r\u0131lmak \u00fczere davet edildi\u011fini do\u011frulad\u0131.<\/p>\n","protected":false},"excerpt":{"rendered":"<p>Yeni belgeler, eski Fransa Maliye Bakan\u0131 Le Maire&#8217;in Jeffrey Epstein ile bulu\u015ftu\u011funu ortaya koydu.<\/p>\n","protected":false},"author":1,"featured_media":36922,"comment_status":"open","ping_status":"open","sticky":false,"template":"","format":"standard","meta":{"footnotes":""},"categories":[9,4,13],"tags":[],"class_list":["post-36921","post","type-post","status-publish","format-standard","has-post-thumbnail","hentry","category-genel","category-gundem","category-son-dakika"],"_links":{"self":[{"href":"https:\/\/bihavadis.com\/index.php\/wp-json\/wp\/v2\/posts\/36921","targetHints":{"allow":["GET"]}}],"collection":[{"href":"https:\/\/bihavadis.com\/index.php\/wp-json\/wp\/v2\/posts"}],"about":[{"href":"https:\/\/bihavadis.com\/index.php\/wp-json\/wp\/v2\/types\/post"}],"author":[{"embeddable":true,"href":"https:\/\/bihavadis.com\/index.php\/wp-json\/wp\/v2\/users\/1"}],"replies":[{"embeddable":true,"href":"https:\/\/bihavadis.com\/index.php\/wp-json\/wp\/v2\/comments?post=36921"}],"version-history":[{"count":1,"href":"https:\/\/bihavadis.com\/index.php\/wp-json\/wp\/v2\/posts\/36921\/revisions"}],"predecessor-version":[{"id":36923,"href":"https:\/\/bihavadis.com\/index.php\/wp-json\/wp\/v2\/posts\/36921\/revisions\/36923"}],"wp:featuredmedia":[{"embeddable":true,"href":"https:\/\/bihavadis.com\/index.php\/wp-json\/wp\/v2\/media\/36922"}],"wp:attachment":[{"href":"https:\/\/bihavadis.com\/index.php\/wp-json\/wp\/v2\/media?parent=36921"}],"wp:term":[{"taxonomy":"category","embeddable":true,"href":"https:\/\/bihavadis.com\/index.php\/wp-json\/wp\/v2\/categories?post=36921"},{"taxonomy":"post_tag","embeddable":true,"href":"https:\/\/bihavadis.com\/index.php\/wp-json\/wp\/v2\/tags?post=36921"}],"curies":[{"name":"wp","href":"https:\/\/api.w.org\/{rel}","templated":true}]}}