{"id":37002,"date":"2026-02-18T13:21:38","date_gmt":"2026-02-18T13:21:38","guid":{"rendered":"https:\/\/bihavadis.com\/?p=37002"},"modified":"2026-02-18T13:21:38","modified_gmt":"2026-02-18T13:21:38","slug":"istanbul-merkezli-22-ilde-mlkp-operasyonu-96-supheli-yakalandi","status":"publish","type":"post","link":"https:\/\/bihavadis.com\/index.php\/2026\/02\/18\/istanbul-merkezli-22-ilde-mlkp-operasyonu-96-supheli-yakalandi\/","title":{"rendered":"\u0130stanbul merkezli 22 ilde MLKP operasyonu! 96 \u015f\u00fcpheli yakaland\u0131"},"content":{"rendered":"<p> \u0130stanbul Cumhuriyet Ba\u015fsavc\u0131l\u0131\u011f\u0131 ile \u0130stanbul Emniyet M\u00fcd\u00fcrl\u00fc\u011f\u00fc koordinesinde y\u00fcr\u00fct\u00fclen \u00e7al\u0131\u015fmalarda, \u0130EM Ter\u00f6rle M\u00fccadele ve \u0130stihbarat \u015eube M\u00fcd\u00fcrl\u00fckleri g\u00f6rev ald\u0131. Yap\u0131lan \u00e7al\u0131\u015fmalar\u0131n, \u00f6rg\u00fct\u00fcn bas\u0131n ve gen\u00e7lik yap\u0131lanmalar\u0131 \u00fczerinden faaliyet y\u00fcr\u00fcten \u015fah\u0131slara y\u00f6nelik oldu\u011fu belirtildi.<\/p>\n<p><b>22 \u0130LDE E\u015e ZAMANLI BASKIN<\/b><\/p>\n<p>\u0130stanbul merkezli operasyonlar; Antalya, Ad\u0131yaman, \u015eanl\u0131urfa, Rize, Bursa, Van, Tekirda\u011f, Gaziantep, Samsun, Tunceli, Malatya, Diyarbak\u0131r, Kocaeli, Yalova, Bal\u0131kesir, Denizli, Ankara, \u0130zmir, Sakarya, Adana ve Mersin&#8217;de ger\u00e7ekle\u015ftirildi. Operasyonlarda 96 \u015f\u00fcpheli yakaland\u0131. <\/p>\n<p><b>\u00d6RG\u00dcTSEL FAAL\u0130YETLER TEK TEK TESP\u0130T ED\u0130LD\u0130<\/b><\/p>\n<p> G\u00fcvenlik birimleri, yakalanan \u015f\u00fcphelilerin \u00f6rg\u00fct\u00fcn gen\u00e7lik, bas\u0131n ve propaganda yap\u0131lanmalar\u0131 i\u00e7inde faaliyet y\u00fcr\u00fctt\u00fc\u011f\u00fcn\u00fc tespit etti. \u015e\u00fcphelilerin, \u00f6rg\u00fct\u00fcn \u00fcst d\u00fczey y\u00f6neticilerinin de kat\u0131ld\u0131\u011f\u0131 \u00e7evrim i\u00e7i toplant\u0131larda talimat ald\u0131klar\u0131, \u00f6rg\u00fct\u00fcn 30&#8217;uncu kurulu\u015f y\u0131l d\u00f6n\u00fcm\u00fc etkinlikleri ile s\u00f6zde anma faaliyetlerine kat\u0131ld\u0131klar\u0131 ve \u00f6rg\u00fct propagandas\u0131 i\u00e7eren payla\u015f\u0131mlar yapt\u0131klar\u0131 belirlendi. \u015e\u00fcpheliler hakk\u0131nda soru\u015fturma ba\u015flat\u0131ld\u0131.<\/p>\n<p><b>&#8220;TER\u00d6RLE M\u00dcCADELEM\u0130Z \u00c7OK BOYUTLU \u015eEK\u0130LDE S\u00dcR\u00dcYOR&#8221;<\/b><\/p>\n<p>A\u00e7\u0131klamas\u0131nda ter\u00f6rle m\u00fccadelenin yaln\u0131zca sahadaki operasyonlarla s\u0131n\u0131rl\u0131 olmad\u0131\u011f\u0131n\u0131 vurgulayan Yerlikaya, g\u00fcvenlik, istihbarat, ileti\u015fim ve uluslararas\u0131 i\u015f birli\u011fini kapsayan \u00e7ok boyutlu bir m\u00fccadele y\u00fcr\u00fct\u00fcld\u00fc\u011f\u00fcn\u00fc ifade etti. Yerlikaya, \u00fclkenin her b\u00f6lgesinde huzur ve istikrar\u0131 sa\u011flamak i\u00e7in \u00e7al\u0131\u015fmalar\u0131n kararl\u0131l\u0131kla s\u00fcrd\u00fc\u011f\u00fcn\u00fc belirtti.<\/p>\n<p><b>G\u00dcVENL\u0130K G\u00dc\u00c7LER\u0130NE TEBR\u0130K<\/b><\/p>\n<p> \u0130\u00e7i\u015fleri Bakan\u0131 Ali Yerlikaya, \u0130stanbul Cumhuriyet Ba\u015fsavc\u0131l\u0131\u011f\u0131&#8217;n\u0131, Emniyet M\u00fcd\u00fcrl\u00fc\u011f\u00fc&#8217;n\u00fc, operasyonlarda g\u00f6rev alan polisleri ve eme\u011fi ge\u00e7en t\u00fcm birimleri tebrik etti.<\/p>\n","protected":false},"excerpt":{"rendered":"<p>\u0130\u00e7i\u015fleri Bakan\u0131 Ali Yerlikaya, sosyal medya hesab\u0131ndan yapt\u0131\u011f\u0131 a\u00e7\u0131klamada, MLKP Silahl\u0131 Ter\u00f6r \u00d6rg\u00fct\u00fc&#8217;ne y\u00f6nelik \u0130stanbul merkezli 22 ilde e\u015f zamanl\u0131 operasyonlar d\u00fczenlendi\u011fini duyurdu. Yerlikaya, operasyonlarda toplam 96 \u015f\u00fcphelinin yakaland\u0131\u011f\u0131n\u0131 bildirdi.<\/p>\n","protected":false},"author":1,"featured_media":37003,"comment_status":"open","ping_status":"open","sticky":false,"template":"","format":"standard","meta":{"footnotes":""},"categories":[9,4,13],"tags":[1435],"class_list":["post-37002","post","type-post","status-publish","format-standard","has-post-thumbnail","hentry","category-genel","category-gundem","category-son-dakika","tag-orgut"],"_links":{"self":[{"href":"https:\/\/bihavadis.com\/index.php\/wp-json\/wp\/v2\/posts\/37002","targetHints":{"allow":["GET"]}}],"collection":[{"href":"https:\/\/bihavadis.com\/index.php\/wp-json\/wp\/v2\/posts"}],"about":[{"href":"https:\/\/bihavadis.com\/index.php\/wp-json\/wp\/v2\/types\/post"}],"author":[{"embeddable":true,"href":"https:\/\/bihavadis.com\/index.php\/wp-json\/wp\/v2\/users\/1"}],"replies":[{"embeddable":true,"href":"https:\/\/bihavadis.com\/index.php\/wp-json\/wp\/v2\/comments?post=37002"}],"version-history":[{"count":1,"href":"https:\/\/bihavadis.com\/index.php\/wp-json\/wp\/v2\/posts\/37002\/revisions"}],"predecessor-version":[{"id":37004,"href":"https:\/\/bihavadis.com\/index.php\/wp-json\/wp\/v2\/posts\/37002\/revisions\/37004"}],"wp:featuredmedia":[{"embeddable":true,"href":"https:\/\/bihavadis.com\/index.php\/wp-json\/wp\/v2\/media\/37003"}],"wp:attachment":[{"href":"https:\/\/bihavadis.com\/index.php\/wp-json\/wp\/v2\/media?parent=37002"}],"wp:term":[{"taxonomy":"category","embeddable":true,"href":"https:\/\/bihavadis.com\/index.php\/wp-json\/wp\/v2\/categories?post=37002"},{"taxonomy":"post_tag","embeddable":true,"href":"https:\/\/bihavadis.com\/index.php\/wp-json\/wp\/v2\/tags?post=37002"}],"curies":[{"name":"wp","href":"https:\/\/api.w.org\/{rel}","templated":true}]}}