{"id":37015,"date":"2026-02-18T13:33:06","date_gmt":"2026-02-18T13:33:06","guid":{"rendered":"https:\/\/bihavadis.com\/?p=37015"},"modified":"2026-02-18T13:33:06","modified_gmt":"2026-02-18T13:33:06","slug":"zelensky-once-ateskes-ve-guvenlik-sonra-secim","status":"publish","type":"post","link":"https:\/\/bihavadis.com\/index.php\/2026\/02\/18\/zelensky-once-ateskes-ve-guvenlik-sonra-secim\/","title":{"rendered":"Zelensky: \u00d6nce ate\u015fkes ve g\u00fcvenlik, sonra se\u00e7im"},"content":{"rendered":"<p>Sosyal medya hesab\u0131ndan a\u00e7\u0131klamalarda bulunan\u00a0Ukrayna Devlet Ba\u015fkan\u0131 Vladimir Zelensky, Rusya\u2019n\u0131n i\u015fgal giri\u015fiminin y\u0131l d\u00f6n\u00fcm\u00fc olan 24 \u015eubat\u2019ta se\u00e7im takvimi ilan edilece\u011fi y\u00f6n\u00fcndeki iddialar\u0131 yalanlad\u0131.<\/p>\n<p>S\u00f6z konusu tarihin sembolik \u00f6nemine dikkat \u00e7eken\u00a0Zelensky,<b><em> \u201cSe\u00e7imleri \u00f6ne alma y\u00f6n\u00fcnde niyet ya da ad\u0131m olsa bile, b\u00f6yle bir g\u00fcn\u00fc siyasi hesaplara alet etmek ak\u0131lc\u0131 olmaz. 24 \u015eubat hi\u00e7bir se\u00e7im duyurusu i\u00e7in kullan\u0131lamaz\u201d<\/em><\/b> ifadelerini kulland\u0131.<\/p>\n<p>Se\u00e7im konusunun baz\u0131 uluslararas\u0131 ortaklar taraf\u0131ndan g\u00fcndeme getirildi\u011fini belirten\u00a0Zelensky, Ukrayna\u2019n\u0131n ise bu ba\u015fl\u0131\u011f\u0131 kendisinin a\u00e7mad\u0131\u011f\u0131n\u0131 vurgulad\u0131.<\/p>\n<p><strong>&#8220;ATE\u015eKES SA\u011eLANIRSA SE\u00c7\u0130M YAPILIR&#8221;<\/strong><\/p>\n<p>Ukrayna\u2019n\u0131n demokratik s\u00fcre\u00e7lere haz\u0131r oldu\u011funu dile getiren\u00a0Zelensky, se\u00e7imlerin \u00f6n\u00fcndeki temel engelin g\u00fcvenlik \u015fartlar\u0131 oldu\u011funu s\u00f6yledi.<\/p>\n<p><em><b>\u201cAte\u015fkesi sa\u011flay\u0131n, se\u00e7imler yap\u0131ls\u0131n. Bu bir g\u00fcvenlik meselesidir\u201d <\/b><\/em>diyen\u00a0Zelensky, ilgili t\u00fcm g\u00fcvenlik garantileri olu\u015fturuldu\u011funda se\u00e7im s\u00fcrecine ge\u00e7ilebilece\u011fini kaydetti.<\/p>\n<p><img decoding=\"async\" src=\"https:\/\/bihavadis.com\/wp-content\/uploads\/2026\/02\/zelensky-once-ateskes-ve-guvenlik-sonra-secim-0-C9wDaVln.jpg\"\/><\/p>\n<p><strong>&#8220;M\u00dcZAKERELER\u0130N ADRES\u0130 DE\u011e\u0130L, SONUCU \u00d6NEML\u0130&#8221;<\/strong><\/p>\n<p>Rusya\u2019n\u0131n enerji altyap\u0131s\u0131na y\u00f6nelik ate\u015fkes \u00e7a\u011fr\u0131lar\u0131na ra\u011fmen insans\u0131z hava arac\u0131 ve f\u00fcze sald\u0131r\u0131lar\u0131n\u0131 s\u00fcrd\u00fcrd\u00fc\u011f\u00fcn\u00fc belirten\u00a0Zelensky, bu durumun Moskova\u2019n\u0131n enerji ate\u015fkesi \u00f6nerilerine haz\u0131r olmad\u0131\u011f\u0131n\u0131 g\u00f6sterdi\u011fini savundu.<\/p>\n<p>Ukrayna\u2019n\u0131n m\u00fczakereye a\u00e7\u0131k oldu\u011funu ifade eden\u00a0Zelensky, g\u00f6r\u00fc\u015fmelerin nerede yap\u0131laca\u011f\u0131n\u0131n kendileri a\u00e7\u0131s\u0131ndan belirleyici olmad\u0131\u011f\u0131n\u0131 s\u00f6yledi:<\/p>\n<p><b><em>&#8220;Toplant\u0131 ister Orta Do\u011fu\u2019da, ister ABD\u2019de yap\u0131ls\u0131n; Miami ya da Abu Dabi fark etmez. \u00d6nemli olan somut bir sonu\u00e7 al\u0131nmas\u0131d\u0131r.&#8221;<\/em><\/b><\/p>\n<p><strong>AB \u00dcYEL\u0130\u011e\u0130 \u0130\u00c7\u0130N TAKV\u0130M TALEB\u0130<\/strong><\/p>\n<p>Avrupa Birli\u011fi \u00fcyeli\u011finin Ukrayna i\u00e7in stratejik \u00f6nemde oldu\u011funu belirten\u00a0Zelensky, 2027 y\u0131l\u0131na kadar teknik haz\u0131rl\u0131klar\u0131 tamamlamay\u0131 hedeflediklerini a\u00e7\u0131klad\u0131.<\/p>\n<p>AB \u00fcyeli\u011fi konusunda net bir tarih belirlenmesi gerekti\u011fini savunan\u00a0Zelensky, \u015fu ifadeleri kulland\u0131:<\/p>\n<p>ABD, Rusya, Ukrayna ve Avrupa\u2019n\u0131n imzalayaca\u011f\u0131 herhangi bir anla\u015fmada \u00fcyelik tarihimiz a\u00e7\u0131k\u00e7a yer almazsa, Rusya s\u00fcreci engellemek i\u00e7in her yolu deneyecektir.<\/p>\n<p>Daha \u00f6nce \u00e7e\u015fitli zorluklara ra\u011fmen adayl\u0131k s\u00fcrecinde ilerleme kaydettiklerini hat\u0131rlatan\u00a0Zelensky, AB \u00fcyeli\u011finin yaln\u0131zca siyasi de\u011fil, ayn\u0131 zamanda Ukrayna\u2019n\u0131n g\u00fcvenlik mimarisi a\u00e7\u0131s\u0131ndan da somut anlam ta\u015f\u0131d\u0131\u011f\u0131n\u0131 s\u00f6zlerine ekledi.<\/p>\n","protected":false},"excerpt":{"rendered":"<p>Ukrayna Devlet Ba\u015fkan\u0131 Vladimir Zelensky, \u00fclkede se\u00e7im s\u00fcrecinin ancak ate\u015fkesin sa\u011flanmas\u0131 ve kapsaml\u0131 g\u00fcvenlik garantilerinin verilmesi halinde ba\u015flat\u0131labilece\u011fini s\u00f6yledi.<\/p>\n","protected":false},"author":1,"featured_media":37016,"comment_status":"open","ping_status":"open","sticky":false,"template":"","format":"standard","meta":{"footnotes":""},"categories":[6],"tags":[2020,198,3391],"class_list":["post-37015","post","type-post","status-publish","format-standard","has-post-thumbnail","hentry","category-dunya","tag-secim","tag-ukrayna","tag-zelensky"],"_links":{"self":[{"href":"https:\/\/bihavadis.com\/index.php\/wp-json\/wp\/v2\/posts\/37015","targetHints":{"allow":["GET"]}}],"collection":[{"href":"https:\/\/bihavadis.com\/index.php\/wp-json\/wp\/v2\/posts"}],"about":[{"href":"https:\/\/bihavadis.com\/index.php\/wp-json\/wp\/v2\/types\/post"}],"author":[{"embeddable":true,"href":"https:\/\/bihavadis.com\/index.php\/wp-json\/wp\/v2\/users\/1"}],"replies":[{"embeddable":true,"href":"https:\/\/bihavadis.com\/index.php\/wp-json\/wp\/v2\/comments?post=37015"}],"version-history":[{"count":1,"href":"https:\/\/bihavadis.com\/index.php\/wp-json\/wp\/v2\/posts\/37015\/revisions"}],"predecessor-version":[{"id":37018,"href":"https:\/\/bihavadis.com\/index.php\/wp-json\/wp\/v2\/posts\/37015\/revisions\/37018"}],"wp:featuredmedia":[{"embeddable":true,"href":"https:\/\/bihavadis.com\/index.php\/wp-json\/wp\/v2\/media\/37016"}],"wp:attachment":[{"href":"https:\/\/bihavadis.com\/index.php\/wp-json\/wp\/v2\/media?parent=37015"}],"wp:term":[{"taxonomy":"category","embeddable":true,"href":"https:\/\/bihavadis.com\/index.php\/wp-json\/wp\/v2\/categories?post=37015"},{"taxonomy":"post_tag","embeddable":true,"href":"https:\/\/bihavadis.com\/index.php\/wp-json\/wp\/v2\/tags?post=37015"}],"curies":[{"name":"wp","href":"https:\/\/api.w.org\/{rel}","templated":true}]}}