{"id":37022,"date":"2026-02-18T13:39:06","date_gmt":"2026-02-18T13:39:06","guid":{"rendered":"https:\/\/bihavadis.com\/?p=37022"},"modified":"2026-02-18T13:39:06","modified_gmt":"2026-02-18T13:39:06","slug":"menemen-belediyesi-afetlere-karsi-teyakkuzda","status":"publish","type":"post","link":"https:\/\/bihavadis.com\/index.php\/2026\/02\/18\/menemen-belediyesi-afetlere-karsi-teyakkuzda\/","title":{"rendered":"Menemen Belediyesi afetlere kar\u015f\u0131 teyakkuzda"},"content":{"rendered":"<p><b><i>Menemen&#8217;de yo\u011fun ya\u011f\u0131\u015flar ve istinat duvar\u0131 \u00e7\u00f6kmesi sonras\u0131 Menemen Belediyesi Arama Kurtarma Ekibi MAKUR, vatanda\u015flar\u0131n yard\u0131m\u0131na ko\u015ftu. Dere yataklar\u0131 \u00e7evresinde sel riskine kar\u015f\u0131 \u00f6nlem al\u0131n\u0131rken, 41 daire tedbir ama\u00e7l\u0131 tahliye edilerek vatanda\u015flar sosyal tesislere yerle\u015ftirildi. Menemen Belediye Ba\u015fkan\u0131 Ayd\u0131n Pehlivan, &#8220;G\u00f6reve geldi\u011fimizde hassasiyetle kurdu\u011fumuz ve e\u011fitimlerle uzmanla\u015fan arama kurtarma ekibimiz her t\u00fcrl\u00fc afete kar\u015f\u0131 Menemen&#8217;de ve ihtiya\u00e7 olan her yerde g\u00f6revini ba\u015far\u0131yla yapmaktad\u0131r.&#8221; dedi.<\/i><\/b><\/p>\n<p>Menemen Belediye Ba\u015fkan\u0131 Ayd\u0131n Pehlivan&#8217;\u0131n talimat\u0131yla 17 A\u011fustos depreminin y\u0131l d\u00f6n\u00fcm\u00fcnde 2001 y\u0131l\u0131nda kurulan Menemen Belediyesi Arama Kurtarma Ekibi MAKUR, \u0130zmir genelinde etkili olan ya\u011f\u0131\u015flarda, Menemen&#8217;in d\u00f6rt bir noktas\u0131nda g\u00f6rev yaparak vatanda\u015flar\u0131n ve il\u00e7enin afetten en az hasarla \u00e7\u0131kmas\u0131 i\u00e7in yo\u011fun \u00e7aba g\u00f6sterdi.<\/p>\n<p><b>7\/24 esas\u0131yla \u00e7al\u0131\u015f\u0131ld\u0131<\/b><\/p>\n<p>Afet \u0130\u015fleri M\u00fcd\u00fcrl\u00fc\u011f\u00fc b\u00fcnyesinde g\u00f6rev yapan MAKUR ekibi, Buruncuk, Yan\u0131k, Do\u011fa, Belen, Hayk\u0131ran, Hasanlar, S\u00fcleymanl\u0131 gibi k\u0131rsal mahallelerde su ta\u015fk\u0131nlar\u0131na kar\u015f\u0131 vatanda\u015flar\u0131n ma\u011fdur olmamas\u0131 ve olas\u0131 felaketlerin \u00f6n\u00fcne ge\u00e7ebilmek ad\u0131na yo\u011fun mesai yapt\u0131. Sel riskine kar\u015f\u0131 dere yataklar\u0131na yak\u0131n yerle\u015fim noktalar\u0131 ve yollarda \u00e7al\u0131\u015fma yapan MAKUR ekibi, vatanda\u015flar\u0131n yolda kalmamas\u0131 ve su ta\u015fk\u0131nlar\u0131ndan etkilenen evlerden ma\u011fdurlar\u0131n g\u00fcvenle tahliye edilmesini sa\u011flad\u0131. Afet kar\u015f\u0131s\u0131nda alarm durumuna ge\u00e7erek 7\/24 esas\u0131yla \u00e7al\u0131\u015fan MAKUR, Do\u011fak\u00f6y&#8217;de Gediz Nehri&#8217;nin ta\u015fmas\u0131 sonucu sular alt\u0131nda kalan bir bah\u00e7edeki tavuklar\u0131 da tahliye ederken, Mermerli Mahallesi&#8217;ne ba\u011fl\u0131 bir \u00e7iftlikte de 100&#8217;e yak\u0131n hayvan, telef olmaktan kurtar\u0131ld\u0131.<\/p>\n<p><b>29 Ekim Mahallesi&#8217;ne h\u0131zl\u0131 m\u00fcdahale<\/b><\/p>\n<p>Yo\u011fun ya\u011f\u0131\u015f sonras\u0131 29 Ekim Mahallesi&#8217;nde ya\u015fanan istinat duvar\u0131 \u00e7\u00f6kmesi sonras\u0131nda da MAKUR ekibi, AFAD ve itfaiyenin de kat\u0131l\u0131m\u0131yla ma\u011fdur vatanda\u015flar\u0131n yan\u0131nda oldu. Ya\u015fanan afetlerde toplam 41 ev tedbiren bo\u015falt\u0131l\u0131rken, vatanda\u015flar sosyal tesislere yerle\u015ftirildi.<\/p>\n<p><b>Ba\u015fkan Pehlivan sahada<\/b><\/p>\n<p>Gerek k\u0131rsal b\u00f6lgelerdeki ya\u011f\u0131\u015flar gerekse de 29 Ekim Mahallesi&#8217;ndeki duvar \u00e7\u00f6kmesi sonras\u0131 h\u0131zla olay yerine giden ve \u00e7al\u0131\u015fmalar\u0131 yerinde takip ederek belediye ekiplerine gerekli talimatlar\u0131 veren Menemen Belediye Ba\u015fkan\u0131 Ayd\u0131n Pehlivan, &#8220;Yo\u011fun ya\u011f\u0131\u015flar ve altyap\u0131 eksikli\u011fi nedeniyle ya\u015fanan afette en b\u00fcy\u00fck tesellimiz hi\u00e7bir hem\u015fehrimizin burnunun dahi kanamay\u0131\u015f\u0131d\u0131r. Menemen Belediyesi olarak, ya\u015fanan felaketin ilk an\u0131ndan itibaren hem\u015fehrilerimizin yan\u0131nda yer alarak AFAD\u2019\u0131n koordinasyonunda, MAKUR ve ilgili t\u00fcm birimlerimizle gerekli \u00e7al\u0131\u015fmay\u0131 yapt\u0131k. Hi\u00e7bir kom\u015fumuzun bu s\u00fcre\u00e7ten zarar g\u00f6rmemesi i\u00e7in \u00e7al\u0131\u015fmalar\u0131m\u0131z\u0131 s\u00fcrd\u00fcr\u00fcyoruz. Bu ba\u011flamda \u00f6zveriyle \u00e7al\u0131\u015fan mesai arkada\u015flar\u0131m\u0131 de kutluyorum.&#8221; dedi.<\/p>\n<p>\u00a0<\/p>\n<p>Kaynak: (BYZHA) Beyaz Haber Ajans\u0131<\/p>\n","protected":false},"excerpt":{"rendered":"<p>Menemen&#8217;de yo\u011fun ya\u011f\u0131\u015flar ve istinat duvar\u0131 \u00e7\u00f6kmesi sonras\u0131 Menemen Belediyesi Arama Kurtarma Ekibi MAKUR, vatanda\u015flar\u0131n yard\u0131m\u0131na ko\u015ftu.<\/p>\n","protected":false},"author":1,"featured_media":37023,"comment_status":"open","ping_status":"open","sticky":false,"template":"","format":"standard","meta":{"footnotes":""},"categories":[4],"tags":[1194,4482,1128,5286,1165],"class_list":["post-37022","post","type-post","status-publish","format-standard","has-post-thumbnail","hentry","category-gundem","tag-afet","tag-ekibi","tag-menemen-belediye","tag-vatandaslarin","tag-yagis"],"_links":{"self":[{"href":"https:\/\/bihavadis.com\/index.php\/wp-json\/wp\/v2\/posts\/37022","targetHints":{"allow":["GET"]}}],"collection":[{"href":"https:\/\/bihavadis.com\/index.php\/wp-json\/wp\/v2\/posts"}],"about":[{"href":"https:\/\/bihavadis.com\/index.php\/wp-json\/wp\/v2\/types\/post"}],"author":[{"embeddable":true,"href":"https:\/\/bihavadis.com\/index.php\/wp-json\/wp\/v2\/users\/1"}],"replies":[{"embeddable":true,"href":"https:\/\/bihavadis.com\/index.php\/wp-json\/wp\/v2\/comments?post=37022"}],"version-history":[{"count":1,"href":"https:\/\/bihavadis.com\/index.php\/wp-json\/wp\/v2\/posts\/37022\/revisions"}],"predecessor-version":[{"id":37024,"href":"https:\/\/bihavadis.com\/index.php\/wp-json\/wp\/v2\/posts\/37022\/revisions\/37024"}],"wp:featuredmedia":[{"embeddable":true,"href":"https:\/\/bihavadis.com\/index.php\/wp-json\/wp\/v2\/media\/37023"}],"wp:attachment":[{"href":"https:\/\/bihavadis.com\/index.php\/wp-json\/wp\/v2\/media?parent=37022"}],"wp:term":[{"taxonomy":"category","embeddable":true,"href":"https:\/\/bihavadis.com\/index.php\/wp-json\/wp\/v2\/categories?post=37022"},{"taxonomy":"post_tag","embeddable":true,"href":"https:\/\/bihavadis.com\/index.php\/wp-json\/wp\/v2\/tags?post=37022"}],"curies":[{"name":"wp","href":"https:\/\/api.w.org\/{rel}","templated":true}]}}