{"id":37025,"date":"2026-02-18T13:42:08","date_gmt":"2026-02-18T13:42:08","guid":{"rendered":"https:\/\/bihavadis.com\/?p=37025"},"modified":"2026-02-18T13:42:08","modified_gmt":"2026-02-18T13:42:08","slug":"bursada-5-yasindaki-oglunu-denize-atan-kadin-olmek-istiyordu","status":"publish","type":"post","link":"https:\/\/bihavadis.com\/index.php\/2026\/02\/18\/bursada-5-yasindaki-oglunu-denize-atan-kadin-olmek-istiyordu\/","title":{"rendered":"Bursa&#8217;da 5 ya\u015f\u0131ndaki o\u011flunu denize atan kad\u0131n: \u00d6lmek istiyordu"},"content":{"rendered":"<p>10 \u015eubat&#8217;ta Bursa&#8217;n\u0131n Mudanya il\u00e7esi G\u00fczelyal\u0131 Yat Liman\u0131\u2019nda korkun\u00e7 bir olay ya\u015fand\u0131.\u00a0<\/p>\n<p>Sevda G\u00fc\u00e7l\u00fc, o\u011flu Muhammet Boran G\u00fc\u00e7l\u00fc ile birlikte denize atlad\u0131.<\/p>\n<p>Bir s\u00fcre sonra Sevda G\u00fc\u00e7l\u00fc kendi imkanlar\u0131yla denizden \u00e7\u0131karken, o\u011flu ise bo\u011fuldu.<\/p>\n<p><strong>ABLASINI ISLAK KIYAFERLER\u0130YE BULDU<\/strong><\/p>\n<p>Bu arada olay\u0131n, \u00d6mer Y.\u2019nin, psikolojik sorunlar\u0131 olan ablas\u0131n\u0131 takip etmesiyle ortaya \u00e7\u0131kt\u0131\u011f\u0131 belirtildi.<\/p>\n<p>Ankara\u2019da olan e\u015fiyle bir s\u00fcredir ayr\u0131 ya\u015fayan ve bo\u015fanma a\u015famas\u0131nda oldu\u011fu belirtilen Sevda G\u00fc\u00e7l\u00fc\u2019n\u00fcn, Osmangazi il\u00e7esi Emek Mahallesi\u2019ndeki evinden \u00e7\u0131k\u0131p Mudanya\u2019ya gitti\u011fini \u00f6\u011frenen karde\u015fi \u00d6mer Y.\u2019nin, psikolojik sorunlar\u0131 oldu\u011fu gerek\u00e7esiyle takip etti\u011fi ablas\u0131n\u0131, G\u00fczelyal\u0131\u2019daki caminin kenar\u0131nda \u0131slak k\u0131yafetleriyle otururken g\u00f6rd\u00fc.<\/p>\n<p><strong>SAH\u0130LDE CANSIZ BEDEN\u0130N\u0130 BULDU <\/strong><\/p>\n<p>G\u00fc\u00e7l\u00fc\u2019n\u00fcn, ye\u011fenini soran karde\u015fine, <em><b>\u2018\u00d6lmek istiyordu ben de onu denize ittim\u2019<\/b><\/em> dedi\u011fi bildirildi.<\/p>\n<p>Ko\u015farak sahile giden \u00d6mer Y., Muhammet Boran G\u00fc\u00e7l\u00fc\u2019n\u00fcn sahile vuran cans\u0131z bedenini buldu.<\/p>\n<p>Day\u0131s\u0131n\u0131n, kuca\u011f\u0131na al\u0131p otomobiliyle Mudanya Devlet Hastanesi&#8217;ne getirdi\u011fi Muhammet Boran G\u00fc\u00e7l\u00fc\u2019n\u00fcn hayat\u0131n\u0131 kaybetti\u011fi belirlendi.<\/p>\n<p><img decoding=\"async\" src=\"https:\/\/bihavadis.com\/wp-content\/uploads\/2026\/02\/bursada-5-yasindaki-oglunu-denize-atan-kadin-olmek-istiyordu-0-Di63ZuO8.jpg\"\/><\/p>\n<p><strong>&#8220;MUHAMMET \u00d6LMEK \u0130ST\u0130YORDU&#8221;<\/strong><\/p>\n<p>Polis taraf\u0131ndan,<em><b> \u2018Kasten \u00f6ld\u00fcrme\u2019<\/b><\/em> su\u00e7lamas\u0131yla g\u00f6zalt\u0131na al\u0131nan Sevda G\u00fc\u00e7l\u00fc\u2019n\u00fcn emniyetteki ifadesinde, psikolojik problemleri oldu\u011funu s\u00f6yleyip, <em><b>\u201cMuhammet \u00f6lmek istiyordu. Birlikte can\u0131m\u0131za k\u0131ymaya karar verdim. Denize girdik. Onu elimle ittim. Sonra ula\u015famad\u0131m. Ben de sahile \u00e7\u0131kt\u0131m\u201d<\/b><\/em> dedi\u011fi belirtildi.<\/p>\n<p>G\u00fc\u00e7l\u00fc\u2019n\u00fcn Ankara&#8217;da ya\u015fayan e\u015fi de ifadesine ba\u015fvurulmak \u00fczere Mudanya \u0130l\u00e7e Emniyet M\u00fcd\u00fcrl\u00fc\u011f\u00fc&#8217;ne \u00e7a\u011fr\u0131ld\u0131.<\/p>\n<p><strong>ADL\u0130YEYE SEVK ED\u0130LD\u0130<\/strong><\/p>\n<p>O\u011flu Muhammet Boran G\u00fc\u00e7l\u00fc\u2019n\u00fcn \u00f6l\u00fcm\u00fcne neden olan Sevda G\u00fc\u00e7l\u00fc, emniyetteki i\u015flemlerinin ard\u0131ndan adliyeye sevk edildi.<\/p>\n<p><img decoding=\"async\" src=\"https:\/\/bihavadis.com\/wp-content\/uploads\/2026\/02\/bursada-5-yasindaki-oglunu-denize-atan-kadin-olmek-istiyordu-1-cd2jRixA.jpg\"\/><\/p>\n<p><strong>G\u00dcVENL\u0130K KAMERASI G\u00d6R\u00dcNT\u00dcLER\u0130 ORTAYA \u00c7IKTI<\/strong><\/p>\n<p>Bu arada anne ve o\u011fulun olaydan \u00f6nceki son g\u00f6r\u00fcnt\u00fcleri, sahildeki bir binan\u0131n g\u00fcvenlik kameras\u0131na yans\u0131d\u0131. G\u00f6r\u00fcnt\u00fclerde, Sevda G\u00fc\u00e7l\u00fc\u2019n\u00fcn saat 13.54\u2019te elinden tuttu\u011fu o\u011fluyla birlikte G\u00fczelyal\u0131 Yat Liman\u0131\u2019na do\u011fru y\u00fcr\u00fcd\u00fc\u011f\u00fc g\u00f6r\u00fcl\u00fcyor.<\/p>\n<p>28 dakika sonra, saat 14.22\u2019de kaydedilen g\u00f6r\u00fcnt\u00fcye ise Sevda G\u00fc\u00e7l\u00fc\u2019n\u00fcn \u0131slak k\u0131yafetler ve ayakkab\u0131s\u0131 olmadan, yal\u0131nayak ve yaln\u0131z ba\u015f\u0131na yoldan geri d\u00f6nd\u00fc\u011f\u00fc yans\u0131d\u0131.<\/p>\n<p>G\u00fc\u00e7l\u00fc\u2019n\u00fcn o\u011fluyla birlikte y\u00fcr\u00fcrken, \u00fczerinde olan yelek de d\u00f6n\u00fc\u015f an\u0131nda g\u00f6z\u00fckm\u00fcyor.<\/p>\n<p>Adliyeye sevk edilen Sevda G\u00fc\u00e7l\u00fc\u2019n\u00fcn aya\u011f\u0131nda terlik oldu\u011fu g\u00f6r\u00fcld\u00fc.\u00a0<\/p>\n<p><img decoding=\"async\" src=\"https:\/\/bihavadis.com\/wp-content\/uploads\/2026\/02\/bursada-5-yasindaki-oglunu-denize-atan-kadin-olmek-istiyordu-2-BuWK7yfl.jpg\"\/><\/p>\n<p><img decoding=\"async\" src=\"https:\/\/bihavadis.com\/wp-content\/uploads\/2026\/02\/bursada-5-yasindaki-oglunu-denize-atan-kadin-olmek-istiyordu-3-ASZk5yT3.jpg\"\/><\/p>\n<p><img decoding=\"async\" src=\"https:\/\/bihavadis.com\/wp-content\/uploads\/2026\/02\/bursada-5-yasindaki-oglunu-denize-atan-kadin-olmek-istiyordu-4-Jd1Gz297.jpg\"\/><\/p>\n","protected":false},"excerpt":{"rendered":"<p>Mudanya il\u00e7esinde, 5 ya\u015f\u0131ndaki o\u011flunu denize at\u0131p \u00f6l\u00fcm\u00fcne neden olan anne Sevda G\u00fc\u00e7l\u00fc, ifadesinde o\u011flunun \u00f6lmek istedi\u011fin s\u00f6yledi. Anne adliyeye sevk edilirken, o\u011flu ile denize y\u00fcr\u00fcd\u00fc\u011f\u00fc anlara ili\u015fkin g\u00fcvenlik kameras\u0131 g\u00f6r\u00fcnt\u00fcleri de ortaya \u00e7\u0131kt\u0131.<\/p>\n","protected":false},"author":1,"featured_media":37026,"comment_status":"open","ping_status":"open","sticky":false,"template":"","format":"standard","meta":{"footnotes":""},"categories":[4,13],"tags":[1488,5287,254],"class_list":["post-37025","post","type-post","status-publish","format-standard","has-post-thumbnail","hentry","category-gundem","category-son-dakika","tag-guclu","tag-muhammet","tag-oglu"],"_links":{"self":[{"href":"https:\/\/bihavadis.com\/index.php\/wp-json\/wp\/v2\/posts\/37025","targetHints":{"allow":["GET"]}}],"collection":[{"href":"https:\/\/bihavadis.com\/index.php\/wp-json\/wp\/v2\/posts"}],"about":[{"href":"https:\/\/bihavadis.com\/index.php\/wp-json\/wp\/v2\/types\/post"}],"author":[{"embeddable":true,"href":"https:\/\/bihavadis.com\/index.php\/wp-json\/wp\/v2\/users\/1"}],"replies":[{"embeddable":true,"href":"https:\/\/bihavadis.com\/index.php\/wp-json\/wp\/v2\/comments?post=37025"}],"version-history":[{"count":1,"href":"https:\/\/bihavadis.com\/index.php\/wp-json\/wp\/v2\/posts\/37025\/revisions"}],"predecessor-version":[{"id":37032,"href":"https:\/\/bihavadis.com\/index.php\/wp-json\/wp\/v2\/posts\/37025\/revisions\/37032"}],"wp:featuredmedia":[{"embeddable":true,"href":"https:\/\/bihavadis.com\/index.php\/wp-json\/wp\/v2\/media\/37026"}],"wp:attachment":[{"href":"https:\/\/bihavadis.com\/index.php\/wp-json\/wp\/v2\/media?parent=37025"}],"wp:term":[{"taxonomy":"category","embeddable":true,"href":"https:\/\/bihavadis.com\/index.php\/wp-json\/wp\/v2\/categories?post=37025"},{"taxonomy":"post_tag","embeddable":true,"href":"https:\/\/bihavadis.com\/index.php\/wp-json\/wp\/v2\/tags?post=37025"}],"curies":[{"name":"wp","href":"https:\/\/api.w.org\/{rel}","templated":true}]}}