{"id":3704,"date":"2026-01-28T22:31:04","date_gmt":"2026-01-28T22:31:04","guid":{"rendered":"https:\/\/bihavadis.com\/?p=3704"},"modified":"2026-01-28T22:31:04","modified_gmt":"2026-01-28T22:31:04","slug":"turk-doktorun-bulusu-dunya-tip-literaturune-girdi","status":"publish","type":"post","link":"https:\/\/bihavadis.com\/index.php\/2026\/01\/28\/turk-doktorun-bulusu-dunya-tip-literaturune-girdi\/","title":{"rendered":"T\u00fcrk doktorun bulu\u015fu d\u00fcnya t\u0131p literat\u00fcr\u00fcne girdi"},"content":{"rendered":"<p>Hastal\u0131k bulgusu \u00fczerinde bir s\u00fcredir \u00e7al\u0131\u015fmalar y\u00fcr\u00fctt\u00fc\u011f\u00fcn\u00fc ifade eden T\u00fcm Uyku T\u0131bb\u0131 ve Ara\u015ft\u0131rmalar\u0131 Derne\u011fi Genel Ba\u015fkan\u0131 Doktor Vural Fidan, sendromun k\u0131v\u0131rc\u0131k sa\u00e7l\u0131 k\u0131z \u00e7ocuklar\u0131nda g\u00f6r\u00fcld\u00fc\u011f\u00fcn\u00fc s\u00f6yledi.<\/p>\n<p><b>&#8220;\u00c7OK \u00c7E\u015e\u0130TL\u0130 FAKT\u00d6RLER VAR&#8221;<\/b><\/p>\n<p>Sendromu tan\u0131mlayan Do\u00e7. Fidan, <strong>\u201cBu literat\u00fcre giren \u00e7al\u0131\u015fmam\u0131z uzun bir birikim sonucu ortaya \u00e7\u0131kt\u0131. Bizim bu hasta grubumuzda v\u00fccudun, anne karn\u0131ndaki geli\u015fim a\u015famalar\u0131ndan 3 ayr\u0131 katman vard\u0131r. Bu katmanlardan en d\u0131\u015fta olan\u0131n bir geli\u015fim problemi. Bunu ortaya \u00e7\u0131karan \u00e7ok \u00e7e\u015fitli fakt\u00f6rler var, \u00e7evresel ve genetik fakt\u00f6rler gibi. Bizim konumuz genetik fakt\u00f6rlerden etkilenen bir grup. Bu buldu\u011fumuz sendromla ilgili olarak belli ba\u015fl\u0131 bulgular\u0131 var.<\/strong><\/p>\n<p><strong><\/p>\n<p><img decoding=\"async\" src=\"https:\/\/bihavadis.com\/wp-content\/uploads\/2026\/01\/turk-doktorun-bulusu-dunya-tip-literaturune-girdi-0-NaFSp8Vn.jpg\"\/><\/p>\n<p><\/strong><\/p>\n<p><b>L\u0130TERAT\u00dcR TARAMASI YAPTI<\/b><\/p>\n<p><strong> Biz bunlar\u0131 k\u0131z \u00e7ocuklar\u0131nda g\u00f6rd\u00fck, bu k\u0131z \u00e7ocuklar\u0131n\u0131n g\u00f6r\u00fcnt\u00fcsel \u00f6zelli\u011fi k\u0131v\u0131rc\u0131k sa\u00e7l\u0131 olmalar\u0131 ve bu hastalar\u0131m\u0131z\u0131n uykular\u0131n\u0131 bozacak ve uyku apnesi yapacak \u015fekilde bademciklerinin iri oldu\u011fu ve bu bademciklerin \u00fczerinde si\u011fil tarz\u0131nda \u00e7ok fazla s\u0131k\u0131nt\u0131lar\u0131n oldu\u011funu g\u00f6rd\u00fck. Bu \u00e7ocuklar\u0131n di\u015f etlerinde ve di\u015f aralar\u0131nda ayn\u0131 \u015fekilde si\u011fil tarz\u0131nda \u015fi\u015flikler oldu\u011funu g\u00f6rd\u00fck. Bu hastalar bize bo\u011faz ve bademcik enfeksiyonu ve uyku apnesi \u015fikayetleriyle ba\u015fvurdu. Gerekli cerrahi m\u00fcdahaleden sonra literat\u00fcr taramas\u0131n\u0131 yapt\u0131m. B\u00f6yle bir hastal\u0131k durumunun olmad\u0131\u011f\u0131n\u0131 g\u00f6rd\u00fcm. Bununla ilgili olu\u015fturdu\u011fumuz yaz\u0131larda ifade ettik.\u201d <\/strong>dedi.<\/p>\n<p><p><img decoding=\"async\" src=\"https:\/\/bihavadis.com\/wp-content\/uploads\/2026\/01\/turk-doktorun-bulusu-dunya-tip-literaturune-girdi-1-5tKjjHYu.jpg\"\/><\/p>\n<\/p>\n<div>\n<div>  <\/div>\n<\/div>\n<p><b>BUNDAN SONRA &#8216;F\u0130DAN SENDROMU&#8217; OLARAK B\u0130L\u0130NECEK<\/b><\/p>\n<p>Tan\u0131m ve hastal\u0131k bulgular\u0131n\u0131n uluslararas\u0131 dergilerde yay\u0131nlanarak t\u0131p literat\u00fcr\u00fcne girdi\u011fini anlatan Fidan, <strong>\u201cFidan sendromu, k\u0131v\u0131rc\u0131k sa\u00e7l\u0131 k\u0131z \u00e7ocuklar\u0131nda orta ve ileri zeka gerili\u011fi olan bademciklerinde ve di\u015f etlerinde \u015fi\u015fliklerin g\u00f6r\u00fcld\u00fc\u011f\u00fc bir sendromdur. Bundan sonra bir vaka tan\u0131m\u0131 olursa, Fidan sendromu olarak bilinecek. K\u0131v\u0131rc\u0131k sa\u00e7l\u0131 k\u0131zlarda do\u011fu\u015ftan meydana gelen bir sendrom asl\u0131nda ama benim inceledi\u011fim vakalar aras\u0131nda 17 ya\u015f\u0131nda bir k\u0131z da vard\u0131.\u201d <\/strong>diye konu\u015ftu.<\/p>\n<p><p><img decoding=\"async\" src=\"https:\/\/bihavadis.com\/wp-content\/uploads\/2026\/01\/turk-doktorun-bulusu-dunya-tip-literaturune-girdi-2-gFkYzhmE.jpg\"\/><\/p>\n<\/p>\n<p><b>&#8220;\u00dcLKEM \u0130\u00c7\u0130N GURUR VER\u0130C\u0130&#8221;<\/b><\/p>\n<p>T\u00fcrk hekimlerinden Hulusu Beh\u00e7et\u2019in, 1937 y\u0131l\u0131nda kendi ad\u0131n\u0131 ta\u015f\u0131yan bir hastal\u0131\u011f\u0131 tan\u0131mlayarak d\u00fcnya t\u0131p literat\u00fcr\u00fcne girdi\u011fini hat\u0131rlatan Fidan, <strong>\u201cBen, hem kendi ad\u0131ma hem de T\u00fcrk milleti ad\u0131na \u00e7ok gururluyum. Literat\u00fcrde binlerce ismi verilen t\u0131p insan\u0131 var. Bunlar\u0131n aras\u0131nda biri de ben olabilirsem, \u00fclkem ve benim i\u00e7in gurur verici oldu\u011funu d\u00fc\u015f\u00fcn\u00fcyorum. Hulusi Beh\u00e7et kendi ad\u0131yla tan\u0131mlad\u0131\u011f\u0131 bir hastal\u0131\u011f\u0131 vard\u0131. \u015eimdi g\u00f6r\u00fclen ikinci hekim oldum. \u00c7ok mutluyum.\u201d <\/strong>ifadelerini kulland\u0131.<\/p>\n","protected":false},"excerpt":{"rendered":"<p>Eski\u015fehir \u015eehir Hastanesi&#8217;nde g\u00f6revli Vural Fidan\u2019\u0131n bir s\u00fcredir \u00fczerinde \u00e7al\u0131\u015ft\u0131\u011f\u0131 ve k\u0131v\u0131rc\u0131k sa\u00e7l\u0131 k\u0131z \u00e7ocuklar\u0131nda g\u00f6r\u00fclen &#8216;Fidan sendromu&#8217;, uluslararas\u0131 dergilerde yay\u0131nland\u0131.<\/p>\n","protected":false},"author":1,"featured_media":3705,"comment_status":"open","ping_status":"open","sticky":false,"template":"","format":"standard","meta":{"footnotes":""},"categories":[11],"tags":[467,463,570],"class_list":["post-3704","post","type-post","status-publish","format-standard","has-post-thumbnail","hentry","category-saglik","tag-hasta","tag-kiz","tag-sendrom"],"_links":{"self":[{"href":"https:\/\/bihavadis.com\/index.php\/wp-json\/wp\/v2\/posts\/3704","targetHints":{"allow":["GET"]}}],"collection":[{"href":"https:\/\/bihavadis.com\/index.php\/wp-json\/wp\/v2\/posts"}],"about":[{"href":"https:\/\/bihavadis.com\/index.php\/wp-json\/wp\/v2\/types\/post"}],"author":[{"embeddable":true,"href":"https:\/\/bihavadis.com\/index.php\/wp-json\/wp\/v2\/users\/1"}],"replies":[{"embeddable":true,"href":"https:\/\/bihavadis.com\/index.php\/wp-json\/wp\/v2\/comments?post=3704"}],"version-history":[{"count":1,"href":"https:\/\/bihavadis.com\/index.php\/wp-json\/wp\/v2\/posts\/3704\/revisions"}],"predecessor-version":[{"id":3709,"href":"https:\/\/bihavadis.com\/index.php\/wp-json\/wp\/v2\/posts\/3704\/revisions\/3709"}],"wp:featuredmedia":[{"embeddable":true,"href":"https:\/\/bihavadis.com\/index.php\/wp-json\/wp\/v2\/media\/3705"}],"wp:attachment":[{"href":"https:\/\/bihavadis.com\/index.php\/wp-json\/wp\/v2\/media?parent=3704"}],"wp:term":[{"taxonomy":"category","embeddable":true,"href":"https:\/\/bihavadis.com\/index.php\/wp-json\/wp\/v2\/categories?post=3704"},{"taxonomy":"post_tag","embeddable":true,"href":"https:\/\/bihavadis.com\/index.php\/wp-json\/wp\/v2\/tags?post=3704"}],"curies":[{"name":"wp","href":"https:\/\/api.w.org\/{rel}","templated":true}]}}