{"id":37048,"date":"2026-02-18T14:00:09","date_gmt":"2026-02-18T14:00:09","guid":{"rendered":"https:\/\/bihavadis.com\/?p=37048"},"modified":"2026-02-18T14:00:09","modified_gmt":"2026-02-18T14:00:09","slug":"abd-cekildi-suriye-tenef-ussunu-devraldi","status":"publish","type":"post","link":"https:\/\/bihavadis.com\/index.php\/2026\/02\/18\/abd-cekildi-suriye-tenef-ussunu-devraldi\/","title":{"rendered":"ABD \u00e7ekildi: Suriye Tenef \u00dcss\u00fc&#8217;n\u00fc devrald\u0131"},"content":{"rendered":"<p>Suriye\u2019deki bin ABD askeri 8 \u00fcsten \u00dcrd\u00fcn&#8217;e \u00e7ekilmeye devam ediyor. Son olarak Suriye\u2019nin do\u011fusundaki stratejik \u00f6neme sahip Al-Tanf askeri \u00fcss\u00fcndeki birlikler \u00dcrd\u00fcn&#8217;e ta\u015f\u0131nd\u0131.<\/p>\n<p><strong>ABD ASKERLER\u0130N\u0130N \u00c7EK\u0130LMELER\u0130 DEVAM ED\u0130YOR<\/strong><\/p>\n<p>Son d\u00f6nemde Suriye&#8217;deki ABD varl\u0131\u011f\u0131 azalt\u0131l\u0131yor.<\/p>\n<p>\u00dclkedeki yakla\u015f\u0131k bin ABD askerinin bulundu\u011fu 8 \u00fcsten \u00e7ekilmeler devam ediyor.<\/p>\n<p><strong>SUR\u0130YE, TENEF \u00dcSS\u00dc&#8217;N\u00dc DEVRALDI<\/strong><\/p>\n<p>ABD liderli\u011findeki uluslararas\u0131 koalisyon g\u00fc\u00e7leri, Suriye&#8217;nin g\u00fcneydo\u011fusundaki stratejik Tenef askeri \u00fcss\u00fcnden tamamen \u00e7ekildi.<\/p>\n<p>Birlikler \u00dcrd\u00fcn&#8217;e ta\u015f\u0131nd\u0131 ve \u00fcs Suriye ordusuna devredildi.<\/p>\n<p><strong>ABD \u00dcSS\u00dc TAMAMEN TERK ETT\u0130<\/strong><\/p>\n<p>ABD \u00f6nc\u00fcl\u00fc\u011f\u00fcndeki koalisyon, son 15 g\u00fcn boyunca \u00fcsten ekipmanlar\u0131n\u0131 tahliye etmeye ba\u015flam\u0131\u015ft\u0131.<\/p>\n<p>\u00c7ar\u015famba g\u00fcn\u00fc konvoylar \u00fcss\u00fc terk ederek \u00dcrd\u00fcn s\u0131n\u0131r\u0131n\u0131 ge\u00e7ti.<\/p>\n<p>\u00c7ekilme tamamland\u0131ktan sonra Suriye Savunma Bakanl\u0131\u011f\u0131&#8217;na ba\u011fl\u0131 birlikler \u00fcsse giri\u015f yapt\u0131 ve mevziler olu\u015fturdu.<\/p>\n<p><img decoding=\"async\" src=\"https:\/\/bihavadis.com\/wp-content\/uploads\/2026\/02\/abd-cekildi-suriye-tenef-ussunu-devraldi-0-kIlCGhBR.jpg\"\/><\/p>\n<p><strong>TENEF \u00dcSS\u00dc&#8217;N\u00dcN STRATEJ\u0130K \u00d6NEM\u0130<\/strong><\/p>\n<p>Tenef \u00dcss\u00fc, Suriye-\u00dcrd\u00fcn-Irak s\u0131n\u0131rlar\u0131n\u0131n kesi\u015fim noktas\u0131nda yer al\u0131yor.<\/p>\n<p>2016 y\u0131l\u0131ndan beri I\u015e\u0130D&#8217;e kar\u015f\u0131 m\u00fccadelede kritik rol oynayan \u00fcs, koalisyonun en uzun s\u00fcreli ve stratejik konumdaki tesislerinden biriydi.<\/p>\n<p>B\u00f6lge, \u0130ran destekli milislerin hareketlerini izleme ve engelleme amac\u0131yla da kullan\u0131l\u0131yordu.<\/p>\n<p><strong>TENEF \u00dcSS\u00dc NEREDE?<\/strong><\/p>\n<p>\u00dcrd\u00fcn s\u0131n\u0131rlar\u0131 i\u00e7indeki Kule 22 \u00dcss\u00fc ile Suriye&#8217;deki Tenef \u00dcss\u00fc aras\u0131nda 22 kilometrelik mesafe bulunuyor.<\/p>\n<p>Tenef&#8217;te bir d\u00f6nem 200 civar\u0131nda ABD askerinin bulundu\u011fu aktar\u0131l\u0131rken, Kule 22&#8217;de konu\u015flu ABD askeri say\u0131s\u0131na ili\u015fkin ise kesin veri bulunmuyor.<\/p>\n<p>ABD, 2017 ve 2018&#8217;de geni\u015fletti\u011fi Tenef \u00dcss\u00fc&#8217;nden kald\u0131r\u0131lan g\u00f6zetleme balonlar\u0131yla \u00dcrd\u00fcn s\u0131n\u0131r\u0131 ile F\u0131rat Nehri aras\u0131ndaki y\u00fczlerce kilometrelik alanda \u0130ran destekli gruplar ve ter\u00f6r \u00f6rg\u00fct\u00fc DEA\u015e&#8217;\u0131n askeri faaliyetlerini g\u00f6zetlemek i\u00e7in \u00fcss\u00fc kullanm\u0131\u015ft\u0131.<\/p>\n<p><img decoding=\"async\" src=\"https:\/\/bihavadis.com\/wp-content\/uploads\/2026\/02\/abd-cekildi-suriye-tenef-ussunu-devraldi-1-q4ufSAfY.jpg\"\/><\/p>\n<p><img decoding=\"async\" src=\"https:\/\/bihavadis.com\/wp-content\/uploads\/2026\/02\/abd-cekildi-suriye-tenef-ussunu-devraldi-2-nB4yILkI.jpg\"\/><\/p>\n","protected":false},"excerpt":{"rendered":"<p>ABD, Suriye&#8217;den geri \u00e7ekilirken Tenef \u00fcss\u00fcndeki askeri birlikleri \u00dcrd\u00fcn&#8217;e ta\u015f\u0131d\u0131. G\u00fcvenlik kaynaklar\u0131, koalisyonun Tenef&#8217;teki varl\u0131\u011f\u0131n\u0131 sonland\u0131rarak personeli ve ekipmanlar\u0131 kom\u015fu \u00fcsse nakletti\u011fini belirtti. Yeniden konu\u015fland\u0131rman\u0131n Suriye&#8217;deki askeri varl\u0131\u011f\u0131 yeniden d\u00fczenleme amac\u0131 ta\u015f\u0131d\u0131\u011f\u0131 vurguland\u0131.<\/p>\n","protected":false},"author":1,"featured_media":37049,"comment_status":"open","ping_status":"open","sticky":false,"template":"","format":"standard","meta":{"footnotes":""},"categories":[6],"tags":[272,2032,361,2151,5290],"class_list":["post-37048","post","type-post","status-publish","format-standard","has-post-thumbnail","hentry","category-dunya","tag-abd","tag-askeri","tag-suriye","tag-urdun","tag-us"],"_links":{"self":[{"href":"https:\/\/bihavadis.com\/index.php\/wp-json\/wp\/v2\/posts\/37048","targetHints":{"allow":["GET"]}}],"collection":[{"href":"https:\/\/bihavadis.com\/index.php\/wp-json\/wp\/v2\/posts"}],"about":[{"href":"https:\/\/bihavadis.com\/index.php\/wp-json\/wp\/v2\/types\/post"}],"author":[{"embeddable":true,"href":"https:\/\/bihavadis.com\/index.php\/wp-json\/wp\/v2\/users\/1"}],"replies":[{"embeddable":true,"href":"https:\/\/bihavadis.com\/index.php\/wp-json\/wp\/v2\/comments?post=37048"}],"version-history":[{"count":1,"href":"https:\/\/bihavadis.com\/index.php\/wp-json\/wp\/v2\/posts\/37048\/revisions"}],"predecessor-version":[{"id":37053,"href":"https:\/\/bihavadis.com\/index.php\/wp-json\/wp\/v2\/posts\/37048\/revisions\/37053"}],"wp:featuredmedia":[{"embeddable":true,"href":"https:\/\/bihavadis.com\/index.php\/wp-json\/wp\/v2\/media\/37049"}],"wp:attachment":[{"href":"https:\/\/bihavadis.com\/index.php\/wp-json\/wp\/v2\/media?parent=37048"}],"wp:term":[{"taxonomy":"category","embeddable":true,"href":"https:\/\/bihavadis.com\/index.php\/wp-json\/wp\/v2\/categories?post=37048"},{"taxonomy":"post_tag","embeddable":true,"href":"https:\/\/bihavadis.com\/index.php\/wp-json\/wp\/v2\/tags?post=37048"}],"curies":[{"name":"wp","href":"https:\/\/api.w.org\/{rel}","templated":true}]}}