{"id":37148,"date":"2026-02-18T15:21:07","date_gmt":"2026-02-18T15:21:07","guid":{"rendered":"https:\/\/bihavadis.com\/?p=37148"},"modified":"2026-02-18T15:21:07","modified_gmt":"2026-02-18T15:21:07","slug":"tbmmde-chplilerin-cikardigi-kavga-dunya-medyasinda","status":"publish","type":"post","link":"https:\/\/bihavadis.com\/index.php\/2026\/02\/18\/tbmmde-chplilerin-cikardigi-kavga-dunya-medyasinda\/","title":{"rendered":"TBMM&#8217;de CHP&#8217;lilerin \u00e7\u0131kard\u0131\u011f\u0131 kavga, d\u00fcnya medyas\u0131nda"},"content":{"rendered":"<p>T\u00fcrkiye B\u00fcy\u00fck Millet Meclisi\u2019nde (TBMM) Adalet Bakanl\u0131\u011f\u0131 atamas\u0131 nedeniyle ya\u015fanan CHP kaynakl\u0131 gerilimi bir\u00e7ok yabanc\u0131 bas\u0131n kurumu g\u00fcndemine ta\u015f\u0131d\u0131.<\/p>\n<p>Associated Press dahil bir\u00e7ok medya kurulu\u015fu, benzer ba\u015fl\u0131klarla ya\u015fananlar\u0131 aktard\u0131:<\/p>\n<p><strong>AP: AKIN G\u00dcRLEK&#8217;\u0130N ATANMASI, TANS\u0130YONU Y\u00dcKSELTT\u0130<\/strong><\/p>\n<p>Haberde, Cumhurba\u015fkan\u0131 Recep Tayyip Erdo\u011fan\u2019\u0131n kabine de\u011fi\u015fikli\u011fi kapsam\u0131nda \u0130stanbul Cumhuriyet Ba\u015fsavc\u0131s\u0131 Ak\u0131n G\u00fcrlek\u2019i Adalet Bakanl\u0131\u011f\u0131 g\u00f6revine atamas\u0131n\u0131n Meclis\u2019te tansiyonu y\u00fckseltti\u011fi belirtildi.<\/p>\n<p><strong>GENEL KURULDA GERG\u0130N BA\u015eLANGI\u00c7<\/strong><\/p>\n<p>Olay\u0131n, \u00e7ar\u015famba g\u00fcn\u00fc TBMM Genel Kurulu\u2019nda muhalefet milletvekillerinin G\u00fcrlek\u2019in parlamentoda yemin ederek g\u00f6reve ba\u015flamas\u0131n\u0131 engellemeye \u00e7al\u0131\u015fmas\u0131yla ba\u015flad\u0131\u011f\u0131 aktar\u0131ld\u0131. Muhalefet s\u0131ralar\u0131ndan y\u00fckselen itirazlar \u00fczerine oturumda sert tart\u0131\u015fmalar ya\u015fand\u0131.<\/p>\n<p><img decoding=\"async\" src=\"https:\/\/bihavadis.com\/wp-content\/uploads\/2026\/02\/tbmmde-chplilerin-cikardigi-kavga-dunya-medyasinda-0-9DvCENmZ.jpg\"\/><\/p>\n<p><strong>F\u0130Z\u0130K\u0130 M\u00dcDAHALELER<\/strong><\/p>\n<p>Haberde, s\u00f6zl\u00fc at\u0131\u015fmalar\u0131n k\u0131sa s\u00fcrede fiziki m\u00fcdahaleye d\u00f6n\u00fc\u015ft\u00fc\u011f\u00fc, iktidar ve muhalefet milletvekillerinin birbirini itti\u011fi ve baz\u0131 vekiller aras\u0131nda yumrukla\u015fma ya\u015fand\u0131\u011f\u0131n\u0131n g\u00f6r\u00fcld\u00fc\u011f\u00fc ifade edildi. Ya\u015fanan arbede Meclis \u00e7al\u0131\u015fmalar\u0131na k\u0131sa s\u00fcreli ara verilmesine neden oldu.<\/p>\n<p><img decoding=\"async\" src=\"https:\/\/bihavadis.com\/wp-content\/uploads\/2026\/02\/tbmmde-chplilerin-cikardigi-kavga-dunya-medyasinda-1-4ftWewY8.jpg\"\/><\/p>\n<p><strong>NEW YORK POST: ADALET BAKANI ATAMASI NEDEN\u0130YLE T\u00dcRK PARLAMENTOSUNDA KAVGA<\/strong><\/p>\n<p>Kabine de\u011fi\u015fikli\u011fi kapsam\u0131nda Adalet Bakanl\u0131\u011f\u0131\u2019na tart\u0131\u015fmal\u0131 bir ismin atanmas\u0131 \u00fczerine, \u00e7ar\u015famba g\u00fcn\u00fc T\u00fcrkiye B\u00fcy\u00fck Millet Meclisi\u2019nde iktidar partisi ile muhalefet milletvekilleri aras\u0131nda kavga \u00e7\u0131kt\u0131.<\/p>\n<p>Muhalefet milletvekilleri, Cumhurba\u015fkan\u0131 Recep Tayyip Erdo\u011fan taraf\u0131ndan Adalet Bakanl\u0131\u011f\u0131 g\u00f6revine atanan \u0130stanbul Cumhuriyet Ba\u015fsavc\u0131s\u0131 Ak\u0131n G\u00fcrlek\u2019in Meclis\u2019te yemin ederek g\u00f6reve ba\u015flamas\u0131n\u0131 engellemeye \u00e7al\u0131\u015ft\u0131.<\/p>\n<p>Tansiyonun y\u00fckselmesiyle milletvekillerinin birbirini itti\u011fi, baz\u0131 vekillerin ise yumruk savurdu\u011fu g\u00f6r\u00fcld\u00fc.<\/p>\n<p><img decoding=\"async\" src=\"https:\/\/bihavadis.com\/wp-content\/uploads\/2026\/02\/tbmmde-chplilerin-cikardigi-kavga-dunya-medyasinda-2-7lfDfxGZ.jpg\"\/><\/p>\n<p><strong>CHP&#8217;N\u0130N PROVOKASYONU D\u00dcNYA BASININDA<\/strong><\/p>\n<p>Reuters, Euronews, Times of \u0130ndia ve bir\u00e7ok tan\u0131nm\u0131\u015f medya kurumu, CHP&#8217;li milletvekillerinin TBMM&#8217;de neden oldu\u011fu provokasyona yer verdi.<\/p>\n<p><img decoding=\"async\" src=\"https:\/\/bihavadis.com\/wp-content\/uploads\/2026\/02\/tbmmde-chplilerin-cikardigi-kavga-dunya-medyasinda-3-IZ6dAUFC.jpg\"\/><\/p>\n","protected":false},"excerpt":{"rendered":"<p>\u0130stanbul Cumhuriyet Ba\u015fsavc\u0131s\u0131 Ak\u0131n G\u00fcrlek\u2019in Adalet Bakan\u0131 olarak atanmas\u0131 nedeniyle CHP&#8217;lilerin TBMM&#8217;de \u00e7\u0131kard\u0131\u011f\u0131 kavga, ABD ba\u015fta olmak \u00fczere bir\u00e7ok yabanc\u0131 bas\u0131nda g\u00fcndem oldu.<\/p>\n","protected":false},"author":1,"featured_media":37149,"comment_status":"open","ping_status":"open","sticky":false,"template":"","format":"standard","meta":{"footnotes":""},"categories":[9,4,12],"tags":[3234,397,2113,3112],"class_list":["post-37148","post","type-post","status-publish","format-standard","has-post-thumbnail","hentry","category-genel","category-gundem","category-siyaset","tag-adalet","tag-meclis","tag-millet","tag-muhalefet"],"_links":{"self":[{"href":"https:\/\/bihavadis.com\/index.php\/wp-json\/wp\/v2\/posts\/37148","targetHints":{"allow":["GET"]}}],"collection":[{"href":"https:\/\/bihavadis.com\/index.php\/wp-json\/wp\/v2\/posts"}],"about":[{"href":"https:\/\/bihavadis.com\/index.php\/wp-json\/wp\/v2\/types\/post"}],"author":[{"embeddable":true,"href":"https:\/\/bihavadis.com\/index.php\/wp-json\/wp\/v2\/users\/1"}],"replies":[{"embeddable":true,"href":"https:\/\/bihavadis.com\/index.php\/wp-json\/wp\/v2\/comments?post=37148"}],"version-history":[{"count":1,"href":"https:\/\/bihavadis.com\/index.php\/wp-json\/wp\/v2\/posts\/37148\/revisions"}],"predecessor-version":[{"id":37154,"href":"https:\/\/bihavadis.com\/index.php\/wp-json\/wp\/v2\/posts\/37148\/revisions\/37154"}],"wp:featuredmedia":[{"embeddable":true,"href":"https:\/\/bihavadis.com\/index.php\/wp-json\/wp\/v2\/media\/37149"}],"wp:attachment":[{"href":"https:\/\/bihavadis.com\/index.php\/wp-json\/wp\/v2\/media?parent=37148"}],"wp:term":[{"taxonomy":"category","embeddable":true,"href":"https:\/\/bihavadis.com\/index.php\/wp-json\/wp\/v2\/categories?post=37148"},{"taxonomy":"post_tag","embeddable":true,"href":"https:\/\/bihavadis.com\/index.php\/wp-json\/wp\/v2\/tags?post=37148"}],"curies":[{"name":"wp","href":"https:\/\/api.w.org\/{rel}","templated":true}]}}