{"id":37158,"date":"2026-02-18T15:27:05","date_gmt":"2026-02-18T15:27:05","guid":{"rendered":"https:\/\/bihavadis.com\/?p=37158"},"modified":"2026-02-18T15:27:05","modified_gmt":"2026-02-18T15:27:05","slug":"2025-yilinin-kareleri-oylamasi-basladi","status":"publish","type":"post","link":"https:\/\/bihavadis.com\/index.php\/2026\/02\/18\/2025-yilinin-kareleri-oylamasi-basladi\/","title":{"rendered":"2025 Y\u0131l\u0131n\u0131n Kareleri Oylamas\u0131 Ba\u015flad\u0131"},"content":{"rendered":"<p> Kul\u00fcpler Birli\u011fi Vakf\u0131 Genel Sekreteri Do\u00e7. Dr. \u00c7a\u011fr\u0131 \u0130lk, Anadolu Ajans\u0131n\u0131n (AA) g\u00f6z\u00fcnden 2025&#8217;e damga vuran olaylara ait foto\u011fraflar\u0131n yer ald\u0131\u011f\u0131 AA&#8217;n\u0131n &#8220;Y\u0131l\u0131n Kareleri&#8221; oylamas\u0131na kat\u0131ld\u0131.<\/p>\n<p>\u00c7a\u011fr\u0131 \u0130lk, lifebox, AJet ve ROKETSAN sponsorlu\u011funda d\u00fczenlenen yar\u0131\u015fmada, AA foto muhabirleri ve muhabirlerinin 2025&#8217;te T\u00fcrkiye ile d\u00fcnya g\u00fcndeminde yank\u0131 bulan 6 kategorideki 112 foto\u011fraf\u0131n\u0131 inceledi.<\/p>\n<p>&#8221; Gazze: A\u00e7l\u0131k&#8221; \u00f6zel kategorisinde Ali Jadallah&#8217;\u0131n &#8220;Gazze&#8217;de beslenme sorunu ya\u015fayan Yezen&#8217;in sa\u011fl\u0131k durumu k\u00f6t\u00fcle\u015fiyor&#8221; isimli foto\u011fraf\u0131n\u0131 oylayan \u0130lk, ya\u015fananlardan \u00fcz\u00fcnt\u00fc duydu\u011funu dile getirdi.<\/p>\n<p>&#8220;Gazze&#8217;de beslenme sorunu ya\u015fayan Yezen&#8217;in sa\u011fl\u0131k durumu k\u00f6t\u00fcle\u015fiyor&#8221; isimli foto\u011fraf\u0131n kendisini \u00e7ok etkiledi\u011fini aktaran \u0130lk, \u015funlar\u0131 kaydetti: <\/p>\n<p>&#8220;Gazze&#8217;deki ya\u015fananlar\u0131n izah\u0131 yok. Yar\u0131nlar i\u00e7in \u00e7ok endi\u015feliyiz. Umar\u0131m bu sene sava\u015flar biter ve art\u0131k insanlar daha sorumlu hareket etmeye devam eder.&#8221;<\/p>\n<p>&#8220;Portre&#8221; \u00f6zel kategorisinde Ahmet Aslan&#8217;\u0131n &#8220;Y\u0131llar\u0131n ard\u0131ndan&#8221; isimli karesini se\u00e7en \u00c7a\u011fr\u0131 \u0130lk, &#8220;Haber&#8221; kategorisinde ise Mostafa Alkharouf&#8217;un &#8220;\u0130srail&#8217;e dur de!&#8221; isimli foto\u011fraf\u0131n\u0131 oylad\u0131.<\/p>\n<p>&#8220;Spor&#8221; kategorisinde Mustafa Hatipo\u011flu&#8217;nun &#8220;Kaptan&#8221; foto\u011fraf\u0131n\u0131 tercih eden \u00c7a\u011fr\u0131 \u0130lk, &#8220;Do\u011fal Ya\u015fam ve \u00c7evre&#8221; kategorisinde Mustafa K\u0131l\u0131\u00e7&#8217;\u0131n &#8220;S\u00fcr\u00fc&#8221; adl\u0131 karesine oyunu verdi.<\/p>\n<p>\u0130lk, &#8220;G\u00fcnl\u00fck Hayat&#8221; kategorisinde de Sidar Can Eren&#8217;in \u00e7ekti\u011fi &#8220;S\u00fct kuzusu&#8221; ba\u015fl\u0131kl\u0131 kareyi oylad\u0131.<\/p>\n<p>Foto\u011fraflar\u0131n \u00e7ok etkileyici oldu\u011funu vurgulayan \u00c7a\u011fr\u0131 \u0130lk, &#8220;Duygu \u00f6n planda. Anadolu Ajans\u0131 \u00e7ok g\u00fczel i\u015fler yap\u0131yor. Sadece \u00fclkemizde de\u011fil d\u00fcnyaya da do\u011fru bilgiyi aktar\u0131yor. T\u00fcm \u00e7al\u0131\u015fma arkada\u015flar\u0131m\u0131z\u0131 da tebrik ediyorum. Foto\u011fraflar da genel olarak \u00e7ok duygusal. Herkesin eline ve eme\u011fine sa\u011fl\u0131k.&#8221; ifadelerini kulland\u0131.<\/p>\n<p>Oylama<\/p>\n<p>AA&#8217;n\u0131n 2012 y\u0131l\u0131ndan bu yana d\u00fczenledi\u011fi yar\u0131\u015fmada, bu y\u0131l &#8220;Haber&#8221;, &#8220;Do\u011fal Ya\u015fam ve \u00c7evre&#8221;, &#8220;Spor&#8221; ve &#8220;G\u00fcnl\u00fck Hayat&#8221; olmak \u00fczere 4 ana kategorinin yan\u0131 s\u0131ra &#8220;Gazze: A\u00e7l\u0131k&#8221; ve &#8220;Portre&#8221; ba\u015fl\u0131kl\u0131 2 \u00f6zel kategori yer al\u0131yor.<\/p>\n<p>T\u00fcrk\u00e7e ve \u0130ngilizce altyaz\u0131yla d\u00fcnya genelinde yap\u0131lan oylamaya kat\u0131lanlar, istedikleri say\u0131da foto\u011frafa oy verebiliyor.<\/p>\n<p>Oylama &#8220;yilinkareleri.aa.com.tr&#8221; internet sitesi \u00fczerinden 15 \u015eubat Pazar saat 17.00&#8217;ye kadar devam edecek.<\/p>\n","protected":false},"excerpt":{"rendered":"<p>\u00c7a\u011fr\u0131 \u0130lk, AA&#8217;n\u0131n &#8216;Y\u0131l\u0131n Kareleri&#8217; oylamas\u0131na kat\u0131ld\u0131; foto\u011fraflar b\u00fcy\u00fck etki yaratt\u0131.<\/p>\n","protected":false},"author":1,"featured_media":37159,"comment_status":"open","ping_status":"open","sticky":false,"template":"","format":"standard","meta":{"footnotes":""},"categories":[14],"tags":[5301,311,312],"class_list":["post-37158","post","type-post","status-publish","format-standard","has-post-thumbnail","hentry","category-spor","tag-cagri-ilk","tag-foto","tag-kategorisinde"],"_links":{"self":[{"href":"https:\/\/bihavadis.com\/index.php\/wp-json\/wp\/v2\/posts\/37158","targetHints":{"allow":["GET"]}}],"collection":[{"href":"https:\/\/bihavadis.com\/index.php\/wp-json\/wp\/v2\/posts"}],"about":[{"href":"https:\/\/bihavadis.com\/index.php\/wp-json\/wp\/v2\/types\/post"}],"author":[{"embeddable":true,"href":"https:\/\/bihavadis.com\/index.php\/wp-json\/wp\/v2\/users\/1"}],"replies":[{"embeddable":true,"href":"https:\/\/bihavadis.com\/index.php\/wp-json\/wp\/v2\/comments?post=37158"}],"version-history":[{"count":1,"href":"https:\/\/bihavadis.com\/index.php\/wp-json\/wp\/v2\/posts\/37158\/revisions"}],"predecessor-version":[{"id":37160,"href":"https:\/\/bihavadis.com\/index.php\/wp-json\/wp\/v2\/posts\/37158\/revisions\/37160"}],"wp:featuredmedia":[{"embeddable":true,"href":"https:\/\/bihavadis.com\/index.php\/wp-json\/wp\/v2\/media\/37159"}],"wp:attachment":[{"href":"https:\/\/bihavadis.com\/index.php\/wp-json\/wp\/v2\/media?parent=37158"}],"wp:term":[{"taxonomy":"category","embeddable":true,"href":"https:\/\/bihavadis.com\/index.php\/wp-json\/wp\/v2\/categories?post=37158"},{"taxonomy":"post_tag","embeddable":true,"href":"https:\/\/bihavadis.com\/index.php\/wp-json\/wp\/v2\/tags?post=37158"}],"curies":[{"name":"wp","href":"https:\/\/api.w.org\/{rel}","templated":true}]}}