{"id":3719,"date":"2026-01-28T22:31:08","date_gmt":"2026-01-28T22:31:08","guid":{"rendered":"https:\/\/bihavadis.com\/?p=3719"},"modified":"2026-01-28T22:31:08","modified_gmt":"2026-01-28T22:31:08","slug":"cocuklarda-dogru-tedavi-polen-alerjisini-ortadan-kaldiriyor","status":"publish","type":"post","link":"https:\/\/bihavadis.com\/index.php\/2026\/01\/28\/cocuklarda-dogru-tedavi-polen-alerjisini-ortadan-kaldiriyor\/","title":{"rendered":"\u00c7ocuklarda do\u011fru tedavi polen alerjisini ortadan kald\u0131r\u0131yor"},"content":{"rendered":"<div> <img decoding=\"async\" src=\"https:\/\/bihavadis.com\/wp-content\/uploads\/2026\/01\/cocuklarda-dogru-tedavi-polen-alerjisini-ortadan-kaldiriyor-0-jUNXRGzR.jpg\"\/> <\/div>\n<p>Uluda\u011f \u00dcniversitesi T\u0131p Fak\u00fcltesi G\u00f6\u011f\u00fcs Hastal\u0131klar\u0131 Anabilim Dal\u0131 \u00d6\u011fretim \u00dcyesi Do\u00e7. Dr. Dane Ediger,\u00a0bahar aylar\u0131n\u0131n gelmesiyle polenlerin yo\u011funla\u015ft\u0131\u011f\u0131n\u0131 ve neden oldu\u011fu rahats\u0131zl\u0131klar\u0131n artt\u0131\u011f\u0131n\u0131 s\u00f6yledi.<\/p>\n<p><span>DER\u0130DE KA\u015eINMA DA YAPAB\u0130L\u0130R<\/span><\/p>\n<p>Alerjinin g\u00f6zlerde, burunda olabilece\u011fi gibi alt solunum yolunda ast\u0131m bulgular\u0131 \u015feklinde de g\u00f6r\u00fclebilece\u011fini dile getiren Ediger, alerjinin deride ka\u015f\u0131nma ve kabarma \u015feklinde de ortaya \u00e7\u0131kabilece\u011fini ifade etti.<\/p>\n<p>Bitkilerden sal\u0131nan polenlerin bahar d\u00f6nemlerinde alerjik rahats\u0131zl\u0131klara yol a\u00e7abildi\u011fini anlatan Ediger, \u015f\u00f6yle konu\u015ftu:<\/p>\n<p><b>&#8220;EN \u00d6NEML\u0130 \u00d6ZELL\u0130\u011e\u0130 DEVAMLI OLMAMASI&#8221;<\/b><\/p>\n<p><strong>&#8220;Polen mevsiminde alerjisi olanlar g\u00f6z ka\u015f\u0131nmas\u0131, sulanmas\u0131, burun ka\u015f\u0131nt\u0131s\u0131 ve hap\u015f\u0131rma ya\u015fayabilirler. Bazen hastalar\u0131m\u0131z mendil yeti\u015ftirememekten \u015fikayet eder. Bir anda burnu a\u015f\u0131r\u0131 akar. Ast\u0131m\u0131 da varsa \u00f6ks\u00fcr\u00fck, h\u0131r\u0131lt\u0131, g\u00f6\u011f\u00fcste bask\u0131 gibi yak\u0131nmalar olu\u015fabilecektir.<\/strong><\/p>\n<p><strong>Bu hastal\u0131klar\u0131n en \u00f6nemli \u00f6zelli\u011fi devaml\u0131 olmamas\u0131, ara ara gelirler. Arada rahatlad\u0131\u011f\u0131 d\u00f6nemler olur sonra tekrarlama g\u00f6sterir. Bu tekrarlay\u0131c\u0131l\u0131k bazen g\u00f6zden ka\u00e7arak normal mikrobik bir nezle zannedilebilir. Halbuki bunlar s\u0131k tekrarlan\u0131yor ve belli d\u00f6nemlerde art\u0131yorsa alerjik olabilir. Bu nedenle alerjiden \u015f\u00fcphelenenlerin hekimine alerji testi yapt\u0131rarak, alerjiye y\u00f6nelik tedaviyle bu mevsimi en \u015fikayetsiz \u015fekilde ge\u00e7irmesini sa\u011flamas\u0131 gerekiyor.&#8221;<\/strong><\/p>\n<p><b>\u00c7OCUKLARDA DAHA SIK G\u00d6R\u00dcL\u00dcYOR<\/b><\/p>\n<p>Ediger, polenle ilgili tepkimelerin \u00e7o\u011fu hastada sabit kald\u0131\u011f\u0131n\u0131, ancak baz\u0131lar\u0131nda seneden seneye \u015fiddetlendi\u011fini s\u00f6yledi.<\/p>\n<p>Burun yak\u0131nmalar\u0131n\u0131n polen mevsiminde a\u015f\u0131r\u0131 g\u00f6r\u00fcld\u00fc\u011f\u00fcn\u00fc dile getiren Ediger, <strong>&#8220;Bu ki\u015filerin uzun s\u00fcre a\u00e7\u0131k havada, parkta zaman ge\u00e7irmesi durumunda ilk ast\u0131m ataklar\u0131n\u0131n o zaman ortaya \u00e7\u0131kt\u0131\u011f\u0131n\u0131 g\u00f6r\u00fcyoruz. Tedavi edilmedi\u011finde ast\u0131mla devam etme riski y\u00fcksek. Bu ki\u015filerin sigara i\u00e7memelerini tavsiye ediyoruz. \u00c7\u00fcnk\u00fc sigara da ast\u0131m riskini art\u0131r\u0131yor. Zaten alerjik nezlesi var, ast\u0131m riski y\u00fcksek.&#8221;<\/strong> dedi.<\/p>\n<div>\n<div>  <\/div>\n<\/div>\n<p><b>DO\u011eRU TEDAV\u0130YLE HASTALIK KAYBOLUYOR<\/b><\/p>\n<p>Polen mevsiminde sigaradan uzak durulmas\u0131n\u0131 \u00f6neren Ediger, \u015funlar\u0131 kaydetti:<\/p>\n<p><strong>&#8220;Polene alerjisi olanlarda ilkbaharda poleni yo\u011fun solumak sadece hap\u015f\u0131rma veya g\u00f6z ka\u015f\u0131nt\u0131s\u0131 yapmaz, dikkat da\u011f\u0131n\u0131kl\u0131\u011f\u0131, uyku hali ve sersemlik de verir. \u00d6\u011frenci ya\u015f grubundakiler bu d\u00f6nemlerde s\u0131navlarda daha ba\u015far\u0131s\u0131z olabilirler. Genel anlamda ya\u015fam kalitesi bozulur. Bunun i\u00e7in do\u011fru \u015fekilde ila\u00e7la tedavilerinin mutlaka yap\u0131lmas\u0131 laz\u0131m. O d\u00f6nemde do\u011fru tedavi olan \u00e7ocuklar\u0131n y\u00fczde 80&#8217;i eri\u015fkin ya\u015fa ge\u00e7ti\u011finde bu hastal\u0131klar ortadan kayboluyor.&#8221; <\/strong><\/p>\n<p><b>\u0130LA\u00c7 YETERL\u0130 OLMAYA B\u0130L\u0130R<\/b><\/p>\n<p>T\u00fcm alerjik hastal\u0131klar ve ast\u0131m\u0131n \u00e7ocuklarda daha s\u0131k g\u00f6r\u00fcld\u00fc\u011f\u00fcne dikkati \u00e7eken Ediger, \u00e7ocuklardaki alerjik hastal\u0131klara do\u011fru tedavi uygulanmas\u0131 gerekti\u011fini ifade etti.<\/p>\n<p>Polen alerjisi olanlar\u0131n park ve do\u011fa y\u00fcr\u00fcy\u00fc\u015f\u00fc gibi a\u00e7\u0131k hava aktivitelerinde saatler ge\u00e7irmemelerini \u00f6neren Ediger, <strong>&#8220;\u00c7\u00fcnk\u00fc o kadar yo\u011fun polen soludu\u011funda ila\u00e7 al\u0131yorsa bile yeterli olmayabilir.&#8221;<\/strong> dedi.<\/p>\n","protected":false},"excerpt":{"rendered":"<p>Do\u00e7. Dr. Dane Ediger, polenlerin sadece hap\u015f\u0131rma veya g\u00f6z ka\u015f\u0131nt\u0131s\u0131 yapmad\u0131\u011f\u0131n\u0131, bahar aylar\u0131nda yo\u011fun solunan polenlerin dikkat da\u011f\u0131n\u0131kl\u0131\u011f\u0131, uyku hali ve sersemlik de verdi\u011fini belirtti.<\/p>\n","protected":false},"author":1,"featured_media":3720,"comment_status":"open","ping_status":"open","sticky":false,"template":"","format":"standard","meta":{"footnotes":""},"categories":[11],"tags":[575,578,576,577],"class_list":["post-3719","post","type-post","status-publish","format-standard","has-post-thumbnail","hentry","category-saglik","tag-alerji","tag-alerjik","tag-hastalik","tag-tedavi"],"_links":{"self":[{"href":"https:\/\/bihavadis.com\/index.php\/wp-json\/wp\/v2\/posts\/3719","targetHints":{"allow":["GET"]}}],"collection":[{"href":"https:\/\/bihavadis.com\/index.php\/wp-json\/wp\/v2\/posts"}],"about":[{"href":"https:\/\/bihavadis.com\/index.php\/wp-json\/wp\/v2\/types\/post"}],"author":[{"embeddable":true,"href":"https:\/\/bihavadis.com\/index.php\/wp-json\/wp\/v2\/users\/1"}],"replies":[{"embeddable":true,"href":"https:\/\/bihavadis.com\/index.php\/wp-json\/wp\/v2\/comments?post=3719"}],"version-history":[{"count":1,"href":"https:\/\/bihavadis.com\/index.php\/wp-json\/wp\/v2\/posts\/3719\/revisions"}],"predecessor-version":[{"id":3722,"href":"https:\/\/bihavadis.com\/index.php\/wp-json\/wp\/v2\/posts\/3719\/revisions\/3722"}],"wp:featuredmedia":[{"embeddable":true,"href":"https:\/\/bihavadis.com\/index.php\/wp-json\/wp\/v2\/media\/3720"}],"wp:attachment":[{"href":"https:\/\/bihavadis.com\/index.php\/wp-json\/wp\/v2\/media?parent=3719"}],"wp:term":[{"taxonomy":"category","embeddable":true,"href":"https:\/\/bihavadis.com\/index.php\/wp-json\/wp\/v2\/categories?post=3719"},{"taxonomy":"post_tag","embeddable":true,"href":"https:\/\/bihavadis.com\/index.php\/wp-json\/wp\/v2\/tags?post=3719"}],"curies":[{"name":"wp","href":"https:\/\/api.w.org\/{rel}","templated":true}]}}