{"id":37235,"date":"2026-02-20T02:03:10","date_gmt":"2026-02-20T02:03:10","guid":{"rendered":"https:\/\/bihavadis.com\/?p=37235"},"modified":"2026-02-20T02:03:10","modified_gmt":"2026-02-20T02:03:10","slug":"meclisteki-yumruklu-kavga-fotograf-karelerinde","status":"publish","type":"post","link":"https:\/\/bihavadis.com\/index.php\/2026\/02\/20\/meclisteki-yumruklu-kavga-fotograf-karelerinde\/","title":{"rendered":"Meclis&#8217;teki yumruklu kavga foto\u011fraf karelerinde"},"content":{"rendered":"<p>T\u00fcrkiye B\u00fcy\u00fck Millet Meclisi d\u00fcn, hareketli anlara sahne oldu&#8230;<\/p>\n<p>G\u00f6revden aff\u0131n\u0131 isteyen ve g\u00f6revden af talebi kabul edilen Y\u0131lmaz Tun\u00e7&#8217;tan bo\u015falan Adalet Bakanl\u0131\u011f\u0131na \u0130stanbul Cumhuriyet Ba\u015fsavc\u0131s\u0131 Ak\u0131n G\u00fcrlek, Ali Yerlikaya&#8217;dan bo\u015falan \u0130\u00e7i\u015fleri Bakanl\u0131\u011f\u0131na Erzurum Valisi Mustafa \u00c7ift\u00e7i getirildi.<\/p>\n<p>D\u00fczenlenen t\u00f6ren ile g\u00f6revlerini devralan bakanlar, yemin etmek i\u00e7in TBMM&#8217;ye geldi.<\/p>\n<p><strong>T\u00d6REN \u00d6NCES\u0130 KAVGA \u00c7IKTI<\/strong><\/p>\n<p>Ak\u0131n G\u00fcrlek ve Mustafa \u00c7ift\u00e7i&#8217;nin yemin etmesine engel olmak isteyen CHP&#8217;li vekillerin k\u00fcrs\u00fcy\u00fc kapatmas\u0131 sonucu tart\u0131\u015fma \u00e7\u0131kt\u0131.<\/p>\n<p>AK Parti ve CHP&#8217;li vekiller aras\u0131nda \u00e7\u0131kan tart\u0131\u015fma, k\u0131sa s\u00fcrede yumruklu kavgaya d\u00f6n\u00fc\u015ft\u00fc.<\/p>\n<p><strong>KAVGA ANLARI FOTO\u011eRAF KARELER\u0130NE YANSIDI<\/strong><\/p>\n<p>Meclis&#8217;te ortal\u0131\u011f\u0131n kar\u0131\u015ft\u0131\u011f\u0131 anlar, Nefes&#8217;ten Selahattin S\u00f6nmez&#8217;in kameras\u0131na yans\u0131d\u0131.\u00a0<\/p>\n<p><strong>\u0130\u015eTE KARE KARE KAVGA ANLARI<\/strong><\/p>\n<p><img decoding=\"async\" src=\"https:\/\/bihavadis.com\/wp-content\/uploads\/2026\/02\/meclisteki-yumruklu-kavga-fotograf-karelerinde-0-t2pVsQTz.jpg\"\/><\/p>\n<p><img decoding=\"async\" src=\"https:\/\/bihavadis.com\/wp-content\/uploads\/2026\/02\/meclisteki-yumruklu-kavga-fotograf-karelerinde-1-BDqRfby7.jpg\"\/><\/p>\n<p><img decoding=\"async\" src=\"https:\/\/bihavadis.com\/wp-content\/uploads\/2026\/02\/meclisteki-yumruklu-kavga-fotograf-karelerinde-2-bgTU2zsQ.jpg\"\/><\/p>\n<p><img decoding=\"async\" src=\"https:\/\/bihavadis.com\/wp-content\/uploads\/2026\/02\/meclisteki-yumruklu-kavga-fotograf-karelerinde-3-YSOFh7pY.jpg\"\/><\/p>\n<p><img decoding=\"async\" src=\"https:\/\/bihavadis.com\/wp-content\/uploads\/2026\/02\/meclisteki-yumruklu-kavga-fotograf-karelerinde-4-X239IKSc.jpg\"\/><\/p>\n<p><img decoding=\"async\" src=\"https:\/\/bihavadis.com\/wp-content\/uploads\/2026\/02\/meclisteki-yumruklu-kavga-fotograf-karelerinde-5-wldyDYNS.jpg\"\/><\/p>\n<p><img decoding=\"async\" src=\"https:\/\/bihavadis.com\/wp-content\/uploads\/2026\/02\/meclisteki-yumruklu-kavga-fotograf-karelerinde-6-7f8YZts1.jpg\"\/><\/p>\n<p><img decoding=\"async\" src=\"https:\/\/bihavadis.com\/wp-content\/uploads\/2026\/02\/meclisteki-yumruklu-kavga-fotograf-karelerinde-7-w4ni6qhD.jpg\"\/><\/p>\n<p><img decoding=\"async\" src=\"https:\/\/bihavadis.com\/wp-content\/uploads\/2026\/02\/meclisteki-yumruklu-kavga-fotograf-karelerinde-8-9eCdTwlp.jpg\"\/><\/p>\n<p><img decoding=\"async\" src=\"https:\/\/bihavadis.com\/wp-content\/uploads\/2026\/02\/meclisteki-yumruklu-kavga-fotograf-karelerinde-9-mQKsgZrw.jpg\"\/><\/p>\n<p><img decoding=\"async\" src=\"https:\/\/bihavadis.com\/wp-content\/uploads\/2026\/02\/meclisteki-yumruklu-kavga-fotograf-karelerinde-10-QbTJWd5m.jpg\"\/><\/p>\n<p><img decoding=\"async\" src=\"https:\/\/bihavadis.com\/wp-content\/uploads\/2026\/02\/meclisteki-yumruklu-kavga-fotograf-karelerinde-11-MNSSUu2F.jpg\"\/><\/p>\n<p><img decoding=\"async\" src=\"https:\/\/bihavadis.com\/wp-content\/uploads\/2026\/02\/meclisteki-yumruklu-kavga-fotograf-karelerinde-12-3c1gFETY.jpg\"\/><\/p>\n","protected":false},"excerpt":{"rendered":"<p>Adalet ve \u0130\u00e7i\u015fleri Bakanl\u0131\u011f\u0131 g\u00f6revlerini devralan Ak\u0131n G\u00fcrlek ve Mustafa \u00c7ift\u00e7i&#8217;nin yemin t\u00f6reni \u00f6ncesi Meclis&#8217;te, AK Partili ve CHP&#8217;li vekiller aras\u0131nda kavga \u00e7\u0131kt\u0131. Kavga anlar\u0131 saniye saniye foto\u011fraf karelerine yans\u0131d\u0131.<\/p>\n","protected":false},"author":1,"featured_media":37236,"comment_status":"open","ping_status":"open","sticky":false,"template":"","format":"standard","meta":{"footnotes":""},"categories":[9,13],"tags":[],"class_list":["post-37235","post","type-post","status-publish","format-standard","has-post-thumbnail","hentry","category-genel","category-son-dakika"],"_links":{"self":[{"href":"https:\/\/bihavadis.com\/index.php\/wp-json\/wp\/v2\/posts\/37235","targetHints":{"allow":["GET"]}}],"collection":[{"href":"https:\/\/bihavadis.com\/index.php\/wp-json\/wp\/v2\/posts"}],"about":[{"href":"https:\/\/bihavadis.com\/index.php\/wp-json\/wp\/v2\/types\/post"}],"author":[{"embeddable":true,"href":"https:\/\/bihavadis.com\/index.php\/wp-json\/wp\/v2\/users\/1"}],"replies":[{"embeddable":true,"href":"https:\/\/bihavadis.com\/index.php\/wp-json\/wp\/v2\/comments?post=37235"}],"version-history":[{"count":1,"href":"https:\/\/bihavadis.com\/index.php\/wp-json\/wp\/v2\/posts\/37235\/revisions"}],"predecessor-version":[{"id":37250,"href":"https:\/\/bihavadis.com\/index.php\/wp-json\/wp\/v2\/posts\/37235\/revisions\/37250"}],"wp:featuredmedia":[{"embeddable":true,"href":"https:\/\/bihavadis.com\/index.php\/wp-json\/wp\/v2\/media\/37236"}],"wp:attachment":[{"href":"https:\/\/bihavadis.com\/index.php\/wp-json\/wp\/v2\/media?parent=37235"}],"wp:term":[{"taxonomy":"category","embeddable":true,"href":"https:\/\/bihavadis.com\/index.php\/wp-json\/wp\/v2\/categories?post=37235"},{"taxonomy":"post_tag","embeddable":true,"href":"https:\/\/bihavadis.com\/index.php\/wp-json\/wp\/v2\/tags?post=37235"}],"curies":[{"name":"wp","href":"https:\/\/api.w.org\/{rel}","templated":true}]}}