{"id":37251,"date":"2026-02-20T02:06:39","date_gmt":"2026-02-20T02:06:39","guid":{"rendered":"https:\/\/bihavadis.com\/?p=37251"},"modified":"2026-02-20T02:06:39","modified_gmt":"2026-02-20T02:06:39","slug":"peri-masalindan-kabusa-prensesin-hayati-bir-anda-alt-ust-oldu","status":"publish","type":"post","link":"https:\/\/bihavadis.com\/index.php\/2026\/02\/20\/peri-masalindan-kabusa-prensesin-hayati-bir-anda-alt-ust-oldu\/","title":{"rendered":"Peri masal\u0131ndan kabusa! Prensesin hayat\u0131 bir anda alt \u00fcst oldu"},"content":{"rendered":"<p>Bir zamanlar s\u0131radan bir hayat\u0131 geride b\u0131rak\u0131p Norve\u00e7 taht\u0131n\u0131n merkezine y\u00fckselen Veliaht Prenses Mette-Marit&#8217;in hayat\u0131 dramatik bir d\u00f6n\u00fc\u015f ya\u015fad\u0131. \u00c7al\u0131\u015fmalar\u0131nda ve kamu hizmetinde tan\u0131nan prensesin imaj\u0131, son yay\u0131mlanan belgelerle birlikte ciddi zarar g\u00f6rd\u00fc.<\/p>\n<p><b>EPSTEIN YAZI\u015eMALARI \u0130F\u015eA OLDU<\/b><\/p>\n<p>Yay\u0131mlanan yeni dosyalarda, prensesin ABD&#8217;li su\u00e7lu Jeffrey Epstein ile y\u0131llar boyunca yaz\u0131\u015ft\u0131\u011f\u0131 ortaya \u00e7\u0131kt\u0131. 2011-2014 y\u0131llar\u0131 aras\u0131nda ger\u00e7ekle\u015fen bu ileti\u015fimler, uzmanlar\u0131n &#8220;zay\u0131f de\u011ferlendirme&#8221; olarak nitelendirdi\u011fi g\u00f6r\u00fc\u015fmeye yol a\u00e7t\u0131. Mette-Marit, bu ili\u015fki i\u00e7in &#8220;hatam\u0131 kabul ediyorum ve bu temas benim i\u00e7in utan\u00e7 verici oldu&#8221; diye a\u00e7\u0131klama yapt\u0131.<\/p>\n<div>\n<figure><img decoding=\"async\" src=\"https:\/\/bihavadis.com\/wp-content\/uploads\/2026\/02\/peri-masalindan-kabusa-prensesin-hayati-bir-anda-alt-ust-oldu-0-sS15JQkJ.jpg\"\/><\/figure>\n<\/div>\n<p><b>KRAL\u0130\u00c7E OLMASINA KAR\u015eI \u00c7IKIYORLAR<\/b><\/p>\n<p>Bu geli\u015fme, Norve\u00e7 kamuoyunda prensesin olas\u0131 gelece\u011fi hakk\u0131nda tart\u0131\u015fmalar\u0131 alevlendirdi; yap\u0131lan bir ankete g\u00f6re halk\u0131n b\u00fcy\u00fck bir k\u0131sm\u0131, Mette-Marit&#8217;in krali\u00e7e olmas\u0131na kar\u015f\u0131 \u00e7\u0131k\u0131yor.<\/p>\n<p><b>O\u011eLU 4 KADINA TECAV\u00dcZLE SU\u00c7LANIYOR<\/b><\/p>\n<p>Skandallar prensesle s\u0131n\u0131rl\u0131 de\u011fil. Mette-Marit&#8217;in o\u011flu Marius Borg H\u00f8iby, 29 ya\u015f\u0131nda 38 farkl\u0131 su\u00e7lamayla yarg\u0131lan\u0131yor. Viyana&#8217;daki mahkemede s\u00fcren davada H\u00f8iby, d\u00f6rt kad\u0131na tecav\u00fcz, sald\u0131r\u0131 ve uyu\u015fturucu su\u00e7lar\u0131 dahil a\u011f\u0131r su\u00e7lamalarla kar\u015f\u0131 kar\u015f\u0131ya ve h\u00fck\u00fcm giymesi halinde uzun bir hapis cezas\u0131 alabilir.<\/p>\n<div>\n<figure><img decoding=\"async\" src=\"https:\/\/bihavadis.com\/wp-content\/uploads\/2026\/02\/peri-masalindan-kabusa-prensesin-hayati-bir-anda-alt-ust-oldu-1-uYtxy26x.jpg\"\/><\/figure>\n<\/div>\n<p><b>DAVALAR MART AYINA KADAR S\u00dcRECEK<\/b><\/p>\n<p>H\u00f8iby&#8217;nin duru\u015fmas\u0131, Norve\u00e7 kraliyet ailesinin son d\u00f6nemde kar\u015f\u0131 kar\u015f\u0131ya kald\u0131\u011f\u0131 en b\u00fcy\u00fck hukuki ve prestij krizi olarak tan\u0131mlan\u0131yor ve davalar Mart ay\u0131na kadar s\u00fcrecek.<\/p>\n","protected":false},"excerpt":{"rendered":"<p>Norve\u00e7 Veliaht Prensesi Mette-Marit&#8217;in Jeffrey Epstein ile ge\u00e7mi\u015fteki yaz\u0131\u015fmalar\u0131n\u0131n ortaya \u00e7\u0131kmas\u0131 ve o\u011flunun 4 kad\u0131na tecav\u00fcz dahil \u00e7ok say\u0131da a\u011f\u0131r su\u00e7lamayla yarg\u0131lanmas\u0131, kraliyet ailesini derin bir krizle kar\u015f\u0131 kar\u015f\u0131ya b\u0131rakt\u0131 ve prensesin &#8220;masal&#8221; olarak g\u00f6r\u00fclen hayat\u0131n\u0131 tart\u0131\u015fmal\u0131 bir d\u00f6neme s\u00fcr\u00fckledi. Halk\u0131n b\u00fcy\u00fck bir k\u0131sm\u0131, Mette-Marit&#8217;in krali\u00e7e olmas\u0131na kar\u015f\u0131 \u00e7\u0131k\u0131yor.<\/p>\n","protected":false},"author":1,"featured_media":37252,"comment_status":"open","ping_status":"open","sticky":false,"template":"","format":"standard","meta":{"footnotes":""},"categories":[6],"tags":[3940],"class_list":["post-37251","post","type-post","status-publish","format-standard","has-post-thumbnail","hentry","category-dunya","tag-prenses"],"_links":{"self":[{"href":"https:\/\/bihavadis.com\/index.php\/wp-json\/wp\/v2\/posts\/37251","targetHints":{"allow":["GET"]}}],"collection":[{"href":"https:\/\/bihavadis.com\/index.php\/wp-json\/wp\/v2\/posts"}],"about":[{"href":"https:\/\/bihavadis.com\/index.php\/wp-json\/wp\/v2\/types\/post"}],"author":[{"embeddable":true,"href":"https:\/\/bihavadis.com\/index.php\/wp-json\/wp\/v2\/users\/1"}],"replies":[{"embeddable":true,"href":"https:\/\/bihavadis.com\/index.php\/wp-json\/wp\/v2\/comments?post=37251"}],"version-history":[{"count":1,"href":"https:\/\/bihavadis.com\/index.php\/wp-json\/wp\/v2\/posts\/37251\/revisions"}],"predecessor-version":[{"id":37255,"href":"https:\/\/bihavadis.com\/index.php\/wp-json\/wp\/v2\/posts\/37251\/revisions\/37255"}],"wp:featuredmedia":[{"embeddable":true,"href":"https:\/\/bihavadis.com\/index.php\/wp-json\/wp\/v2\/media\/37252"}],"wp:attachment":[{"href":"https:\/\/bihavadis.com\/index.php\/wp-json\/wp\/v2\/media?parent=37251"}],"wp:term":[{"taxonomy":"category","embeddable":true,"href":"https:\/\/bihavadis.com\/index.php\/wp-json\/wp\/v2\/categories?post=37251"},{"taxonomy":"post_tag","embeddable":true,"href":"https:\/\/bihavadis.com\/index.php\/wp-json\/wp\/v2\/tags?post=37251"}],"curies":[{"name":"wp","href":"https:\/\/api.w.org\/{rel}","templated":true}]}}