{"id":37295,"date":"2026-02-20T02:27:10","date_gmt":"2026-02-20T02:27:10","guid":{"rendered":"https:\/\/bihavadis.com\/?p=37295"},"modified":"2026-02-20T02:27:10","modified_gmt":"2026-02-20T02:27:10","slug":"erdogan-micotakis-gorusmesi-yunan-basininda","status":"publish","type":"post","link":"https:\/\/bihavadis.com\/index.php\/2026\/02\/20\/erdogan-micotakis-gorusmesi-yunan-basininda\/","title":{"rendered":"Erdo\u011fan &#8211; Mi\u00e7otakis g\u00f6r\u00fc\u015fmesi Yunan bas\u0131n\u0131nda"},"content":{"rendered":"<p>Yunanistan Ba\u015fbakan\u0131 Kiryakos Mi\u00e7otakis\u2019in Ankara ziyareti, Yunan bas\u0131n\u0131nda geni\u015f yank\u0131 buldu. G\u00f6r\u00fc\u015fmelerin ard\u0131ndan iki \u00fclke aras\u0131nda diyalog kanallar\u0131n\u0131n a\u00e7\u0131k tutulaca\u011f\u0131 mesaj\u0131 \u00f6ne \u00e7\u0131karken, baz\u0131 Yunan siyasi \u00e7evreleri Mi\u00e7otakis\u2019i \u201cgeri ad\u0131m atmakla\u201d ele\u015ftirdi. Ziyaretin perde arkas\u0131na ili\u015fkin aktar\u0131lan \u201ctesbih sohbeti\u201d detay\u0131 ise dikkat \u00e7ekti.<\/p>\n<p><strong>ORTAK B\u0130LD\u0130R\u0130 VE D\u0130YALOG MESAJI<\/strong><\/p>\n<p>Cumhurba\u015fkan\u0131 Recep Tayyip Erdo\u011fan ile Ankara\u2019da bir araya gelen Mi\u00e7otakis\u2019in ziyareti kapsam\u0131nda iki \u00fclke aras\u0131nda 7 anla\u015fma ile ortak bildiri imzaland\u0131.<\/p>\n<p>Erdo\u011fan, g\u00f6r\u00fc\u015fme sonras\u0131 yapt\u0131\u011f\u0131 a\u00e7\u0131klamada, <b><em>\u201c\u0130ki kom\u015fu ve m\u00fcttefik \u00fclke olarak i\u015f birli\u011fi temelinde diyalog kanallar\u0131n\u0131 a\u00e7\u0131k tutmal\u0131y\u0131z\u201d<\/em><\/b> mesaj\u0131n\u0131 verdi. Mi\u00e7otakis de iyi kom\u015fuluk ve temaslar\u0131n s\u00fcrd\u00fcr\u00fclmesinin \u00f6nemine vurgu yapt\u0131.<\/p>\n<p><img decoding=\"async\" src=\"https:\/\/bihavadis.com\/wp-content\/uploads\/2026\/02\/erdogan-micotakis-gorusmesi-yunan-basininda-0-Zg9Kfjtq.jpg\"\/><\/p>\n<p><strong>YUNAN BASININDA SAFE YORUMU<\/strong><\/p>\n<p>Yunan medyas\u0131, zirveyi dakika dakika takip etti. ProNews sitesi, Erdo\u011fan\u2019\u0131n T\u00fcrkiye\u2019nin Avrupa\u2019daki savunma giri\u015fimlerinde yer alma arzusuna ili\u015fkin s\u00f6zlerini, Ankara\u2019n\u0131n Avrupa Birli\u011fi savunma program\u0131 SAFE\u2019e kat\u0131lma konusundaki net tutumu olarak de\u011ferlendirdi.<\/p>\n<p>Haberde, Mi\u00e7otakis\u2019in ge\u00e7mi\u015fte T\u00fcrkiye\u2019nin SAFE program\u0131na kat\u0131l\u0131m\u0131n\u0131 veto edece\u011fini ifade etti\u011fi hat\u0131rlat\u0131larak, Ankara\u2019daki g\u00f6r\u00fc\u015fmede bu ba\u015fl\u0131kta yorum yapmamas\u0131n\u0131n \u201cgeri ad\u0131m\u201d olarak yorumland\u0131\u011f\u0131 belirtildi.<\/p>\n<p><img decoding=\"async\" src=\"https:\/\/bihavadis.com\/wp-content\/uploads\/2026\/02\/erdogan-micotakis-gorusmesi-yunan-basininda-1-kYwzZmjk.jpg\"\/><\/p>\n<p><strong>&#8220;TEHD\u0130TLER\u0130 GER\u0130DE BIRAKMA ZAMANI&#8221;<\/strong><\/p>\n<p>Protothema gazetesi, g\u00f6r\u00fc\u015fmeyi <b><em>\u201cHer t\u00fcrl\u00fc tehdidi ortadan kald\u0131rman\u0131n zaman\u0131 geldi\u201d <\/em><\/b>ba\u015fl\u0131\u011f\u0131yla duyurdu. Haberde, liderlerin yakla\u015f\u0131k bir bu\u00e7uk saat s\u00fcren g\u00f6r\u00fc\u015fmesinin olumlu bir atmosferde ger\u00e7ekle\u015fti\u011fi ve kar\u015f\u0131l\u0131kl\u0131 i\u015f birli\u011fi mesajlar\u0131n\u0131n \u00f6ne \u00e7\u0131kt\u0131\u011f\u0131 aktar\u0131ld\u0131.<\/p>\n<p>Atina merkezli One kanal\u0131 ise zirveyi canl\u0131 yay\u0131nlarla izleyicilerine aktar\u0131rken, Uluslararas\u0131 \u0130li\u015fkiler Profes\u00f6r\u00fc Dimitris Triantafyllou g\u00f6r\u00fc\u015fmeyi <em><b>\u201ctarihi g\u00fcnlerden biri\u201d <\/b><\/em>olarak nitelendirdi ve siyasi iradenin ili\u015fkileri daha da yak\u0131nla\u015ft\u0131rabilece\u011fini s\u00f6yledi.<\/p>\n<p><img decoding=\"async\" src=\"https:\/\/bihavadis.com\/wp-content\/uploads\/2026\/02\/erdogan-micotakis-gorusmesi-yunan-basininda-2-IFS117c2.jpg\"\/><\/p>\n<p><strong>YUNAN MUHALEFET\u0130: &#8220;KIRMIZI \u00c7\u0130ZG\u0130LER D\u0130LE GET\u0130R\u0130LMED\u0130&#8221;<\/strong><\/p>\n<p>Diaforetiko\u2019ya konu\u015fan Yunanistan \u00d6zg\u00fcrl\u00fck Yolu Partisi lideri Zoe Konstantopoulou, Mi\u00e7otakis\u2019i sert s\u00f6zlerle ele\u015ftirdi. Konstantopoulou, Atina\u2019n\u0131n k\u0131rm\u0131z\u0131 \u00e7izgilerinin Ankara\u2019da yeterince dile getirilmedi\u011fini savunarak, Yunan parlamentosunda uzun s\u00fcredir tart\u0131\u015f\u0131lan baz\u0131 ba\u015fl\u0131klar\u0131n g\u00fcndeme ta\u015f\u0131nmad\u0131\u011f\u0131n\u0131 \u00f6ne s\u00fcrd\u00fc. Filistin meselesine de\u011finilmemesi de ele\u015ftiriler aras\u0131nda yer ald\u0131.<\/p>\n<p><img decoding=\"async\" src=\"https:\/\/bihavadis.com\/wp-content\/uploads\/2026\/02\/erdogan-micotakis-gorusmesi-yunan-basininda-3-PtcqCrVY.jpg\"\/><\/p>\n<p><strong>PERDE ARKASINDA &#8220;TESB\u0130H&#8221; SOHBET\u0130<\/strong><\/p>\n<p>Newsit sitesi ise zirvenin diplomatik mesajlar\u0131ndan \u00e7ok perde arkas\u0131ndaki ayr\u0131nt\u0131lara dikkat \u00e7ekti. Haberde, Mi\u00e7otakis\u2019in Ankara\u2019da s\u0131cak bir \u015fekilde kar\u015f\u0131land\u0131\u011f\u0131, g\u00f6r\u00fc\u015fmenin dostane bir atmosferde ge\u00e7ti\u011fi belirtildi.<\/p>\n<p>Patrik Bartholomeos\u2019un da bulundu\u011fu ortamda Erdo\u011fan, Mi\u00e7otakis ve Bartholomeos\u2019un tesbihler \u00fczerine sohbet etti\u011fi aktar\u0131ld\u0131. Mi\u00e7otakis onuruna verilen ak\u015fam yeme\u011finde hem T\u00fcrk hem de Yunan mutfa\u011f\u0131ndan lezzetlerin sunuldu\u011fu ifade edilirken, bu detaylar\u0131n iki \u00fclkenin<em><b> \u201cayn\u0131 mahallenin kom\u015fular\u0131\u201d <\/b><\/em>oldu\u011fu mesaj\u0131n\u0131 peki\u015ftirdi\u011fi yorumu yap\u0131ld\u0131.<\/p>\n<p><img decoding=\"async\" src=\"https:\/\/bihavadis.com\/wp-content\/uploads\/2026\/02\/erdogan-micotakis-gorusmesi-yunan-basininda-4-uscK3TME.jpg\"\/><\/p>\n<p><strong>&#8220;T\u00dcRK\u0130YE GER\u00c7E\u011e\u0130 G\u00d6Z ARDI ED\u0130LEMEZ&#8221;<\/strong><\/p>\n<p>Action 24 kanal\u0131,<em><b> \u201cAtina Ankara\u2019da zaman m\u0131 kazan\u0131yor?\u201d <\/b><\/em>ba\u015fl\u0131kl\u0131 analizinde, olumlu diyalog atmosferinin kal\u0131c\u0131 olmas\u0131n\u0131n beklendi\u011fini vurgulad\u0131. Analizde, Yunanistan\u2019\u0131n b\u00f6lgedeki T\u00fcrkiye fakt\u00f6r\u00fcn\u00fc g\u00f6z ard\u0131 edemeyece\u011fi ifade edildi.<\/p>\n<p>Kathimerini gazetesi ise iki liderin Ege\u2019de tansiyonu d\u00fc\u015f\u00fcrme y\u00f6n\u00fcnde mesaj verdi\u011fini yazd\u0131. Haberde, taraflar\u0131n yeni gerilimlerden ka\u00e7\u0131nma ve temaslar\u0131 s\u00fcrd\u00fcrme niyetini teyit etti\u011fi kaydedildi.<\/p>\n<p><img decoding=\"async\" src=\"https:\/\/bihavadis.com\/wp-content\/uploads\/2026\/02\/erdogan-micotakis-gorusmesi-yunan-basininda-5-LAy5X12A.jpg\"\/><\/p>\n<p><img decoding=\"async\" src=\"https:\/\/bihavadis.com\/wp-content\/uploads\/2026\/02\/erdogan-micotakis-gorusmesi-yunan-basininda-6-5lI7BUlm.jpg\"\/><\/p>\n<p><img decoding=\"async\" src=\"https:\/\/bihavadis.com\/wp-content\/uploads\/2026\/02\/erdogan-micotakis-gorusmesi-yunan-basininda-7-L65a3QDr.jpg\"\/><\/p>\n","protected":false},"excerpt":{"rendered":"<p>Ankara\u2019daki Erdo\u011fan\u2013Mi\u00e7otakis zirvesi Yunan bas\u0131n\u0131nda, SAFE tart\u0131\u015fmas\u0131 ve \u201ctesbih\u201d detay\u0131 ile \u00f6ne \u00e7\u0131kt\u0131.<\/p>\n","protected":false},"author":1,"featured_media":37296,"comment_status":"open","ping_status":"open","sticky":false,"template":"","format":"standard","meta":{"footnotes":""},"categories":[9,4,12],"tags":[377,435,294,517,1328],"class_list":["post-37295","post","type-post","status-publish","format-standard","has-post-thumbnail","hentry","category-genel","category-gundem","category-siyaset","tag-ankara","tag-gorusme","tag-mesaj","tag-turk","tag-yunan"],"_links":{"self":[{"href":"https:\/\/bihavadis.com\/index.php\/wp-json\/wp\/v2\/posts\/37295","targetHints":{"allow":["GET"]}}],"collection":[{"href":"https:\/\/bihavadis.com\/index.php\/wp-json\/wp\/v2\/posts"}],"about":[{"href":"https:\/\/bihavadis.com\/index.php\/wp-json\/wp\/v2\/types\/post"}],"author":[{"embeddable":true,"href":"https:\/\/bihavadis.com\/index.php\/wp-json\/wp\/v2\/users\/1"}],"replies":[{"embeddable":true,"href":"https:\/\/bihavadis.com\/index.php\/wp-json\/wp\/v2\/comments?post=37295"}],"version-history":[{"count":1,"href":"https:\/\/bihavadis.com\/index.php\/wp-json\/wp\/v2\/posts\/37295\/revisions"}],"predecessor-version":[{"id":37305,"href":"https:\/\/bihavadis.com\/index.php\/wp-json\/wp\/v2\/posts\/37295\/revisions\/37305"}],"wp:featuredmedia":[{"embeddable":true,"href":"https:\/\/bihavadis.com\/index.php\/wp-json\/wp\/v2\/media\/37296"}],"wp:attachment":[{"href":"https:\/\/bihavadis.com\/index.php\/wp-json\/wp\/v2\/media?parent=37295"}],"wp:term":[{"taxonomy":"category","embeddable":true,"href":"https:\/\/bihavadis.com\/index.php\/wp-json\/wp\/v2\/categories?post=37295"},{"taxonomy":"post_tag","embeddable":true,"href":"https:\/\/bihavadis.com\/index.php\/wp-json\/wp\/v2\/tags?post=37295"}],"curies":[{"name":"wp","href":"https:\/\/api.w.org\/{rel}","templated":true}]}}