{"id":37311,"date":"2026-02-20T02:33:05","date_gmt":"2026-02-20T02:33:05","guid":{"rendered":"https:\/\/bihavadis.com\/?p=37311"},"modified":"2026-02-20T02:33:05","modified_gmt":"2026-02-20T02:33:05","slug":"bayrampasada-borekler-altina-donustu","status":"publish","type":"post","link":"https:\/\/bihavadis.com\/index.php\/2026\/02\/20\/bayrampasada-borekler-altina-donustu\/","title":{"rendered":"Bayrampa\u015fa&#8217;da b\u00f6rekler alt\u0131na d\u00f6n\u00fc\u015ft\u00fc"},"content":{"rendered":"<p><span><span><span><b><span><span><span>\u0130stanbul Bayrampa\u015fa Belediyesi taraf\u0131ndan d\u00fczenlenen \u201cEn G\u00fczel Tarif Benim B\u00f6re\u011fim\u201d isimli b\u00f6rek yar\u0131\u015fmas\u0131, ev yap\u0131m\u0131 lezzetleri bir araya getirdi. B\u00f6rek tutkunlar\u0131n\u0131n yo\u011fun ilgi g\u00f6sterdi\u011fi etkinlikte, birbirinden \u00f6zel tarifler j\u00fcri kar\u015f\u0131s\u0131nda k\u0131yas\u0131ya yar\u0131\u015ft\u0131. Yar\u0131\u015fmada dereceye girenlere yar\u0131m, \u00e7eyrek ve gram alt\u0131n hediye edildi.<\/span><\/span><\/span><\/b><\/span><\/span><\/span><\/p>\n<p><span><span><span><span><span><span>Kocatepe Mahallesi Hasbah\u00e7e\u2019de ger\u00e7ekle\u015ftirilen yar\u0131\u015fman\u0131n sunuculu\u011funu \u015fef Nermin \u00d6zt\u00fcrk \u00fcstlendi. Kat\u0131l\u0131mc\u0131lar, geleneksel ve \u00f6zg\u00fcn b\u00f6rek tarifleriyle en g\u00fczel b\u00f6rek unvan\u0131n\u0131 kazanabilmek i\u00e7in h\u00fcnerlerini sergiledi. Her ya\u015ftan yar\u0131\u015fmac\u0131n\u0131n yer ald\u0131\u011f\u0131 organizasyonda izleyiciler de b\u00f6rekleri tatma ve lezzet dolu anlara tan\u0131kl\u0131k etme f\u0131rsat\u0131 buldu.<\/span><\/span><\/span><\/span><\/span><\/span><\/p>\n<p><span><span><span><span><span><span>Toplam 12 \u015feften olu\u015fa j\u00fcri, onlarca farkl\u0131 tarif aras\u0131nda en lezzetli b\u00f6re\u011fi belirledi.<\/span><\/span><\/span><\/span><\/span><\/span><\/p>\n<p><span><span><span><span><span><span>J\u00fcri de\u011ferlendirmesi sonucunda dereceye giren yar\u0131\u015fmac\u0131lara \u00f6d\u00fclleri Bayrampa\u015fa Belediye Ba\u015fkan Vekili \u0130brahim Ak\u0131n taraf\u0131ndan takdim edildi. Yar\u0131\u015fmada birinciye yar\u0131m, ikinciye \u00e7eyrek, \u00fc\u00e7\u00fcnc\u00fcye ise gram alt\u0131n verildi.<\/span><\/span><\/span><\/span><\/span><\/span><\/p>\n<p><span><span><span><span><span><span>Programda konu\u015fan Belediye Ba\u015fkan Vekili \u0130brahim Ak\u0131n, etkinli\u011fin il\u00e7edeki dayan\u0131\u015fma ve birlik ruhunu g\u00fc\u00e7lendirdi\u011fini belirterek, \u201cEvlerimizde sakl\u0131 kalan k\u0131ymetli tarifleri g\u00fcn y\u00fcz\u00fcne \u00e7\u0131karmak ve kom\u015fular\u0131m\u0131z\u0131 ayn\u0131 sofran\u0131n etraf\u0131nda bulu\u015fturmak bizim i\u00e7in \u00e7ok de\u011ferli. Bu t\u00fcr etkinliklerle hem k\u00fclt\u00fcr\u00fcm\u00fcz\u00fc ya\u015fat\u0131yor hem de kom\u015fular\u0131m\u0131zla ba\u011flar\u0131m\u0131z\u0131 g\u00fc\u00e7lendiriyoruz\u201d dedi.<\/span><\/span><\/span><\/span><\/span><\/span><\/p>\n<p><span><span><span>Programa Bayrampa\u015fa Belediye Ba\u015fkan Vekili Ak\u0131n\u2019\u0131n yan\u0131 s\u0131ra AK Parti \u0130stanbul Milletvekili Rabia \u0130lhan, Bayrampa\u015fa Kaymakam\u0131 Abdullah \u00c7ift\u00e7i ve AK Parti \u0130stanbul \u0130l Kad\u0131n Kollar\u0131 Ba\u015fkan\u0131 Saliha Demirer ile \u00e7ok say\u0131da davetli kat\u0131ld\u0131<\/span><\/span><\/span><\/p>\n<p>\u00a0<\/p>\n<p>Kaynak: (BYZHA) Beyaz Haber Ajans\u0131<\/p>\n","protected":false},"excerpt":{"rendered":"<p>\u0130stanbul Bayrampa\u015fa Belediyesi taraf\u0131ndan d\u00fczenlenen \u201cEn G\u00fczel Tarif Benim B\u00f6re\u011fim\u201d isimli b\u00f6rek yar\u0131\u015fmas\u0131, ev yap\u0131m\u0131 lezzetleri bir araya getirdi.<\/p>\n","protected":false},"author":1,"featured_media":37312,"comment_status":"open","ping_status":"open","sticky":false,"template":"","format":"standard","meta":{"footnotes":""},"categories":[4],"tags":[5311,5312],"class_list":["post-37311","post","type-post","status-publish","format-standard","has-post-thumbnail","hentry","category-gundem","tag-borek","tag-tarif"],"_links":{"self":[{"href":"https:\/\/bihavadis.com\/index.php\/wp-json\/wp\/v2\/posts\/37311","targetHints":{"allow":["GET"]}}],"collection":[{"href":"https:\/\/bihavadis.com\/index.php\/wp-json\/wp\/v2\/posts"}],"about":[{"href":"https:\/\/bihavadis.com\/index.php\/wp-json\/wp\/v2\/types\/post"}],"author":[{"embeddable":true,"href":"https:\/\/bihavadis.com\/index.php\/wp-json\/wp\/v2\/users\/1"}],"replies":[{"embeddable":true,"href":"https:\/\/bihavadis.com\/index.php\/wp-json\/wp\/v2\/comments?post=37311"}],"version-history":[{"count":1,"href":"https:\/\/bihavadis.com\/index.php\/wp-json\/wp\/v2\/posts\/37311\/revisions"}],"predecessor-version":[{"id":37313,"href":"https:\/\/bihavadis.com\/index.php\/wp-json\/wp\/v2\/posts\/37311\/revisions\/37313"}],"wp:featuredmedia":[{"embeddable":true,"href":"https:\/\/bihavadis.com\/index.php\/wp-json\/wp\/v2\/media\/37312"}],"wp:attachment":[{"href":"https:\/\/bihavadis.com\/index.php\/wp-json\/wp\/v2\/media?parent=37311"}],"wp:term":[{"taxonomy":"category","embeddable":true,"href":"https:\/\/bihavadis.com\/index.php\/wp-json\/wp\/v2\/categories?post=37311"},{"taxonomy":"post_tag","embeddable":true,"href":"https:\/\/bihavadis.com\/index.php\/wp-json\/wp\/v2\/tags?post=37311"}],"curies":[{"name":"wp","href":"https:\/\/api.w.org\/{rel}","templated":true}]}}