{"id":37358,"date":"2026-02-20T03:06:05","date_gmt":"2026-02-20T03:06:05","guid":{"rendered":"https:\/\/bihavadis.com\/?p=37358"},"modified":"2026-02-20T03:06:05","modified_gmt":"2026-02-20T03:06:05","slug":"bornovadaki-fabrika-yangini-sonduruldu","status":"publish","type":"post","link":"https:\/\/bihavadis.com\/index.php\/2026\/02\/20\/bornovadaki-fabrika-yangini-sonduruldu\/","title":{"rendered":"Bornova&#8217;daki fabrika yang\u0131n\u0131 s\u00f6nd\u00fcr\u00fcld\u00fc"},"content":{"rendered":"<p>Bornova Kemalpa\u015fa Caddesi\u2019ndeki 5 katl\u0131 bir ayakkab\u0131 fabrikas\u0131nda sabah saatlerinde yang\u0131n \u00e7\u0131kt\u0131. Alevler, itfaiyenin h\u0131zl\u0131 m\u00fcdahalesiyle k\u0131sa s\u00fcrede kontrol alt\u0131na al\u0131nd\u0131. M\u00fcdahale s\u0131ras\u0131nda \u00fcst katlardaki \u00e7al\u0131\u015fanlar, itfaiye ekiplerince g\u00fcvenli \u015fekilde tahliye edilirken, yang\u0131n di\u011fer katlara ve \u00e7evredeki tesislere s\u0131\u00e7ramadan s\u00f6nd\u00fcr\u00fcld\u00fc.<\/p>\n<p>\u0130zmir\u2019in Bornova il\u00e7esi Kemalpa\u015fa Caddesi\u2019nde ayakkab\u0131 \u00fcretimi yap\u0131lan 5 katl\u0131 bir fabrikada sabah saat 07.50 s\u0131ralar\u0131nda yang\u0131n \u00e7\u0131kt\u0131. Y\u00fckselen dumanlar\u0131 fark eden \u00e7al\u0131\u015fanlar, durumu 112 Acil \u00c7a\u011fr\u0131 Merkezi\u2019ne bildirdi. \u0130hbar \u00fczerine \u0130zmir B\u00fcy\u00fck\u015fehir Belediyesi \u0130tfaiye Dairesi Ba\u015fkanl\u0131\u011f\u0131 ekipleri 8 ara\u00e7 ve \u00e7ok say\u0131da personelle k\u0131sa s\u00fcrede olay yerine sevk edildi. Ekipler gelene kadar fabrikada bulunan \u00e7al\u0131\u015fanlar\u0131n b\u00fcy\u00fck b\u00f6l\u00fcm\u00fc binay\u0131 g\u00fcvenli \u015fekilde tahliye etti. Olay yerine ula\u015fan itfaiye ekipleri, yang\u0131na m\u00fcdahale ederken \u00fcst katlarda bulunan birka\u00e7 ki\u015finin de g\u00fcvenli \u015fekilde a\u015fa\u011f\u0131 indirilmesini sa\u011flad\u0131. Fabrikan\u0131n zemin kat\u0131nda \u00e7\u0131kt\u0131\u011f\u0131 belirlenen yang\u0131n, ekiplerin h\u0131zl\u0131 ve koordineli m\u00fcdahalesi sayesinde di\u011fer katlara s\u0131\u00e7ramadan yakla\u015f\u0131k 45 dakika i\u00e7erisinde kontrol alt\u0131na al\u0131nd\u0131. Yang\u0131n\u0131n mesai saati \u00f6ncesinde meydana gelmesi ve i\u00e7erideki personel say\u0131s\u0131n\u0131n az olmas\u0131 ya\u015fanabilecek can kayb\u0131 ya da yaralanmay\u0131 \u00f6nledi. Ayr\u0131ca ekiplerin zaman\u0131nda m\u00fcdahalesi sayesinde alevlerin \u00e7evredeki di\u011fer tesislere s\u0131\u00e7ramas\u0131 da engellendi.<\/p>\n<p>\u00a0<\/p>\n<p>Kaynak: (BYZHA) Beyaz Haber Ajans\u0131<\/p>\n","protected":false},"excerpt":{"rendered":"<p>Bornova Kemalpa\u015fa Caddesi\u2019ndeki 5 katl\u0131 bir ayakkab\u0131 fabrikas\u0131nda sabah saatlerinde yang\u0131n \u00e7\u0131kt\u0131.<\/p>\n","protected":false},"author":1,"featured_media":37359,"comment_status":"open","ping_status":"open","sticky":false,"template":"","format":"standard","meta":{"footnotes":""},"categories":[4],"tags":[580,600],"class_list":["post-37358","post","type-post","status-publish","format-standard","has-post-thumbnail","hentry","category-gundem","tag-mudahale","tag-yangin"],"_links":{"self":[{"href":"https:\/\/bihavadis.com\/index.php\/wp-json\/wp\/v2\/posts\/37358","targetHints":{"allow":["GET"]}}],"collection":[{"href":"https:\/\/bihavadis.com\/index.php\/wp-json\/wp\/v2\/posts"}],"about":[{"href":"https:\/\/bihavadis.com\/index.php\/wp-json\/wp\/v2\/types\/post"}],"author":[{"embeddable":true,"href":"https:\/\/bihavadis.com\/index.php\/wp-json\/wp\/v2\/users\/1"}],"replies":[{"embeddable":true,"href":"https:\/\/bihavadis.com\/index.php\/wp-json\/wp\/v2\/comments?post=37358"}],"version-history":[{"count":1,"href":"https:\/\/bihavadis.com\/index.php\/wp-json\/wp\/v2\/posts\/37358\/revisions"}],"predecessor-version":[{"id":37360,"href":"https:\/\/bihavadis.com\/index.php\/wp-json\/wp\/v2\/posts\/37358\/revisions\/37360"}],"wp:featuredmedia":[{"embeddable":true,"href":"https:\/\/bihavadis.com\/index.php\/wp-json\/wp\/v2\/media\/37359"}],"wp:attachment":[{"href":"https:\/\/bihavadis.com\/index.php\/wp-json\/wp\/v2\/media?parent=37358"}],"wp:term":[{"taxonomy":"category","embeddable":true,"href":"https:\/\/bihavadis.com\/index.php\/wp-json\/wp\/v2\/categories?post=37358"},{"taxonomy":"post_tag","embeddable":true,"href":"https:\/\/bihavadis.com\/index.php\/wp-json\/wp\/v2\/tags?post=37358"}],"curies":[{"name":"wp","href":"https:\/\/api.w.org\/{rel}","templated":true}]}}