{"id":37400,"date":"2026-02-20T03:42:23","date_gmt":"2026-02-20T03:42:23","guid":{"rendered":"https:\/\/bihavadis.com\/?p=37400"},"modified":"2026-02-20T03:42:23","modified_gmt":"2026-02-20T03:42:23","slug":"trabzonda-mehmetcik-icin-corap-oruyor","status":"publish","type":"post","link":"https:\/\/bihavadis.com\/index.php\/2026\/02\/20\/trabzonda-mehmetcik-icin-corap-oruyor\/","title":{"rendered":"Trabzon&#8217;da Mehmet\u00e7ik i\u00e7in \u00e7orap \u00f6r\u00fcyor"},"content":{"rendered":"<p>Trabzon Of il\u00e7esinde o\u011flu Mahmut Kald\u0131r\u0131m ile ya\u015fayan 6 \u00e7ocuk annesi Hamide Kald\u0131r\u0131m, ge\u00e7irdi\u011fi rahats\u0131zl\u0131\u011f\u0131n ard\u0131ndan y\u00fcr\u00fcmekte zorluk \u00e7ekmeye ba\u015flad\u0131.<\/p>\n<p>Zaman\u0131n\u0131n b\u00fcy\u00fck b\u00f6l\u00fcm\u00fcn\u00fc evde ge\u00e7iren Kald\u0131r\u0131m, televizyon izledi\u011fi s\u0131rada k\u0131\u015f \u015fartlar\u0131nda g\u00f6rev yapan askerleri g\u00f6r\u00fcnce duygulanarak Mehmet\u00e7ik i\u00e7in patik \u00f6r\u00fcp, g\u00f6ndermek istedi.<\/p>\n<p>O\u011flu Mahmut Kald\u0131r\u0131m, annesinin bu iste\u011fini ger\u00e7e\u011fe d\u00f6n\u00fc\u015ft\u00fcrmek i\u00e7in \u00f6nce T\u00fcrkiye&#8217;nin farkl\u0131 illerindeki askeri birliklere daha sonra da \u00e7ocuk esirgeme kurumlar\u0131na ve \u00f6\u011frencilere ula\u015farak patikleri g\u00f6ndermeye ba\u015flad\u0131.<\/p>\n<p><strong>ANLAMLI DESTEK KAR\u015eILIKSIZ KALMADI<\/strong><\/p>\n<p>Y\u00fcr\u00fcme zorlu\u011fu ve ilerleyen ya\u015f\u0131na ra\u011fmen 6 y\u0131ld\u0131r askerlerin yan\u0131 s\u0131ra \u00e7ocuklar i\u00e7in bini a\u015fk\u0131n \u00e7orap ile patik \u00f6ren Hamide Kald\u0131r\u0131m&#8217;\u0131n g\u00f6nderdi\u011fi hediyeler bir\u00e7ok kurum taraf\u0131ndan takdirle kar\u015f\u0131land\u0131.<\/p>\n<p>Zorlu k\u0131\u015f ko\u015fullar\u0131nda g\u00f6rev yapan askerlerin \u00fc\u015f\u00fcmemesi i\u00e7in verilen anlaml\u0131 destek kar\u015f\u0131l\u0131ks\u0131z kalmazken, T\u00fcrk Silahl\u0131 Kuvvetleri (TSK) taraf\u0131ndan Kald\u0131r\u0131m&#8217;a te\u015fekk\u00fcr plaketi verildi.<\/p>\n<p>Kald\u0131r\u0131m&#8217;a ayr\u0131ca Ardahan Jandarma Asayi\u015f Komando B\u00f6l\u00fck Komutanl\u0131\u011f\u0131, Hakkari 2&#8217;nci Hudut Tugay Komutanl\u0131\u011f\u0131 ve Diyarbak\u0131r Valili\u011fi&#8217;nce \u00e7e\u015fitli hediye ve plaketler de takdim edildi.<\/p>\n<p><strong>ASKERLERDEN DUYGULANDIRAN NOT<\/strong><\/p>\n<p>Askerlerden gelen duygu dolu notta &#8220;<em><b>Hamide annemiz. Memleketimizin \u00fccra k\u00f6\u015fesinde ay y\u0131ld\u0131zl\u0131 bayra\u011f\u0131m\u0131z\u0131n g\u00f6lgesinde vatan a\u015fk\u0131n\u0131n s\u0131cakl\u0131\u011f\u0131 ile \u00e7al\u0131\u015f\u0131rken sizden gelen bu ince hediye bizlerin kalbindeki vatan sevgisini k\u00f6r\u00fckledi. <\/b><\/em><\/p>\n<p><em><b>Bu hediyenizden dolay\u0131 sizlere ne kadar te\u015fekk\u00fcr etsek az. B\u00f6l\u00fc\u011f\u00fcm\u00fcz ad\u0131na te\u015fekk\u00fcr ve \u015f\u00fckranlar\u0131m\u0131z\u0131 sunar\u0131z&#8221;<\/b><\/em> ifadelerine yer verildi.<\/p>\n<p><img decoding=\"async\" src=\"https:\/\/bihavadis.com\/wp-content\/uploads\/2026\/02\/trabzonda-mehmetcik-icin-corap-oruyor-0-AfC9QeZc.jpg\"\/><\/p>\n<p><strong>&#8220;ASKERLER\u0130M\u0130Z KARIN ALTINDA B\u0130Z\u0130M \u0130\u00c7\u0130N U\u011eRA\u015eIYOR&#8221;<\/strong><\/p>\n<p>Hamide Kald\u0131r\u0131m, kar alt\u0131nda n\u00f6bet tutan askerlere \u00fcz\u00fcld\u00fc\u011f\u00fc i\u00e7in patik \u00f6rmeye karar verdi\u011fini ifade ederek,<em><b> &#8220;16 ya\u015flar\u0131ndayken \u00f6rg\u00fc \u00f6rmeye ba\u015flad\u0131m. \u00c7ocuklar\u0131m oldu, onlar b\u00fcy\u00fcd\u00fckten sonra \u00f6rg\u00fc \u00f6rmeye devam ettim. 3 g\u00fcnde 1 pati\u011fi \u00f6r\u00fcyorum. Ben \u00f6r\u00fcp, o\u011fluma veriyorum. O da bak\u0131p ara\u015ft\u0131r\u0131yor; ona g\u00f6re de patikleri g\u00f6nderiyor.<\/b><\/em><\/p>\n<p><em><b> Askerler i\u00e7in \u00f6rd\u00fcklerim ayr\u0131 \u00e7ocuklar i\u00e7in \u00f6rd\u00fcklerim ayr\u0131 oluyor. Kur&#8217;an kursundaki \u00e7ocuklar i\u00e7in de ufak patikler \u00f6r\u00fcyorum.<\/b><\/em><\/p>\n<p><em><b> \u00c7ocuklara, askerlere patik yap\u0131p, yollamak beni mutlu ediyor; giyinip \u0131s\u0131n\u0131yorlar. Askerleri d\u00fc\u015f\u00fcn\u00fcp \u00fcz\u00fcl\u00fcyorum. Askerler karlar\u0131n i\u00e7inde bizim i\u00e7in u\u011fra\u015f\u0131yor&#8221;<\/b><\/em> dedi.<\/p>\n<p><strong>&#8220;KE\u015eKE DAHA FAZLA YAPIP YOLLAYAB\u0130LSEM&#8221;<\/strong><\/p>\n<p>Sa\u011fl\u0131\u011f\u0131 el verdik\u00e7e patik \u00f6r\u00fcp g\u00f6ndermeye devam edece\u011fini s\u00f6yleyen Kald\u0131r\u0131m, &#8220;<b><em>Plaket yollam\u0131\u015flar, \u00e7ok duyguland\u0131m. &#8216;Masraf yapm\u0131\u015flar&#8217; diye d\u00fc\u015f\u00fcnd\u00fc\u011f\u00fcmden \u00fcz\u00fcld\u00fcm; eziyet \u00e7ektiler, u\u011fra\u015fm\u0131\u015flar, sa\u011f olsunlar. <\/em><\/b><\/p>\n<p><b><em>Hasta olmazsam, kendimi iyi hissedersem \u00f6rmeye devam edece\u011fim. \u00d6r\u00fcp g\u00f6nderece\u011fiz. So\u011fuk olan yerleri takip ediyorum. Askerlere ve \u00e7ocuklara yollamak istiyorum. <\/em><\/b><\/p>\n<p><b><em>\u00c7ok param olsa da ke\u015fke daha fazla yollay\u0131p, yard\u0131m etsem. Allah onlar\u0131 korusun, kollas\u0131n, kolayl\u0131k versin. Onlara hi\u00e7bir \u015fey olmas\u0131n. Analar\u0131 onlar\u0131 bekliyor, onlar bizim i\u00e7in u\u011fra\u015f\u0131yor. <\/em><\/b><\/p>\n<p><b><em>Ayaklar\u0131na ta\u015f de\u011fmesin. Bellerine kadar kar geliyor, da\u011flarda duruyorlar. \u00dcz\u00fcl\u00fcyorum. Allah hepsine uzun \u00f6m\u00fcr versin&#8221; <\/em><\/b>diye konu\u015ftu.<\/p>\n<p><img decoding=\"async\" src=\"https:\/\/bihavadis.com\/wp-content\/uploads\/2026\/02\/trabzonda-mehmetcik-icin-corap-oruyor-1-INBV7LCR.jpg\"\/><\/p>\n<p><strong>&#8220;KAR ALTINDAK\u0130 ASKERLER\u0130 G\u00d6RMEK ANNEM\u0130 ETK\u0130LED\u0130&#8221;<\/strong><\/p>\n<p>Annesi i\u00e7in iyi dileklerde bulunan herkese te\u015fekk\u00fcr eden Mahmut Kald\u0131r\u0131m da <em><b>&#8220;Ara\u015ft\u0131r\u0131yorum ve bulup ula\u015fabildi\u011fim yerlere annemin \u00f6rd\u00fcklerini g\u00f6nderiyorum. Televizyonda kar alt\u0131ndaki askerleri g\u00f6rmek annemi etkiledi. <\/b><\/em><\/p>\n<p><em><b>\u00c7orap \u00f6r\u00fcp, g\u00f6ndererek bir nebze olsun ihtiya\u00e7lar\u0131n\u0131 gidermi\u015f oluruz d\u00fc\u015f\u00fcncesiyle bu yola kendini adad\u0131. So\u011fuk olan yerlere, askerlere, \u00e7ocuk esirgeme kurumlar\u0131na, emniyetteki birimlere yolluyorum.<\/b><\/em><\/p>\n<p><em><b> Biz bir beklenti olmadan yapt\u0131k. Son 6 y\u0131ld\u0131r \u00f6rg\u00fc i\u015fine daha da a\u011f\u0131rl\u0131k verdi. Bini a\u015fk\u0131n patik, \u00e7orap ve atk\u0131 \u00f6rm\u00fc\u015ft\u00fcr. Ben de gerekli malzemeleri al\u0131p, ona veriyorum. Plaket g\u00f6ndermi\u015fler sa\u011f olsunlar<\/b><\/em>&#8221; dedi.\u00a0<\/p>\n<p><img decoding=\"async\" src=\"https:\/\/bihavadis.com\/wp-content\/uploads\/2026\/02\/trabzonda-mehmetcik-icin-corap-oruyor-2-IbnAZh99.jpg\"\/><\/p>\n<p><img decoding=\"async\" src=\"https:\/\/bihavadis.com\/wp-content\/uploads\/2026\/02\/trabzonda-mehmetcik-icin-corap-oruyor-3-jsRyqudk.jpg\"\/><\/p>\n<p><img decoding=\"async\" src=\"https:\/\/bihavadis.com\/wp-content\/uploads\/2026\/02\/trabzonda-mehmetcik-icin-corap-oruyor-4-NLHf4iMZ.jpg\"\/><\/p>\n<p><img decoding=\"async\" src=\"https:\/\/bihavadis.com\/wp-content\/uploads\/2026\/02\/trabzonda-mehmetcik-icin-corap-oruyor-5-ONDhTPJe.jpg\"\/><\/p>\n<p><img decoding=\"async\" src=\"https:\/\/bihavadis.com\/wp-content\/uploads\/2026\/02\/trabzonda-mehmetcik-icin-corap-oruyor-6-ATpUgAHK.jpg\"\/><\/p>\n<p><img decoding=\"async\" src=\"https:\/\/bihavadis.com\/wp-content\/uploads\/2026\/02\/trabzonda-mehmetcik-icin-corap-oruyor-7-krS2tuEp.jpg\"\/><\/p>\n<p><img decoding=\"async\" src=\"https:\/\/bihavadis.com\/wp-content\/uploads\/2026\/02\/trabzonda-mehmetcik-icin-corap-oruyor-8-urzzusFQ.jpg\"\/><\/p>\n<p><img decoding=\"async\" src=\"https:\/\/bihavadis.com\/wp-content\/uploads\/2026\/02\/trabzonda-mehmetcik-icin-corap-oruyor-9-a5pUDx6f.jpg\"\/><\/p>\n<p><img decoding=\"async\" src=\"https:\/\/bihavadis.com\/wp-content\/uploads\/2026\/02\/trabzonda-mehmetcik-icin-corap-oruyor-10-KIdGx7FZ.jpg\"\/><\/p>\n<p><img decoding=\"async\" src=\"https:\/\/bihavadis.com\/wp-content\/uploads\/2026\/02\/trabzonda-mehmetcik-icin-corap-oruyor-11-6dkr3FCT.jpg\"\/><\/p>\n","protected":false},"excerpt":{"rendered":"<p>6 \u00e7ocuk annesi Hamide Kald\u0131r\u0131m, y\u0131llard\u0131r ilmek ilmek \u00f6rd\u00fc\u011f\u00fc binlerce pati\u011fi, T\u00fcrkiye&#8217;nin d\u00f6rt bir yan\u0131nda g\u00f6rev yapan askerlere g\u00f6ndererek y\u00fcrekleri \u0131s\u0131t\u0131yor.<\/p>\n","protected":false},"author":1,"featured_media":37401,"comment_status":"open","ping_status":"open","sticky":false,"template":"","format":"standard","meta":{"footnotes":""},"categories":[4,13],"tags":[5324,242,3716,297,5323],"class_list":["post-37400","post","type-post","status-publish","format-standard","has-post-thumbnail","hentry","category-gundem","category-son-dakika","tag-askerler","tag-cocuk","tag-kaldirim","tag-kar","tag-patik"],"_links":{"self":[{"href":"https:\/\/bihavadis.com\/index.php\/wp-json\/wp\/v2\/posts\/37400","targetHints":{"allow":["GET"]}}],"collection":[{"href":"https:\/\/bihavadis.com\/index.php\/wp-json\/wp\/v2\/posts"}],"about":[{"href":"https:\/\/bihavadis.com\/index.php\/wp-json\/wp\/v2\/types\/post"}],"author":[{"embeddable":true,"href":"https:\/\/bihavadis.com\/index.php\/wp-json\/wp\/v2\/users\/1"}],"replies":[{"embeddable":true,"href":"https:\/\/bihavadis.com\/index.php\/wp-json\/wp\/v2\/comments?post=37400"}],"version-history":[{"count":1,"href":"https:\/\/bihavadis.com\/index.php\/wp-json\/wp\/v2\/posts\/37400\/revisions"}],"predecessor-version":[{"id":37414,"href":"https:\/\/bihavadis.com\/index.php\/wp-json\/wp\/v2\/posts\/37400\/revisions\/37414"}],"wp:featuredmedia":[{"embeddable":true,"href":"https:\/\/bihavadis.com\/index.php\/wp-json\/wp\/v2\/media\/37401"}],"wp:attachment":[{"href":"https:\/\/bihavadis.com\/index.php\/wp-json\/wp\/v2\/media?parent=37400"}],"wp:term":[{"taxonomy":"category","embeddable":true,"href":"https:\/\/bihavadis.com\/index.php\/wp-json\/wp\/v2\/categories?post=37400"},{"taxonomy":"post_tag","embeddable":true,"href":"https:\/\/bihavadis.com\/index.php\/wp-json\/wp\/v2\/tags?post=37400"}],"curies":[{"name":"wp","href":"https:\/\/api.w.org\/{rel}","templated":true}]}}