{"id":37435,"date":"2026-02-20T04:00:07","date_gmt":"2026-02-20T04:00:07","guid":{"rendered":"https:\/\/bihavadis.com\/?p=37435"},"modified":"2026-02-20T04:00:07","modified_gmt":"2026-02-20T04:00:07","slug":"hakan-fidan-abd-ve-iran-nukleer-uzlasmaya-hazir","status":"publish","type":"post","link":"https:\/\/bihavadis.com\/index.php\/2026\/02\/20\/hakan-fidan-abd-ve-iran-nukleer-uzlasmaya-hazir\/","title":{"rendered":"Hakan Fidan: ABD ve \u0130ran n\u00fckleer uzla\u015fmaya haz\u0131r"},"content":{"rendered":"<p>D\u0131\u015fi\u015fleri Bakan\u0131 Hakan Fidan&#8217;dan \u00f6nemli a\u00e7\u0131klamalar&#8230;<\/p>\n<p>Bakan Fidan Financial Times&#8217;a verdi\u011fi r\u00f6portajda, ABD ve \u0130ran aras\u0131ndaki gerilim ba\u015fta olmak \u00fczere bir\u00e7ok konuya de\u011findi.\u00a0<\/p>\n<p>Bakan Fidan, ABD ve \u0130ran&#8217;\u0131n n\u00fckleer anla\u015fma i\u00e7in taviz vermeye haz\u0131r oldu\u011funu belirtti.<\/p>\n<p><strong>UYARIDA BULUNDU: YEN\u0130 B\u0130R SAVA\u015eA YOL A\u00c7AB\u0130L\u0130R<\/strong><\/p>\n<p>Washington&#8217;\u0131n, \u0130ran&#8217;\u0131n uranyum zenginle\u015ftirmesini tamamen durdurma \u015fart\u0131n\u0131 esnetebilece\u011fi; \u0130ran&#8217;\u0131n ise uranyum zenginle\u015ftirme seviyelerine k\u0131s\u0131tlama ve s\u0131k\u0131 denetimi kabul edebilece\u011fi ifade edildi.<\/p>\n<p>Ancak D\u0131\u015fi\u015fleri Bakan\u0131, m\u00fczakerelerin f\u00fcze program\u0131 ve vekil g\u00fc\u00e7leri kapsayacak \u015fekilde geni\u015fletilmesinin n\u00fckleer s\u00fcreci kilitleyece\u011fi ve <em><b>&#8220;yeni bir sava\u015fa&#8221;<\/b><\/em> yol a\u00e7abilece\u011fi konusunda uyar\u0131larda bulundu.<\/p>\n<p><strong>&#8220;AMER\u0130KA, \u0130RAN&#8217;IN N\u00dcKLEER YETENEKLER\u0130 KONUSUNDA END\u0130\u015eE DUYUYOR&#8221;<\/strong><\/p>\n<p>Fidan, Ankara ve b\u00f6lgedeki di\u011fer h\u00fck\u00fcmetlerin \u0130ran&#8217;\u0131n balistik f\u00fcze program\u0131 ve militanlara verdi\u011fi deste\u011fe kar\u015f\u0131 <em><b>&#8220;yarat\u0131c\u0131 fikirler geli\u015ftirmeye \u00e7al\u0131\u015ft\u0131\u011f\u0131n\u0131&#8221;<\/b><\/em> ve <em><b>&#8220;yap\u0131c\u0131 ve etkili bir rol&#8221;<\/b><\/em> oynayabileceklerini s\u00f6yledi.<\/p>\n<p><em><b>\u201cAmerikal\u0131lar \u0130ran&#8217;\u0131n n\u00fckleer yetenekleri konusunda derin endi\u015fe duyuyor. Ancak di\u011fer konular b\u00f6lge \u00fclkeleriyle yak\u0131ndan ba\u011flant\u0131l\u0131, \u00e7\u00fcnk\u00fc f\u00fczeler ve vekil g\u00fc\u00e7ler b\u00f6lgesel g\u00fcvenli\u011fi etkiliyor; k\u00fcresel bir eri\u015fimleri yok.\u201d<\/b><\/em> ifadelerini kulland\u0131.<\/p>\n<p><img decoding=\"async\" src=\"https:\/\/bihavadis.com\/wp-content\/uploads\/2026\/02\/hakan-fidan-abd-ve-iran-nukleer-uzlasmaya-hazir-0-pdBUTC4h.jpg\"\/><\/p>\n<p><strong>&#8220;NETANYAHU TRUMP&#8217;I ETK\u0130LEMEYE \u00c7ALI\u015eIYOR&#8221;<\/strong><\/p>\n<p>Fidan, \u0130srail Ba\u015fbakan\u0131 Netanyahu&#8217;nun Beyaz Saray ziyareti s\u0131ras\u0131nda Trump&#8217;\u0131 etkilemeye \u00e7al\u0131\u015faca\u011f\u0131ndan endi\u015fe duydu\u011funu s\u00f6yledi. <em><b>&#8220;\u0130srail i\u00e7in b\u00f6lgede askeri \u00fcst\u00fcnl\u00fck konumunu korumak merkezi bir \u00f6nceliktir, \u0130ran f\u00fczelerinin varl\u0131\u011f\u0131 bu hedefi zorla\u015ft\u0131r\u0131yor<\/b><\/em>.&#8221; dedi<\/p>\n<p>D\u0131\u015fi\u015fleri Bakan\u0131 Fidan, 2015\u2019teki hataya d\u00fc\u015f\u00fclmemesi gerekti\u011fini ve b\u00f6lge \u00fclkelerinin d\u0131\u015flanmamas\u0131n\u0131n \u00f6nemini vurgulad\u0131.<\/p>\n<p>\u0130srail\u2019in askeri \u00fcst\u00fcnl\u00fck \u00f6nceli\u011fi nedeniyle \u0130ran\u2019\u0131n f\u00fcze program\u0131n\u0131 engellemek istedi\u011fini, ancak \u0130ran\u2019\u0131n bu konuyu tart\u0131\u015fmaya kapatt\u0131\u011f\u0131n\u0131 belirtti.<\/p>\n<p><img decoding=\"async\" src=\"https:\/\/bihavadis.com\/wp-content\/uploads\/2026\/02\/hakan-fidan-abd-ve-iran-nukleer-uzlasmaya-hazir-1-aAsIdJuc.jpg\"\/><\/p>\n<p><strong>&#8220;OLASI ABD SALDIRILARI REJ\u0130M\u0130 DE\u011e\u0130\u015eT\u0130RMEZ&#8221;<\/strong><\/p>\n<p>D\u0131\u015fi\u015fleri Bakan\u0131 olas\u0131 ABD sald\u0131r\u0131s\u0131n\u0131 da de\u011ferlendirdi. Fidan, \u201c<em><b>Rejim de\u011fi\u015fikli\u011finin ger\u00e7ekle\u015fece\u011fini d\u00fc\u015f\u00fcnm\u00fcyorum. Elbette, h\u00fck\u00fcmet organlar\u0131 ve baz\u0131 di\u011fer hedefler a\u011f\u0131r hasar g\u00f6recek, yok edilecek. Ancak rejim, siyasi bir varl\u0131k olarak i\u015flevsel bir varl\u0131k olmaya devam edecektir.\u201d <\/b><\/em>ifadelerini kulland\u0131.<\/p>\n<p>ABD temsilcileri Steve Witkoff ve Jared Kushner, Muskat&#8217;ta \u0130ran D\u0131\u015fi\u015fleri Bakan\u0131 Abbas Arak\u00e7i ile dolayl\u0131 g\u00f6r\u00fc\u015fmeler ger\u00e7ekle\u015ftirmi\u015fti.<\/p>\n<p>T\u00fcrkiye, Katar, Umman ve M\u0131s\u0131r\u2019\u0131n arabuluculuk \u00e7abalar\u0131yla ger\u00e7ekle\u015fen bu temas, ABD\u2019nin Haziran ay\u0131ndaki hava sald\u0131r\u0131lar\u0131ndan bu yana ilk ad\u0131m oldu.<\/p>\n<p>Ba\u015flang\u0131\u00e7ta \u0130ran\u2019\u0131n f\u00fczelerini ve vekil g\u00fc\u00e7lerini de masaya isteyen Donald Trump, Muskat g\u00f6r\u00fc\u015fmelerini <em><b>&#8220;\u00e7ok iyi&#8221;<\/b><\/em> olarak niteledi ve sadece n\u00fckleer program\u0131 kapsayan bir anla\u015fman\u0131n <em><b>&#8220;kabul edilebilir<\/b><\/em>&#8221; olabilece\u011fini s\u00f6yledi.<\/p>\n<p><img decoding=\"async\" src=\"https:\/\/bihavadis.com\/wp-content\/uploads\/2026\/02\/hakan-fidan-abd-ve-iran-nukleer-uzlasmaya-hazir-2-ay75Pi1w.jpg\"\/><\/p>\n","protected":false},"excerpt":{"rendered":"<p>D\u0131\u015fi\u015fleri Bakan\u0131 Hakan Fidan, Financial Times&#8217;a deme\u00e7 verdi. Bakan Fidan, hem ABD hem de \u0130ran&#8217;\u0131n n\u00fckleer anla\u015fma sa\u011flamak i\u00e7in uzla\u015fmaya haz\u0131r g\u00f6r\u00fcnd\u00fc\u011f\u00fcn\u00fc s\u00f6yledi<\/p>\n","protected":false},"author":1,"featured_media":37436,"comment_status":"open","ping_status":"open","sticky":false,"template":"","format":"standard","meta":{"footnotes":""},"categories":[9,13],"tags":[272,510,1390,2087,271],"class_list":["post-37435","post","type-post","status-publish","format-standard","has-post-thumbnail","hentry","category-genel","category-son-dakika","tag-abd","tag-bolge","tag-fidan","tag-fuze","tag-iran"],"_links":{"self":[{"href":"https:\/\/bihavadis.com\/index.php\/wp-json\/wp\/v2\/posts\/37435","targetHints":{"allow":["GET"]}}],"collection":[{"href":"https:\/\/bihavadis.com\/index.php\/wp-json\/wp\/v2\/posts"}],"about":[{"href":"https:\/\/bihavadis.com\/index.php\/wp-json\/wp\/v2\/types\/post"}],"author":[{"embeddable":true,"href":"https:\/\/bihavadis.com\/index.php\/wp-json\/wp\/v2\/users\/1"}],"replies":[{"embeddable":true,"href":"https:\/\/bihavadis.com\/index.php\/wp-json\/wp\/v2\/comments?post=37435"}],"version-history":[{"count":1,"href":"https:\/\/bihavadis.com\/index.php\/wp-json\/wp\/v2\/posts\/37435\/revisions"}],"predecessor-version":[{"id":37440,"href":"https:\/\/bihavadis.com\/index.php\/wp-json\/wp\/v2\/posts\/37435\/revisions\/37440"}],"wp:featuredmedia":[{"embeddable":true,"href":"https:\/\/bihavadis.com\/index.php\/wp-json\/wp\/v2\/media\/37436"}],"wp:attachment":[{"href":"https:\/\/bihavadis.com\/index.php\/wp-json\/wp\/v2\/media?parent=37435"}],"wp:term":[{"taxonomy":"category","embeddable":true,"href":"https:\/\/bihavadis.com\/index.php\/wp-json\/wp\/v2\/categories?post=37435"},{"taxonomy":"post_tag","embeddable":true,"href":"https:\/\/bihavadis.com\/index.php\/wp-json\/wp\/v2\/tags?post=37435"}],"curies":[{"name":"wp","href":"https:\/\/api.w.org\/{rel}","templated":true}]}}