{"id":3745,"date":"2026-01-28T22:38:04","date_gmt":"2026-01-28T22:38:04","guid":{"rendered":"https:\/\/bihavadis.com\/?p=3745"},"modified":"2026-01-28T22:38:04","modified_gmt":"2026-01-28T22:38:04","slug":"baskan-buyukakin-super-lige-demir-atacagiz","status":"publish","type":"post","link":"https:\/\/bihavadis.com\/index.php\/2026\/01\/28\/baskan-buyukakin-super-lige-demir-atacagiz\/","title":{"rendered":"Ba\u015fkan B\u00fcy\u00fckak\u0131n: &#8220;S\u00fcper Lig&#8217;e demir ataca\u011f\u0131z&#8221;"},"content":{"rendered":"<p>Kocaeli B\u00fcy\u00fck\u015fehir Belediyesi&#8217;nin hayata ge\u00e7irdi\u011fi Kocaelispor Vinsan Altyap\u0131 Tesisleri tan\u0131t\u0131ld\u0131. Ba\u015fkan B\u00fcy\u00fckak\u0131n, Kocaelispor&#8217;un S\u00fcper Lig&#8217;e demir atacak bir tak\u0131m oldu\u011funu vurgulayarak, &#8220;Bu tesisler de bunun en b\u00fcy\u00fck kayna\u011f\u0131 olacak&#8221; dedi. B\u00fcy\u00fckak\u0131n, K\u00f6rfez\u2019e yap\u0131lan dev tesis i\u00e7in de m\u00fcjdeyi verdi.<\/p>\n<p><b>ALTYAPIYA DEV YATIRIM<\/b><\/p>\n<p>Kocaeli B\u00fcy\u00fck\u015fehir Belediyesi\u2019nin, Kocaelispor altyap\u0131 sporcular\u0131 i\u00e7in Vinsan Yerle\u015fkesi\u2019nde hayata ge\u00e7irdi\u011fi yeni tesisler, d\u00fczenlenen t\u00f6renle tan\u0131t\u0131ld\u0131. Tan\u0131t\u0131m program\u0131na Kocaeli B\u00fcy\u00fck\u015fehir Belediye Ba\u015fkan\u0131 Tahir B\u00fcy\u00fckak\u0131n, Kocaelispor Ba\u015fkan\u0131 Recep Durul, KASKF Ba\u015fkan\u0131 Murat Ayd\u0131n, Kocaelispor Altyap\u0131 Sorumlusu Rafet K\u0131rg\u0131z, Kocaelispor Teknik Direkt\u00f6r\u00fc Sel\u00e7uk \u0130nan, AK Parti \u0130zmit \u0130l\u00e7e Y\u00f6neticileri, MHP \u0130zmit \u0130l\u00e7e Ba\u015fkan\u0131 \u0130lker Kazan, Gen\u00e7lik ve Spor \u0130l M\u00fcd\u00fcr\u00fc G\u00f6khan Yava\u015fer, Kocaelisporlu eski futbolcular ile altyap\u0131da m\u00fccadele eden sporcular ile aileleri kat\u0131ld\u0131.<\/p>\n<p><b>B\u00dcY\u00dcKAKIN: BA\u015eARI BURADAN \u00c7IKACAK<\/b><\/p>\n<p>Spor altyap\u0131s\u0131n\u0131n g\u00fc\u00e7lendirilmesinin yan\u0131 s\u0131ra farkl\u0131 bran\u015flarda da sporcu yeti\u015ftirmenin \u00f6nemine dikkat \u00e7eken Ba\u015fkan B\u00fcy\u00fckak\u0131n, altyap\u0131n\u0131n s\u00fcrd\u00fcr\u00fclebilir ba\u015far\u0131daki rol\u00fcne vurgu yapt\u0131. B\u00fcy\u00fckak\u0131n, \u201cKocaelispor\u2019un g\u00fcc\u00fcn\u00fcn s\u00fcrd\u00fcr\u00fclebilir olmas\u0131n\u0131 sa\u011flayacak ba\u015far\u0131 hik\u00e2yesi asl\u0131nda burada yaz\u0131lacak. Altyap\u0131dan sporcu yeti\u015ftiremez, kendi \u015fehrimizin \u00e7ocuklar\u0131n\u0131 bu tak\u0131mda oynatamazsak 1966 ruhunu yakalama \u015fans\u0131m\u0131z olmaz. Kocaeli bu anlamda bulunmaz bir \u015fehir. Bu \u015fehirde \u00e7ok say\u0131da sporcu, spor adam\u0131 ve hoca yeti\u015fti. Kocaelispor neden yapamas\u0131n?\u201d ifadelerini kulland\u0131.<\/p>\n<p><b>\u00d6NEML\u0130 OLAN S\u0130STEM\u0130 DO\u011eRU KURMAK<\/b><\/p>\n<p>Altyap\u0131n\u0131n \u00f6nemini \u00f6rneklerle anlatan B\u00fcy\u00fckak\u0131n, \u201cNas\u0131l ki bir yumurta ancak do\u011fru kulu\u00e7ka ortam\u0131nda \u00e7\u0131kabiliyorsa, altyap\u0131 da aynen b\u00f6yledir. Kulu\u00e7ka ortam\u0131 olmayan bir \u00fcstyap\u0131 \u00e7al\u0131\u015fmaz. Altyap\u0131, \u00fcstyap\u0131n\u0131n temeli gibidir. Temelsiz bina ayakta duramaz, k\u00f6ks\u00fcz a\u011fa\u00e7 ya\u015fayamaz. Sahay\u0131 tek ba\u015f\u0131na yeterli g\u00f6rmek m\u00fcmk\u00fcn de\u011fil. Do\u011fru sistem kuruldu\u011funda altyap\u0131 bir okul haline gelecektir. Hayali do\u011fru kurar, do\u011fru ad\u0131mlar\u0131 atarsan\u0131z \u00f6zel yetenekler ortaya \u00e7\u0131kar\u201d dedi.<\/p>\n<p><b>BU TAKIM \u00c7OK G\u00dcZEL \u0130\u015eLER YAPACAK<\/b><\/p>\n<p>Ba\u015fkan B\u00fcy\u00fckak\u0131n, kentin en b\u00fcy\u00fck markas\u0131 Kocaelispor\u2019un sportif y\u00fckseli\u015fine de de\u011finerek \u015funlar\u0131 s\u00f6yledi: \u201cS\u00fcper Lig\u2019e ba\u015flad\u0131\u011f\u0131m\u0131zda Kocaelispor i\u00e7in \u2018asans\u00f6r tak\u0131m\u2019 diyenler vard\u0131. Ama daha ilk sezonda asans\u00f6r tak\u0131m olmayaca\u011f\u0131m\u0131z\u0131, S\u00fcper Lig\u2019e demir ataca\u011f\u0131m\u0131z\u0131 g\u00f6sterdik. Altyap\u0131dan yeti\u015fen gen\u00e7lerimiz de bu kal\u0131c\u0131l\u0131\u011f\u0131n teminat\u0131 olacak. Bu tesisler bir sporcu yeti\u015ftirme fabrikas\u0131, bir sporcu tarlas\u0131 olacak. Sporcu say\u0131s\u0131 artt\u0131k\u00e7a \u00fcst seviyeye \u00e7\u0131kan nitelikli sporcu say\u0131s\u0131 da artacakt\u0131r.<\/p>\n<p><b>BU KENT\u0130N EN \u00d6NEML\u0130 MARKASI<\/b><\/p>\n<p>Kocaelispor bu kent i\u00e7in bir marka. Bug\u00fcn 20 bin ki\u015fiyle stad\u0131 dolduruyorsa, BAL Ligi\u2019nde bile bu ba\u011fl\u0131l\u0131k s\u00fcr\u00fcyorsa bu, \u015fehrin tak\u0131m\u0131na sahip \u00e7\u0131kt\u0131\u011f\u0131n\u0131 g\u00f6sterir. Ama Kocaelispor sadece futboldan ibaret g\u00f6r\u00fclmemeli. Basketbol, voleybol ve di\u011fer bran\u015flarda da ba\u015far\u0131y\u0131 b\u00fcy\u00fctmemiz gerekiyor. Bunun i\u00e7in \u00e7ocuklar\u0131m\u0131z\u0131 4-5 ya\u015flar\u0131ndan itibaren spora y\u00f6nlendirmeliyiz. Piramit gibi d\u00fc\u015f\u00fcn\u00fcn; a\u015fa\u011f\u0131s\u0131 ne kadar geni\u015fse yukar\u0131s\u0131 o kadar g\u00fc\u00e7l\u00fc olur.\u201d<\/p>\n<p><b>KUL\u00dcBE YAKI\u015eAN TES\u0130SLER YOLDA<\/b><\/p>\n<p>Kocaelispor i\u00e7in K\u00f6rfez Sevindikli\u2019de hayata ge\u00e7irilen dev tesislerle ilgili de a\u00e7\u0131klamada bulunan Ba\u015fkan B\u00fcy\u00fckak\u0131n, \u201cTesisle\u015fmeye b\u00fcy\u00fck \u00f6nem veriyoruz. K\u00f6sek\u00f6y ve Alikahya\u2019daki spor tesislerini a\u00e7t\u0131k. Bug\u00fcn de buraday\u0131z. \u0130n\u015fallah temmuz ay\u0131nda da Kocaelispor\u2019un as\u0131l tesislerini a\u00e7may\u0131 planl\u0131yoruz. O tesisler Kocaelispor\u2019a yak\u0131\u015facak, kente de\u011fer katacak. Altyap\u0131 tesislerimiz, sporcular\u0131m\u0131za hay\u0131rl\u0131 u\u011furlu olsun\u201d dedi.<\/p>\n<p><b>B\u00dcY\u00dcKAKIN\u2019A TE\u015eEKK\u00dcR<\/b><\/p>\n<p>Recep Durul konu\u015fmas\u0131nda altyap\u0131 yat\u0131r\u0131mlar\u0131n\u0131n bir kul\u00fcb\u00fcn gelece\u011fi a\u00e7\u0131s\u0131ndan b\u00fcy\u00fck \u00f6nem ta\u015f\u0131d\u0131\u011f\u0131n\u0131 vurgulayarak, \u201cKocaelispor\u2019un en b\u00fcy\u00fck destek\u00e7isi olan, kent sporuna her alanda katk\u0131 sunan Tahir B\u00fcy\u00fckak\u0131n\u2019a te\u015fekk\u00fcr ediyorum\u201d dedi. Murat Ayd\u0131n ise, \u201cKocaeli, tesisle\u015fme ve sportif organizasyonlarla sporun ba\u015fkenti olma yolunda emin ad\u0131mlarla ilerliyor\u201d ifadesini kulland\u0131. Rafet K\u0131rg\u0131z da altyap\u0131 y\u00f6netimi kurarak T\u00fcrkiye\u2019de bir ilki ger\u00e7ekle\u015ftirdiklerini s\u00f6yledi, \u201cBurada yeti\u015fen sporcular sadece iyi futbolcu de\u011fil, ayn\u0131 zamanda iyi birer birey olacak. Bu tesis i\u00e7in B\u00fcy\u00fck\u015fehir Belediye Ba\u015fkan\u0131m\u0131z Tahir B\u00fcy\u00fckak\u0131n\u2019a ve ekibine te\u015fekk\u00fcr ediyorum\u201d dedi.<\/p>\n<p><b>BA\u015eKAN TES\u0130SLER\u0130 GEZD\u0130<\/b><\/p>\n<p>Kocaeli B\u00fcy\u00fck\u015fehir Belediye Ba\u015fkan\u0131 Tahir B\u00fcy\u00fckak\u0131n tan\u0131t\u0131m program\u0131n\u0131n ard\u0131ndan tesisleri gezdi, y\u00f6neticilerden bilgi ald\u0131. Daha sonra altyap\u0131 oyuncular\u0131 ile sohbet eden ve ba\u015far\u0131lar dileyen Ba\u015fkan B\u00fcy\u00fckak\u0131n, penalt\u0131 da \u00e7ekerek futboldaki h\u00fcnerlerini sergiledi.<\/p>\n<p><b>3.500 METREKAREL\u0130K MODERN TES\u0130S<\/b><\/p>\n<p>Toplam 3 bin 500 metrekare alan \u00fczerine in\u015fa edilen Kocaelispor Vinsan Altyap\u0131 Tesisleri\u2019nde, 63\u00d749 \u00f6l\u00e7\u00fclerinde sentetik \u00e7im saha ile birlikte prefabrik sosyal tesis binas\u0131 yer al\u0131yor. Sosyal tesiste soyunma odalar\u0131, du\u015flar, tuvaletler ve fitness salonu bulunuyor. Kocaelispor altyap\u0131 tak\u0131mlar\u0131na d\u00fczenli, profesyonel ve g\u00fcvenli bir antrenman ortam\u0131 sunan tesis b\u00fcnyesinde \u00e7im sahalar, antrenman sahalar\u0131, fitness salonu, idari bina, misafirhane, \u00e7ama\u015f\u0131rhane, malzeme odalar\u0131 ve sosyal alanlar yer al\u0131yor. Sentetik \u00e7im sahan\u0131n yan\u0131na iki yeni trib\u00fcn in\u015fa edilerek izleme kapasitesi de art\u0131r\u0131ld\u0131.<\/p>\n<p>\u00a0<\/p>\n<p>Kaynak: (BYZHA) Beyaz Haber Ajans\u0131<\/p>\n","protected":false},"excerpt":{"rendered":"<p>Kocaeli B\u00fcy\u00fck\u015fehir Belediyesi&#8217;nin hayata ge\u00e7irdi\u011fi Kocaelispor Vinsan Altyap\u0131 Tesisleri tan\u0131t\u0131ld\u0131.<\/p>\n","protected":false},"author":1,"featured_media":3746,"comment_status":"open","ping_status":"open","sticky":false,"template":"","format":"standard","meta":{"footnotes":""},"categories":[14],"tags":[585,516,586,240,440],"class_list":["post-3745","post","type-post","status-publish","format-standard","has-post-thumbnail","hentry","category-spor","tag-altyapi","tag-baskan","tag-buyukakin","tag-kocaeli","tag-spor"],"_links":{"self":[{"href":"https:\/\/bihavadis.com\/index.php\/wp-json\/wp\/v2\/posts\/3745","targetHints":{"allow":["GET"]}}],"collection":[{"href":"https:\/\/bihavadis.com\/index.php\/wp-json\/wp\/v2\/posts"}],"about":[{"href":"https:\/\/bihavadis.com\/index.php\/wp-json\/wp\/v2\/types\/post"}],"author":[{"embeddable":true,"href":"https:\/\/bihavadis.com\/index.php\/wp-json\/wp\/v2\/users\/1"}],"replies":[{"embeddable":true,"href":"https:\/\/bihavadis.com\/index.php\/wp-json\/wp\/v2\/comments?post=3745"}],"version-history":[{"count":1,"href":"https:\/\/bihavadis.com\/index.php\/wp-json\/wp\/v2\/posts\/3745\/revisions"}],"predecessor-version":[{"id":3747,"href":"https:\/\/bihavadis.com\/index.php\/wp-json\/wp\/v2\/posts\/3745\/revisions\/3747"}],"wp:featuredmedia":[{"embeddable":true,"href":"https:\/\/bihavadis.com\/index.php\/wp-json\/wp\/v2\/media\/3746"}],"wp:attachment":[{"href":"https:\/\/bihavadis.com\/index.php\/wp-json\/wp\/v2\/media?parent=3745"}],"wp:term":[{"taxonomy":"category","embeddable":true,"href":"https:\/\/bihavadis.com\/index.php\/wp-json\/wp\/v2\/categories?post=3745"},{"taxonomy":"post_tag","embeddable":true,"href":"https:\/\/bihavadis.com\/index.php\/wp-json\/wp\/v2\/tags?post=3745"}],"curies":[{"name":"wp","href":"https:\/\/api.w.org\/{rel}","templated":true}]}}