{"id":37526,"date":"2026-02-20T05:00:06","date_gmt":"2026-02-20T05:00:06","guid":{"rendered":"https:\/\/bihavadis.com\/?p=37526"},"modified":"2026-02-20T05:00:06","modified_gmt":"2026-02-20T05:00:06","slug":"milli-atletler-sac-saca-bas-basa-kavga-etti","status":"publish","type":"post","link":"https:\/\/bihavadis.com\/index.php\/2026\/02\/20\/milli-atletler-sac-saca-bas-basa-kavga-etti\/","title":{"rendered":"Milli atletler sa\u00e7 sa\u00e7a ba\u015f ba\u015fa kavga etti"},"content":{"rendered":"<p>\u0130stanbul&#8217;da d\u00fczenlenen T\u00fcrkiye Salon Atletizm \u015eampiyonas\u0131, \u00fc\u00e7 ad\u0131m atlama yar\u0131\u015fmas\u0131nda ya\u015fanan kavga nedeniyle yar\u0131da kald\u0131. Milli atletler Tu\u011fba Dan\u0131\u015fmaz ile Sedef \u00c7evik aras\u0131nda ba\u015flayan tart\u0131\u015fma, pistin ortas\u0131nda sa\u00e7 sa\u00e7a ba\u015f ba\u015fa kavgaya d\u00f6n\u00fc\u015ft\u00fc.<\/p>\n<p><b>YARI\u015eMA DURDU, SALON KARI\u015eTI<\/b><\/p>\n<p>Avrupa ikincisi Tu\u011fba Dan\u0131\u015fmaz ile Avrupa yedincisi Sedef \u00c7evik aras\u0131nda hen\u00fcz bilinmeyen bir nedenle \u00e7\u0131kan s\u00f6zl\u00fc tart\u0131\u015fma k\u0131sa s\u00fcrede kontrolden \u00e7\u0131kt\u0131. \u0130ki sporcunun fiziksel kavgaya tutu\u015fmas\u0131 salondaki seyircilerde \u015fa\u015fk\u0131nl\u0131k yarat\u0131rken, yar\u0131\u015fmaya ara verildi.<\/p>\n<p><b>YAN TARAFLAR DA KAVGAYA KARI\u015eTI<\/b><\/p>\n<p>Olay sadece sporcularla s\u0131n\u0131rl\u0131 kalmad\u0131. Tu\u011fba Dan\u0131\u015fmaz&#8217;\u0131n saha kenar\u0131nda bulunan erkek arkada\u015f\u0131 eski atlet Arda Eri\u015f ile T\u00fcrkiye Atletizm Federasyonu Teknik Kurul Ba\u015fkan\u0131 C\u00fcneyt Y\u00fcksel aras\u0131nda da yumruklu kavga ya\u015fand\u0131. Gerginli\u011fin b\u00fcy\u00fcmesi \u00fczerine organizasyonda g\u00fcvenlik \u00f6nlemleri art\u0131r\u0131ld\u0131.<\/p>\n<p><b>FEDERASYON Y\u00d6NET\u0130M\u0130 DEVREYE G\u0130RD\u0130<\/b><\/p>\n<p>Salonun kar\u0131\u015fmas\u0131n\u0131n ard\u0131ndan T\u00fcrkiye Atletizm Federasyonu Ba\u015fkan\u0131 Ahmet Karada\u011f, Asba\u015fkan Ay\u015feg\u00fcl Baklac\u0131 ve ENKA Spor Genel M\u00fcd\u00fcr\u00fc Ekrem Ay olay yerine gelerek taraflar\u0131 ay\u0131rd\u0131. S\u00f6zc\u00fc&#8217;n\u00fcn haberine g\u00f6re taraflar\u0131n birbirinden \u015fik\u00e2yet\u00e7i olmad\u0131\u011f\u0131 belirtildi.<\/p>\n<p><b>D\u0130SKAL\u0130F\u0130YE KARARI \u00c7IKTI<\/b><\/p>\n<p>Hakem heyeti, ya\u015fanan olaylar\u0131n ard\u0131ndan 26 ya\u015f\u0131ndaki Tu\u011fba Dan\u0131\u015fmaz ile 22 ya\u015f\u0131ndaki Sedef \u00c7evik&#8217;i diskalifiye etti. T\u00fcrkiye Atletizm Federasyonu&#8217;nun olayla ilgili disiplin s\u00fcreci ba\u015flatt\u0131\u011f\u0131 ve ek yapt\u0131r\u0131mlar\u0131n da g\u00fcndeme gelebilece\u011fi \u00f6\u011frenildi.<\/p>\n","protected":false},"excerpt":{"rendered":"<p>T\u00fcrkiye Salon Atletizm \u015eampiyonas\u0131&#8217;nda Tu\u011fba Dan\u0131\u015fmaz ile Sedef \u00c7evik aras\u0131nda \u00e7\u0131kan kavga yar\u0131\u015fmay\u0131 durdurdu; iki milli atlet diskalifiye edilirken, olayla ilgili disiplin s\u00fcreci ba\u015flat\u0131ld\u0131.<\/p>\n","protected":false},"author":1,"featured_media":37527,"comment_status":"open","ping_status":"open","sticky":false,"template":"","format":"standard","meta":{"footnotes":""},"categories":[14],"tags":[4658,469,418],"class_list":["post-37526","post","type-post","status-publish","format-standard","has-post-thumbnail","hentry","category-spor","tag-atlet","tag-bas","tag-kavga"],"_links":{"self":[{"href":"https:\/\/bihavadis.com\/index.php\/wp-json\/wp\/v2\/posts\/37526","targetHints":{"allow":["GET"]}}],"collection":[{"href":"https:\/\/bihavadis.com\/index.php\/wp-json\/wp\/v2\/posts"}],"about":[{"href":"https:\/\/bihavadis.com\/index.php\/wp-json\/wp\/v2\/types\/post"}],"author":[{"embeddable":true,"href":"https:\/\/bihavadis.com\/index.php\/wp-json\/wp\/v2\/users\/1"}],"replies":[{"embeddable":true,"href":"https:\/\/bihavadis.com\/index.php\/wp-json\/wp\/v2\/comments?post=37526"}],"version-history":[{"count":1,"href":"https:\/\/bihavadis.com\/index.php\/wp-json\/wp\/v2\/posts\/37526\/revisions"}],"predecessor-version":[{"id":37528,"href":"https:\/\/bihavadis.com\/index.php\/wp-json\/wp\/v2\/posts\/37526\/revisions\/37528"}],"wp:featuredmedia":[{"embeddable":true,"href":"https:\/\/bihavadis.com\/index.php\/wp-json\/wp\/v2\/media\/37527"}],"wp:attachment":[{"href":"https:\/\/bihavadis.com\/index.php\/wp-json\/wp\/v2\/media?parent=37526"}],"wp:term":[{"taxonomy":"category","embeddable":true,"href":"https:\/\/bihavadis.com\/index.php\/wp-json\/wp\/v2\/categories?post=37526"},{"taxonomy":"post_tag","embeddable":true,"href":"https:\/\/bihavadis.com\/index.php\/wp-json\/wp\/v2\/tags?post=37526"}],"curies":[{"name":"wp","href":"https:\/\/api.w.org\/{rel}","templated":true}]}}