{"id":37545,"date":"2026-02-20T05:15:07","date_gmt":"2026-02-20T05:15:07","guid":{"rendered":"https:\/\/bihavadis.com\/?p=37545"},"modified":"2026-02-20T05:15:07","modified_gmt":"2026-02-20T05:15:07","slug":"toprak-razgatlioglu-motogp-sureci-ilk-sene-zor-olacak","status":"publish","type":"post","link":"https:\/\/bihavadis.com\/index.php\/2026\/02\/20\/toprak-razgatlioglu-motogp-sureci-ilk-sene-zor-olacak\/","title":{"rendered":"Toprak Razgatl\u0131o\u011flu: MotoGP s\u00fcreci ilk sene zor olacak"},"content":{"rendered":"<p>D\u00fcnya Superbike \u015fampiyonu milli motosiklet\u00e7i Toprak Razgatl\u0131o\u011flu, MotoGP&#8217;ye ge\u00e7i\u015f s\u00fcreci, test s\u00fcr\u00fc\u015flerindeki izlenimleri, hedefleri ve destekledi\u011fi tak\u0131m Be\u015fikta\u015f&#8217;a ili\u015fkin a\u00e7\u0131klamalarda bulundu.<\/p>\n<p>MotoGP&#8217;ye uyum s\u00fcrecinde oldu\u011funu ve yeni motosiklete adapte olmaya \u00e7al\u0131\u015ft\u0131\u011f\u0131n\u0131 belirterek s\u00f6zlerine ba\u015flayan Razgatl\u0131o\u011flu, <b><em>&#8220;MotoGP s\u00fcreci ilk sene zor olacak. \u00c7\u00fcnk\u00fc zorlu bir s\u00fcrecin bizi bekledi\u011finin fark\u0131ndayd\u0131k. Elimizden gelenin en iyisini yapmaya \u00e7al\u0131\u015f\u0131yoruz. \u0130lk sene zor olacak ama 2027 hedeflerimize kavu\u015faca\u011f\u0131m\u0131z y\u0131l olacak. \u0130n\u015fallah bunu hep beraber g\u00f6rece\u011fiz&#8221;<\/em><\/b> diye konu\u015ftu.<\/p>\n<p><strong>&#8220;EN KISA S\u00dcREDE ADAPTE OLACA\u011eIM&#8221;<\/strong><\/p>\n<p>Superbike ile MotoGP&#8217;nin s\u00fcr\u00fc\u015f karakteri ve hissiyat a\u00e7\u0131s\u0131ndan tamamen farkl\u0131 oldu\u011funu aktaran Razgatl\u0131o\u011flu, <b><em>&#8220;Superbike ve MotoGP bamba\u015fka. Ona al\u0131\u015fma s\u00fcreci uzun s\u00fcrecek ama inan\u0131yorum ki en k\u0131sa s\u00fcrede adapte olaca\u011f\u0131z. Yamaha motosikleti ilk defa V4&#8217;e ge\u00e7ti. Onlar da geli\u015ftirme a\u015famas\u0131ndalar. Asl\u0131nda her \u015fey d\u00f6rt d\u00f6rtl\u00fck de\u011fil. \u0130lerleyen zamanda her \u015fey daha farkl\u0131 olacak&#8221;<\/em><\/b> de\u011ferlendirmesinde bulundu.<\/p>\n<p><strong>&#8220;SUPERBIKE&#8217;A G\u00d6RE \u00c7OK DAHA HIZLI&#8221;<\/strong><\/p>\n<p>Bulundu\u011fu konumdan mutlu oldu\u011funu ancak kendisi i\u00e7in as\u0131l \u00f6nceli\u011fin her zaman ba\u015far\u0131 oldu\u011funu ifade eden 29 ya\u015f\u0131ndaki sporcu,<b><em> &#8220;MotoGP motorunu s\u00fcrmek bamba\u015fka bir duygu. Herkesin \u00e7ocukluk hayali MotoGP motosikletini s\u00fcrmek. \u0130lk hissiyat, d\u00fczl\u00fc\u011fe \u00e7\u0131kt\u0131\u011f\u0131nda o motorun h\u0131z\u0131. Superbike&#8217;a g\u00f6re \u00e7ok daha h\u0131zl\u0131 bir motosiklet. Bu, insan\u0131 daha \u00e7ok etkiliyor diyebilirim. \u015eu an bulundu\u011fum konumdan \u00e7ok mutluyum ama benim i\u00e7in her zaman bir numara olan \u015fey ba\u015far\u0131. \u0130n\u015fallah ba\u015far\u0131 geldi\u011fi zaman daha \u00e7ok keyif alaca\u011f\u0131m\u0131 d\u00fc\u015f\u00fcn\u00fcyorum&#8221;<\/em><\/b> \u015feklinde konu\u015ftu.<\/p>\n<p><img decoding=\"async\" src=\"https:\/\/bihavadis.com\/wp-content\/uploads\/2026\/02\/toprak-razgatlioglu-motogp-sureci-ilk-sene-zor-olacak-0-K3XMFAIT.jpg\"\/><\/p>\n<p><strong>&#8220;4-5 YARI\u015e SONRA HER \u015eEY DAHA FARKLI OLACAK&#8221;<\/strong><\/p>\n<p>Ba\u015far\u0131l\u0131 sporcu, MotoGP&#8217;de yeni sezona uyum s\u00fcrecini hakk\u0131nda ise, <b><em>&#8220;4-5 yar\u0131\u015f sonra her \u015feyin daha farkl\u0131 olaca\u011f\u0131n\u0131 d\u00fc\u015f\u00fcn\u00fcyorum. Tabii daha buna var. \u00c7\u00fcnk\u00fc adapte oldu\u011fum zaman her \u015feyi daha hakim bir \u015fekilde y\u00f6netece\u011fiz. \u015eu an testlerde, daha iyi olmas\u0131 i\u00e7in \u00e7ok farkl\u0131 \u015feyler deniyoruz. Net yolumuzu bulamad\u0131k. Bunu zamanla daha da geli\u015ftirece\u011fiz. \u0130n\u015fallah istedi\u011fimiz gibi ilerleriz&#8221;<\/em><\/b> c\u00fcmlelerine yer verdi.<\/p>\n<p><strong>&#8220;BO\u015eLUK BULURSAM MA\u00c7LARA G\u0130TMEYE BA\u015eLAYACA\u011eIM&#8221;<\/strong><\/p>\n<p>Yo\u011fun program\u0131na ra\u011fmen f\u0131rsat bulduk\u00e7a Be\u015fikta\u015f&#8217;\u0131n ma\u00e7lar\u0131n\u0131 takip etti\u011fini de belirten Toprak, <b><em>&#8220;Transferleri g\u00f6rd\u00fcm ama \u00e7ok takip edemedi\u011fim i\u00e7in net bir \u015fey s\u00f6ylemeyeyim. \u00c7ok fazla vaktim olmuyor, \u00f6zellikle MotoGP&#8217;ye ge\u00e7ti\u011fimden beri. Be\u015fikta\u015fl\u0131y\u0131m ancak zaman bulduk\u00e7a takip edebiliyorum, ma\u00e7lar\u0131 izleyebiliyorum. \u0130n\u015fallah tekrar bir bo\u015fluk bulursam ma\u00e7lara gitmeye ba\u015flayaca\u011f\u0131m&#8221;<\/em><\/b> ifadelerini kulland\u0131.<\/p>\n<p><strong>&#8220;MOTOGP&#8217;DE \u015eAMP\u0130YON OLURSAM, MOTORLA SAHAYA GEL\u0130R\u0130M&#8221;<\/strong><\/p>\n<p>2025 D\u00fcnya Superbike \u015fampiyonlu\u011funun ard\u0131ndan 2 Kas\u0131m&#8217;da T\u00fcpra\u015f Stadyumu&#8217;nda oynanan Be\u015fikta\u015f &#8211; Fenerbah\u00e7e derbisi \u00f6ncesinde motosikletiyle sahaya \u00e7\u0131karak trib\u00fcnleri selamlamas\u0131yla ilgili hislerini payla\u015fan Razgatl\u0131o\u011flu, <b><em>&#8220;Heyecanl\u0131yd\u0131. Trib\u00fcndeki herkesin sana bak\u0131p alk\u0131\u015flamas\u0131 birazc\u0131k stresliydi. Mutlu oldum, \u00e7ok te\u015fekk\u00fcr ederim Be\u015fikta\u015f ailesine. Orada o an\u0131 ya\u015famak bamba\u015fka bir duyguydu. \u0130n\u015fallah ilerleyen y\u0131llarda MotoGP&#8217;de \u015fampiyon olursak, MotoGP motoruyla sahaya geliriz&#8221;<\/em><\/b> diyerek s\u00f6zlerini tamamlad\u0131.<\/p>\n<p><img decoding=\"async\" src=\"https:\/\/bihavadis.com\/wp-content\/uploads\/2026\/02\/toprak-razgatlioglu-motogp-sureci-ilk-sene-zor-olacak-1-Bz4Ib6tW.jpg\"\/><\/p>\n","protected":false},"excerpt":{"rendered":"<p>D\u00fcnya Superbike \u015fampiyonu milli motosiklet\u00e7i Toprak Razgatl\u0131o\u011flu, MotoGP&#8217;de ilk senenin zor ge\u00e7ece\u011fini bildi\u011fini ancak 2027&#8217;nin hedeflerine kavu\u015faca\u011f\u0131 y\u0131l olaca\u011f\u0131n\u0131 s\u00f6yledi.<\/p>\n","protected":false},"author":1,"featured_media":37546,"comment_status":"open","ping_status":"open","sticky":false,"template":"","format":"standard","meta":{"footnotes":""},"categories":[14],"tags":[651,2563,452,2036,367],"class_list":["post-37545","post","type-post","status-publish","format-standard","has-post-thumbnail","hentry","category-spor","tag-besiktas","tag-farkli","tag-motogp","tag-sureci","tag-zaman"],"_links":{"self":[{"href":"https:\/\/bihavadis.com\/index.php\/wp-json\/wp\/v2\/posts\/37545","targetHints":{"allow":["GET"]}}],"collection":[{"href":"https:\/\/bihavadis.com\/index.php\/wp-json\/wp\/v2\/posts"}],"about":[{"href":"https:\/\/bihavadis.com\/index.php\/wp-json\/wp\/v2\/types\/post"}],"author":[{"embeddable":true,"href":"https:\/\/bihavadis.com\/index.php\/wp-json\/wp\/v2\/users\/1"}],"replies":[{"embeddable":true,"href":"https:\/\/bihavadis.com\/index.php\/wp-json\/wp\/v2\/comments?post=37545"}],"version-history":[{"count":1,"href":"https:\/\/bihavadis.com\/index.php\/wp-json\/wp\/v2\/posts\/37545\/revisions"}],"predecessor-version":[{"id":37549,"href":"https:\/\/bihavadis.com\/index.php\/wp-json\/wp\/v2\/posts\/37545\/revisions\/37549"}],"wp:featuredmedia":[{"embeddable":true,"href":"https:\/\/bihavadis.com\/index.php\/wp-json\/wp\/v2\/media\/37546"}],"wp:attachment":[{"href":"https:\/\/bihavadis.com\/index.php\/wp-json\/wp\/v2\/media?parent=37545"}],"wp:term":[{"taxonomy":"category","embeddable":true,"href":"https:\/\/bihavadis.com\/index.php\/wp-json\/wp\/v2\/categories?post=37545"},{"taxonomy":"post_tag","embeddable":true,"href":"https:\/\/bihavadis.com\/index.php\/wp-json\/wp\/v2\/tags?post=37545"}],"curies":[{"name":"wp","href":"https:\/\/api.w.org\/{rel}","templated":true}]}}