{"id":37553,"date":"2026-02-20T05:21:03","date_gmt":"2026-02-20T05:21:03","guid":{"rendered":"https:\/\/bihavadis.com\/?p=37553"},"modified":"2026-02-20T05:21:03","modified_gmt":"2026-02-20T05:21:03","slug":"14-milyon-takipcili-icardinin-paylasimi-gundem-oldu-viral-mavi-spreynin-arkasinda-turk-markasi-var","status":"publish","type":"post","link":"https:\/\/bihavadis.com\/index.php\/2026\/02\/20\/14-milyon-takipcili-icardinin-paylasimi-gundem-oldu-viral-mavi-spreynin-arkasinda-turk-markasi-var\/","title":{"rendered":"14 Milyon Takip\u00e7ili Icardi&#8217;nin Payla\u015f\u0131m\u0131 G\u00fcndem Oldu: Viral &#8216;Mavi Sprey&#8217;nin Arkas\u0131nda T\u00fcrk Markas\u0131 Var"},"content":{"rendered":"<p>Instagram\u2019da 14 milyon takip\u00e7isi bulunan Galatasaray\u2019\u0131n d\u00fcnyaca \u00fcnl\u00fc golc\u00fcs\u00fc Mauro Icardi\u2019nin sosyal medya hesab\u0131ndan yapt\u0131\u011f\u0131 payla\u015f\u0131m, k\u0131sa s\u00fcrede geni\u015f kitlelerin dikkatini \u00e7ekti.<\/p>\n<p>2.703 g\u00f6nderisi bulunan ve 664 hesab\u0131 takip eden Icardi\u2019nin profili, spor d\u00fcnyas\u0131n\u0131n yan\u0131 s\u0131ra global pop\u00fcler k\u00fclt\u00fcr\u00fcn en etkili sosyal medya hesaplar\u0131 aras\u0131nda g\u00f6steriliyor. 14 milyonluk takip\u00e7i kitlesi; ba\u015fta T\u00fcrkiye, Arjantin ve Avrupa olmak \u00fczere farkl\u0131 \u00fclkelerden futbolseverler, spor medyas\u0131 temsilcileri, markalar ve yo\u011fun bir gen\u00e7 kitleyi kaps\u0131yor.<\/p>\n<p>Icardi\u2019nin Instagram story payla\u015f\u0131m\u0131nda \u00fcr\u00fcn\u00fc do\u011frudan kamera kar\u015f\u0131s\u0131nda g\u00f6stermesi ve resmi internet sitesine y\u00f6nlendirme yapmas\u0131, dijital platformlarda g\u00fc\u00e7l\u00fc bir etki yaratt\u0131. \u201cUraw Mavi Sprey\u201d olarak tan\u0131t\u0131lan \u00fcr\u00fcn\u00fcn, T\u00fcrk kozmetik markas\u0131 Uraw Cosmetic taraf\u0131ndan geli\u015ftirildi\u011fi netle\u015fti. Ambalaj\u0131n a\u00e7\u0131k \u015fekilde g\u00f6sterilmesi ve \u201cSa\u00e7\u0131n\u0131z\u0131 Ba\u015ftan \u00c7\u0131kart\u0131r\u201d slogan\u0131yla payla\u015f\u0131lmas\u0131, sosyal medyada viral bir yay\u0131l\u0131m olu\u015fturdu.<\/p>\n<p>Milyonlara ula\u015fan bu payla\u015f\u0131m, hem spor hem i\u015f d\u00fcnyas\u0131nda dikkat \u00e7eken bir geli\u015fme olarak de\u011ferlendirildi. D\u00fcnya \u00e7ap\u0131nda tan\u0131nan bir sporcunun yerli bir markay\u0131 tercih etmesi, Uraw Cosmetic\u2019in uluslararas\u0131 g\u00f6r\u00fcn\u00fcrl\u00fc\u011f\u00fcn\u00fc \u00f6nemli \u00f6l\u00e7\u00fcde art\u0131rd\u0131.<\/p>\n<p>Uraw Cosmetic Y\u00f6netim Kurulu Ba\u015fkan\u0131 Servet \u015eerifo\u011flu konuya ili\u015fkin yapt\u0131\u011f\u0131 a\u00e7\u0131klamada, \u201cMauro Icardi gibi uluslararas\u0131 bir sporcunun \u00fcr\u00fcn\u00fcm\u00fcz\u00fc tercih etmesi bizim i\u00e7in son derece k\u0131ymetli. Bu durum, y\u0131llard\u0131r s\u00fcrd\u00fcrd\u00fc\u011f\u00fcm\u00fcz bilimsel \u00fcretim anlay\u0131\u015f\u0131n\u0131n ve kalite standartlar\u0131m\u0131z\u0131n global \u00f6l\u00e7ekte kar\u015f\u0131l\u0131k buldu\u011funu g\u00f6stermektedir. T\u00fcrkiye\u2019den \u00e7\u0131kan bir markan\u0131n d\u00fcnya sahnesinde g\u00f6r\u00fcn\u00fcr olmas\u0131 gurur vericidir\u201d ifadelerini kulland\u0131.<\/p>\n<p>2015 y\u0131l\u0131nda kurulan Uraw Cosmetic, Avrupa ve Amerika\u2019daki ofisleriyle birlikte 39 \u00fclkeye ula\u015fan da\u011f\u0131t\u0131m a\u011f\u0131yla uluslararas\u0131 pazarda faaliyet g\u00f6steriyor. Uluslararas\u0131 sa\u011fl\u0131k kriterlerine uygun \u00fcretim s\u00fcre\u00e7leri, temiz i\u00e7erik yakla\u015f\u0131m\u0131 ve s\u00fcrd\u00fcr\u00fclebilir \u00fcretim modeliyle marka, sekt\u00f6rdeki konumunu g\u00fc\u00e7lendirmeyi s\u00fcrd\u00fcr\u00fcyor.<\/p>\n<p>Icardi\u2019nin payla\u015f\u0131m\u0131yla birlikte Uraw Cosmetic\u2019in dijital g\u00f6r\u00fcn\u00fcrl\u00fc\u011f\u00fc \u00f6nemli \u00f6l\u00e7\u00fcde artarken, T\u00fcrk kozmetik sekt\u00f6r\u00fcn\u00fcn k\u00fcresel \u00f6l\u00e7ekteki y\u00fckseli\u015fi de bir kez daha g\u00fcndeme ta\u015f\u0131nm\u0131\u015f oldu.<\/p>\n<p>Kaynak: (BYZHA) Beyaz Haber Ajans\u0131<\/p>\n","protected":false},"excerpt":{"rendered":"<p>Instagram\u2019da 14 milyon takip\u00e7isi bulunan Galatasaray\u2019\u0131n d\u00fcnyaca \u00fcnl\u00fc golc\u00fcs\u00fc Mauro Icardi\u2019nin sosyal medya hesab\u0131ndan yapt\u0131\u011f\u0131 payla\u015f\u0131m, k\u0131sa s\u00fcrede geni\u015f kitlelerin dikkatini \u00e7ekti.<\/p>\n","protected":false},"author":1,"featured_media":37554,"comment_status":"open","ping_status":"open","sticky":false,"template":"","format":"standard","meta":{"footnotes":""},"categories":[1],"tags":[437,440,5339],"class_list":["post-37553","post","type-post","status-publish","format-standard","has-post-thumbnail","hentry","category-uncategorized","tag-dunya","tag-spor","tag-uraw"],"_links":{"self":[{"href":"https:\/\/bihavadis.com\/index.php\/wp-json\/wp\/v2\/posts\/37553","targetHints":{"allow":["GET"]}}],"collection":[{"href":"https:\/\/bihavadis.com\/index.php\/wp-json\/wp\/v2\/posts"}],"about":[{"href":"https:\/\/bihavadis.com\/index.php\/wp-json\/wp\/v2\/types\/post"}],"author":[{"embeddable":true,"href":"https:\/\/bihavadis.com\/index.php\/wp-json\/wp\/v2\/users\/1"}],"replies":[{"embeddable":true,"href":"https:\/\/bihavadis.com\/index.php\/wp-json\/wp\/v2\/comments?post=37553"}],"version-history":[{"count":1,"href":"https:\/\/bihavadis.com\/index.php\/wp-json\/wp\/v2\/posts\/37553\/revisions"}],"predecessor-version":[{"id":37555,"href":"https:\/\/bihavadis.com\/index.php\/wp-json\/wp\/v2\/posts\/37553\/revisions\/37555"}],"wp:featuredmedia":[{"embeddable":true,"href":"https:\/\/bihavadis.com\/index.php\/wp-json\/wp\/v2\/media\/37554"}],"wp:attachment":[{"href":"https:\/\/bihavadis.com\/index.php\/wp-json\/wp\/v2\/media?parent=37553"}],"wp:term":[{"taxonomy":"category","embeddable":true,"href":"https:\/\/bihavadis.com\/index.php\/wp-json\/wp\/v2\/categories?post=37553"},{"taxonomy":"post_tag","embeddable":true,"href":"https:\/\/bihavadis.com\/index.php\/wp-json\/wp\/v2\/tags?post=37553"}],"curies":[{"name":"wp","href":"https:\/\/api.w.org\/{rel}","templated":true}]}}