{"id":37649,"date":"2026-02-20T06:33:04","date_gmt":"2026-02-20T06:33:04","guid":{"rendered":"https:\/\/bihavadis.com\/?p=37649"},"modified":"2026-02-20T06:33:04","modified_gmt":"2026-02-20T06:33:04","slug":"tarim-fuarinda-baskan-cercioglunun-tarima-ve-ureticilere-desteklerine-yogun-ilgi","status":"publish","type":"post","link":"https:\/\/bihavadis.com\/index.php\/2026\/02\/20\/tarim-fuarinda-baskan-cercioglunun-tarima-ve-ureticilere-desteklerine-yogun-ilgi\/","title":{"rendered":"Tar\u0131m Fuar\u0131&#8217;nda Ba\u015fkan \u00c7er\u00e7io\u011flu&#8217;nun Tar\u0131ma ve \u00dcreticilere Desteklerine Yo\u011fun \u0130lgi"},"content":{"rendered":"<p>Bu y\u0131l 13\u2019\u00fcnc\u00fcs\u00fc d\u00fczenlenen Uluslararas\u0131 Ayd\u0131n Tar\u0131m, G\u0131da Ve Hayvanc\u0131l\u0131k Fuar\u0131\u2019nda,\u00a0 Ayd\u0131n B\u00fcy\u00fck\u015fehir Belediyesi\u2019nin a\u00e7t\u0131\u011f\u0131 stant yo\u011fun ilgi g\u00f6rd\u00fc.<\/p>\n<p>B\u00fcy\u00fck\u015fehir Belediyesi\u2019nin stand\u0131n\u0131 ziyaret eden vatanda\u015flara Ba\u015fkan \u00c7er\u00e7io\u011flu\u2019nun \u00f6nc\u00fcl\u00fc\u011f\u00fcnde tar\u0131ma ve \u00fcreticilere y\u00f6nelik s\u00fcrd\u00fcr\u00fclen destekler, projeler ve \u00e7al\u0131\u015fmalar hakk\u0131nda bilgi verildi. B\u00fcy\u00fck\u015fehir Belediyesi taraf\u0131ndan tar\u0131ma ve \u00fcreticilere y\u00f6nelik s\u00fcregelen dronela zirai g\u00fcbreleme deste\u011fi, Ata Tohumlar\u0131n\u0131n \u00fcretimi ve koruma alt\u0131na al\u0131nmas\u0131, tar\u0131m ve hayvanc\u0131l\u0131k destekleme \u00fcr\u00fcnleri ile aile tipi koyunculuk projesi gibi destekler fuar ziyaret\u00e7ilerinden b\u00fcy\u00fck be\u011feni toplad\u0131.<\/p>\n<p>Fuarda B\u00fcy\u00fck\u015fehir Belediyesi stand\u0131n\u0131 ziyaret eden kat\u0131l\u0131mc\u0131lara Ayd\u0131n\u2019a \u00f6zg\u00fc lezzetlerin ikram\u0131 yap\u0131ld\u0131, Halk Ege Et \u00fcr\u00fcnlerinin tan\u0131t\u0131m\u0131 ger\u00e7ekle\u015ftirildi. Zeytin, zeytinya\u011f\u0131 ve kuru incir gibi y\u00f6resel lezzetlerin ikram\u0131 yap\u0131l\u0131rken ayn\u0131 zamanda Halk Ege Et taraf\u0131ndan \u00fcretilen sucu\u011fun tad\u0131m\u0131 da ger\u00e7ekle\u015ftirildi.<\/p>\n<p><b>Ba\u015fkan \u00c7er\u00e7io\u011flu:\u00a0Tar\u0131ma ve \u00fcreticilere desteklerimizi s\u00fcrd\u00fcrece\u011fiz<\/b><\/p>\n<p><b>\u00a0<\/b>Tar\u0131ma, \u00fcretime ve \u00fcreticilere desteklerinin s\u00fcrece\u011fini belirten Ayd\u0131n B\u00fcy\u00fck\u015fehir Belediye Ba\u015fkan\u0131 \u00d6zlem \u00c7er\u00e7io\u011flu,\u00a0<b>\u201cAyd\u0131n\u0131m\u0131z, bereketleri topraklar\u0131 ile \u00fclkemizde tar\u0131m ve hayvanc\u0131l\u0131\u011f\u0131n \u00f6nde gelen kentlerinden bir tanesi olmay\u0131 s\u00fcrd\u00fcr\u00fcyor. Bizler de, Ayd\u0131n B\u00fcy\u00fck\u015fehir Belediyesi olarak projelerimiz, \u00e7al\u0131\u015fmalar\u0131m\u0131z ve yat\u0131r\u0131mlar\u0131m\u0131zla \u00fcreticilerimizin yan\u0131nda olmaya devam ediyoruz. Ayd\u0131n\u2019da\u00a0<\/b><b>tar\u0131m \u00fcreticileri biliyorlar ki kentimizde hi\u00e7bir \u00fcreticinin mal\u0131 tarlada kalmaz, B\u00fcy\u00fck\u015fehir Belediyesi o \u00fcr\u00fcnlerin her zaman al\u0131c\u0131s\u0131d\u0131r. Tar\u0131ma ve \u00fcreticilere desteklerimizi s\u00fcrd\u00fcrece\u011fiz\u201d\u00a0<\/b>ifadelerini kulland\u0131.<\/p>\n<p>\u00a0<\/p>\n<p>\u00a0<\/p>\n<p>Kaynak: (BYZHA) Beyaz Haber Ajans\u0131<\/p>\n","protected":false},"excerpt":{"rendered":"<p>Bu y\u0131l 13\u2019\u00fcnc\u00fcs\u00fc d\u00fczenlenen Uluslararas\u0131 Ayd\u0131n Tar\u0131m, G\u0131da Ve Hayvanc\u0131l\u0131k Fuar\u0131\u2019nda,\u00a0 Ayd\u0131n B\u00fcy\u00fck\u015fehir Belediyesi\u2019nin a\u00e7t\u0131\u011f\u0131 stant yo\u011fun ilgi g\u00f6rd\u00fc.<\/p>\n","protected":false},"author":1,"featured_media":37650,"comment_status":"open","ping_status":"open","sticky":false,"template":"","format":"standard","meta":{"footnotes":""},"categories":[4],"tags":[562,1109,1971,5350],"class_list":["post-37649","post","type-post","status-publish","format-standard","has-post-thumbnail","hentry","category-gundem","tag-aydin","tag-buyuksehir-belediyesi","tag-destekler","tag-tarima"],"_links":{"self":[{"href":"https:\/\/bihavadis.com\/index.php\/wp-json\/wp\/v2\/posts\/37649","targetHints":{"allow":["GET"]}}],"collection":[{"href":"https:\/\/bihavadis.com\/index.php\/wp-json\/wp\/v2\/posts"}],"about":[{"href":"https:\/\/bihavadis.com\/index.php\/wp-json\/wp\/v2\/types\/post"}],"author":[{"embeddable":true,"href":"https:\/\/bihavadis.com\/index.php\/wp-json\/wp\/v2\/users\/1"}],"replies":[{"embeddable":true,"href":"https:\/\/bihavadis.com\/index.php\/wp-json\/wp\/v2\/comments?post=37649"}],"version-history":[{"count":1,"href":"https:\/\/bihavadis.com\/index.php\/wp-json\/wp\/v2\/posts\/37649\/revisions"}],"predecessor-version":[{"id":37651,"href":"https:\/\/bihavadis.com\/index.php\/wp-json\/wp\/v2\/posts\/37649\/revisions\/37651"}],"wp:featuredmedia":[{"embeddable":true,"href":"https:\/\/bihavadis.com\/index.php\/wp-json\/wp\/v2\/media\/37650"}],"wp:attachment":[{"href":"https:\/\/bihavadis.com\/index.php\/wp-json\/wp\/v2\/media?parent=37649"}],"wp:term":[{"taxonomy":"category","embeddable":true,"href":"https:\/\/bihavadis.com\/index.php\/wp-json\/wp\/v2\/categories?post=37649"},{"taxonomy":"post_tag","embeddable":true,"href":"https:\/\/bihavadis.com\/index.php\/wp-json\/wp\/v2\/tags?post=37649"}],"curies":[{"name":"wp","href":"https:\/\/api.w.org\/{rel}","templated":true}]}}