{"id":3775,"date":"2026-01-28T22:43:04","date_gmt":"2026-01-28T22:43:04","guid":{"rendered":"https:\/\/bihavadis.com\/?p=3775"},"modified":"2026-01-28T22:43:04","modified_gmt":"2026-01-28T22:43:04","slug":"dem-partili-esbaskanlar-gozaltina-alindi","status":"publish","type":"post","link":"https:\/\/bihavadis.com\/index.php\/2026\/01\/28\/dem-partili-esbaskanlar-gozaltina-alindi\/","title":{"rendered":"DEM Partili e\u015fba\u015fkanlar g\u00f6zalt\u0131na al\u0131nd\u0131"},"content":{"rendered":"<p>DEM Partili Mu\u015f Malazgirt Belediye e\u015fba\u015fkanlar\u0131 Ahmet Kenan T\u00fcrker ve G\u00fclistan \u00d6zel, g\u00f6zalt\u0131na al\u0131nd\u0131. Evlerine yap\u0131lan bask\u0131nla g\u00f6zalt\u0131na al\u0131nd\u0131klar\u0131 \u00f6\u011frenilen DEM Partili e\u015fba\u015fkanlar\u0131n il\u00e7e emniyetine g\u00f6t\u00fcr\u00fcld\u00fckleri \u00f6\u011frenildi<\/p>\n<p><b>DEM PART\u0130&#8217;DEN A\u00c7IKLAMA VAR <\/b><\/p>\n<p>DEM Parti Demokratik Yerel Y\u00f6netimler taraf\u0131ndan yap\u0131lan yaz\u0131l\u0131 a\u00e7\u0131klamada, Malazgirt Belediye E\u015fba\u015fkanlar\u0131 G\u00fclistan \u00d6zel ve Ahmet Kenan T\u00fcrker i\u00e7in serbest b\u0131rak\u0131lma \u00e7a\u011fr\u0131s\u0131 yap\u0131ld\u0131. <\/p>\n<p>A\u00e7\u0131klamada \u015funlar kaydedildi: &#8220;Rojava&#8217;da son g\u00fcnlerde ya\u015fanan sald\u0131r\u0131lar, t\u00fcm halk\u0131m\u0131z a\u00e7\u0131s\u0131ndan endi\u015fe verici boyutlara ula\u015fm\u0131\u015ft\u0131r. Bu sald\u0131r\u0131lar\u0131n kad\u0131n bedeni \u00fczerinden ger\u00e7ekle\u015fmesi, gerici ve karanl\u0131k zihniyetin a\u00e7\u0131k g\u00f6stergesi olmu\u015ftur. Bu s\u00fcre\u00e7te, belediye binalar\u0131m\u0131za kad\u0131n\u0131n sa\u00e7 \u00f6rg\u00fcs\u00fcn\u00fc temsil eden fig\u00fcrlerin ve JIN JIYAN AZAD\u0130 s\u00f6zlerinin yer ald\u0131\u011f\u0131 pankartlar\u0131n as\u0131lmas\u0131 da tepkilerimizden biri olmu\u015ftur.<\/p>\n<p><b>&#8220;SERBEST BIRAKILMALILAR&#8221;<\/b><\/p>\n<p>Bizlerin demokratik tepkilerine kar\u015f\u0131n, kolluk ve yarg\u0131 mekanizmalar\u0131n\u0131n hukuk d\u0131\u015f\u0131 tutumlar\u0131 bu s\u00fcre\u00e7te bir kez daha a\u00e7\u0131\u011fa \u00e7\u0131km\u0131\u015ft\u0131r. Malazgirt Belediye E\u015f Ba\u015fkanlar\u0131m\u0131z G\u00fclistan \u00d6zel ve Ahmet Kenan T\u00fcrker&#8217;in, as\u0131lan pankartlar gerek\u00e7e g\u00f6sterilerek g\u00f6zalt\u0131na al\u0131nmas\u0131 bizler a\u00e7\u0131s\u0131ndan kabul edilemezdir.<\/p>\n<p>E\u011fer bir su\u00e7lu aranacaksa, Rojava&#8217;da insanl\u0131\u011fa kar\u015f\u0131 su\u00e7 i\u015fleyen yap\u0131lara bak\u0131lmal\u0131d\u0131r. Bu nedenle demokratik tepkisini ortaya koyan belediye e\u015fba\u015fkanlar\u0131m\u0131z derhal serbest b\u0131rak\u0131lmal\u0131 ve hukuk d\u0131\u015f\u0131 uygulamalara son verilmelidir.&#8221;<\/p>\n","protected":false},"excerpt":{"rendered":"<p>DEM Partili Malazgirt Belediyesi e\u015fba\u015fkanlar\u0131 Ahmet Kenan T\u00fcrker ve G\u00fclistan \u00d6zel, g\u00f6zalt\u0131na al\u0131nd\u0131. DEM Parti&#8217;den g\u00f6zalt\u0131lara ili\u015fkin yap\u0131lan a\u00e7\u0131klamada, &#8220;Demokratik tepkisini ortaya koyan belediye e\u015fbakanlar\u0131m\u0131z derhal serbest b\u0131rak\u0131lmal\u0131d\u0131r.<\/p>\n","protected":false},"author":1,"featured_media":3776,"comment_status":"open","ping_status":"open","sticky":false,"template":"","format":"standard","meta":{"footnotes":""},"categories":[1],"tags":[372,598,599],"class_list":["post-3775","post","type-post","status-publish","format-standard","has-post-thumbnail","hentry","category-uncategorized","tag-belediye","tag-dem","tag-es"],"_links":{"self":[{"href":"https:\/\/bihavadis.com\/index.php\/wp-json\/wp\/v2\/posts\/3775","targetHints":{"allow":["GET"]}}],"collection":[{"href":"https:\/\/bihavadis.com\/index.php\/wp-json\/wp\/v2\/posts"}],"about":[{"href":"https:\/\/bihavadis.com\/index.php\/wp-json\/wp\/v2\/types\/post"}],"author":[{"embeddable":true,"href":"https:\/\/bihavadis.com\/index.php\/wp-json\/wp\/v2\/users\/1"}],"replies":[{"embeddable":true,"href":"https:\/\/bihavadis.com\/index.php\/wp-json\/wp\/v2\/comments?post=3775"}],"version-history":[{"count":1,"href":"https:\/\/bihavadis.com\/index.php\/wp-json\/wp\/v2\/posts\/3775\/revisions"}],"predecessor-version":[{"id":3777,"href":"https:\/\/bihavadis.com\/index.php\/wp-json\/wp\/v2\/posts\/3775\/revisions\/3777"}],"wp:featuredmedia":[{"embeddable":true,"href":"https:\/\/bihavadis.com\/index.php\/wp-json\/wp\/v2\/media\/3776"}],"wp:attachment":[{"href":"https:\/\/bihavadis.com\/index.php\/wp-json\/wp\/v2\/media?parent=3775"}],"wp:term":[{"taxonomy":"category","embeddable":true,"href":"https:\/\/bihavadis.com\/index.php\/wp-json\/wp\/v2\/categories?post=3775"},{"taxonomy":"post_tag","embeddable":true,"href":"https:\/\/bihavadis.com\/index.php\/wp-json\/wp\/v2\/tags?post=3775"}],"curies":[{"name":"wp","href":"https:\/\/api.w.org\/{rel}","templated":true}]}}