{"id":3778,"date":"2026-01-28T22:43:05","date_gmt":"2026-01-28T22:43:05","guid":{"rendered":"https:\/\/bihavadis.com\/?p=3778"},"modified":"2026-01-28T22:43:05","modified_gmt":"2026-01-28T22:43:05","slug":"bucada-yangin-down-sendromlu-cocuk-hayatini-kaybetti","status":"publish","type":"post","link":"https:\/\/bihavadis.com\/index.php\/2026\/01\/28\/bucada-yangin-down-sendromlu-cocuk-hayatini-kaybetti\/","title":{"rendered":"Buca&#8217;da Yang\u0131n: Down Sendromlu \u00c7ocuk Hayat\u0131n\u0131 Kaybetti"},"content":{"rendered":"<p>\n<p>\u0130ZM\u0130R&#8217;in Buca il\u00e7esinde bir apartman dairesinde \u00e7\u0131kan yang\u0131nda, bulundu\u011fu odada mahsur kalan down sendromlu Eymen A.\u00c7. (11), hayat\u0131n\u0131 kaybetti.<\/p>\n<p>Yang\u0131n, ak\u015fam saatlerinde G\u00f6ksu Mahallesi 679\/28 Sokak&#8217;taki 4 katl\u0131 apartman\u0131n giri\u015f kat\u0131ndaki dairede \u00e7\u0131kt\u0131. Daireden y\u00fckselen duman\u0131 g\u00f6ren bina sakinlerinin ihbar\u0131 \u00fczerine adrese \u00e7ok say\u0131da itfaiye, polis ve sa\u011fl\u0131k ekipleri sevk edildi. Ekiplerin \u00e7al\u0131\u015fmas\u0131yla yang\u0131n s\u00f6nd\u00fcr\u00fcl\u00fcrken, yap\u0131lan incelemede down sendromlu Eymen A.\u00c7.&#8217;nin mahsur kald\u0131\u011f\u0131 yatak odas\u0131nda hayat\u0131n\u0131 kaybetti\u011fi belirlendi. \u00c7ocu\u011fun cenazesi, olay yerindeki incelemenin ard\u0131ndan otopsi i\u00e7in \u0130zmir Adli T\u0131p Kurumu morguna kald\u0131r\u0131ld\u0131.<\/p>\n<p>Yang\u0131n s\u0131ras\u0131nda anne Emine \u00c7. (54) ile 2 \u00e7ocu\u011funun evde bulundu\u011fu \u00f6\u011frenildi. Eymen A.\u00c7.&#8217;nin mum ve \u00e7akmakla oynad\u0131\u011f\u0131 s\u0131rada \u00e7\u0131kt\u0131\u011f\u0131 \u00f6ne s\u00fcr\u00fclen yang\u0131n s\u0131ras\u0131nda mutfakta yemek yapan anne Emine \u00c7.&#8217;nin 14 ya\u015f\u0131ndaki di\u011fer \u00e7ocu\u011fu ile d\u0131\u015far\u0131 \u00e7\u0131kt\u0131\u011f\u0131 ancak alevlerin k\u0131sa s\u00fcrede b\u00fcy\u00fcmesi nedeniyle Eymen A.\u00c7.&#8217;y\u0131 kurtaramad\u0131\u011f\u0131n\u0131 s\u00f6yledi\u011fi belirtildi.<\/p>\n<p>Yang\u0131nla ilgili soru\u015fturma ba\u015flat\u0131ld\u0131\u011f\u0131 belirtildi.<\/p>\n","protected":false},"excerpt":{"rendered":"<p>\u0130zmir Buca&#8217;da \u00e7\u0131kan yang\u0131nda down sendromlu 11 ya\u015f\u0131ndaki Eymen A.\u00c7. hayat\u0131n\u0131 kaybetti.<\/p>\n","protected":false},"author":1,"featured_media":3779,"comment_status":"open","ping_status":"open","sticky":false,"template":"","format":"standard","meta":{"footnotes":""},"categories":[9,4,13],"tags":[600],"class_list":["post-3778","post","type-post","status-publish","format-standard","has-post-thumbnail","hentry","category-genel","category-gundem","category-son-dakika","tag-yangin"],"_links":{"self":[{"href":"https:\/\/bihavadis.com\/index.php\/wp-json\/wp\/v2\/posts\/3778","targetHints":{"allow":["GET"]}}],"collection":[{"href":"https:\/\/bihavadis.com\/index.php\/wp-json\/wp\/v2\/posts"}],"about":[{"href":"https:\/\/bihavadis.com\/index.php\/wp-json\/wp\/v2\/types\/post"}],"author":[{"embeddable":true,"href":"https:\/\/bihavadis.com\/index.php\/wp-json\/wp\/v2\/users\/1"}],"replies":[{"embeddable":true,"href":"https:\/\/bihavadis.com\/index.php\/wp-json\/wp\/v2\/comments?post=3778"}],"version-history":[{"count":1,"href":"https:\/\/bihavadis.com\/index.php\/wp-json\/wp\/v2\/posts\/3778\/revisions"}],"predecessor-version":[{"id":3780,"href":"https:\/\/bihavadis.com\/index.php\/wp-json\/wp\/v2\/posts\/3778\/revisions\/3780"}],"wp:featuredmedia":[{"embeddable":true,"href":"https:\/\/bihavadis.com\/index.php\/wp-json\/wp\/v2\/media\/3779"}],"wp:attachment":[{"href":"https:\/\/bihavadis.com\/index.php\/wp-json\/wp\/v2\/media?parent=3778"}],"wp:term":[{"taxonomy":"category","embeddable":true,"href":"https:\/\/bihavadis.com\/index.php\/wp-json\/wp\/v2\/categories?post=3778"},{"taxonomy":"post_tag","embeddable":true,"href":"https:\/\/bihavadis.com\/index.php\/wp-json\/wp\/v2\/tags?post=3778"}],"curies":[{"name":"wp","href":"https:\/\/api.w.org\/{rel}","templated":true}]}}