{"id":37787,"date":"2026-02-20T08:21:08","date_gmt":"2026-02-20T08:21:08","guid":{"rendered":"https:\/\/bihavadis.com\/?p=37787"},"modified":"2026-02-20T08:21:08","modified_gmt":"2026-02-20T08:21:08","slug":"nevsehir-belediyesi-buz-pateni-pisti-yarin-aciliyor","status":"publish","type":"post","link":"https:\/\/bihavadis.com\/index.php\/2026\/02\/20\/nevsehir-belediyesi-buz-pateni-pisti-yarin-aciliyor\/","title":{"rendered":"Nev\u015fehir Belediyesi Buz Pateni Pisti Yar\u0131n A\u00e7\u0131l\u0131yor"},"content":{"rendered":"<p><span><span><span>Nev\u015fehir\u2019deki sosyal faaliyet alan\u0131n\u0131 art\u0131rmaya y\u00f6nelik yap\u0131lan \u00e7al\u0131\u015fmalar kapsam\u0131nda Nev\u015fehir Belediyesi BUZ PATEN\u0130 P\u0130ST\u0130 yar\u0131n d\u00fczenlenecek t\u00f6renle a\u00e7\u0131lacak. \u00c7ocuklar ve gen\u00e7lerin daha e\u011flenceli ve aktif zaman ge\u00e7irebilmesi ad\u0131na Nev\u015fehir\u2019e mobil buz\u00a0pateni pisti kuruldu. <\/span><\/span><\/span><\/p>\n<p><span><span><span>Belediye Ba\u015fkan\u0131m\u0131z Rasim Ar\u0131\u2019n\u0131n talimatlar\u0131 do\u011frultusunda sosyal belediyecilik anlay\u0131\u015f\u0131 \u015fiar\u0131yla bir\u00e7ok projeyi hayata ge\u00e7iren Nev\u015fehir Belediyesi, vatanda\u015flar\u0131m\u0131z\u0131n sosyal faaliyet alanlar\u0131n\u0131 art\u0131rmak amac\u0131yla haz\u0131rlad\u0131\u011f\u0131 buz pateni projesini hayata ge\u00e7iriyor. <\/span><\/span><\/span><\/p>\n<p><span><span><span>45 ki\u015finin kaymas\u0131na izin verilecek olan bir seans da g\u00fcn boyu toplam 8 seans d\u00fczenlenecek. Nev\u015fehir Belediyesi taraf\u0131ndan kurulan mobil buz pateni pisti, Mostar K\u00f6pr\u00fcs\u00fc yan\u0131nda bulunan alanda toplam 45 boyunca hizmet verecek. Proje kapsam\u0131nda vatanda\u015flar <span><span>www.nevsehir.bel.tr<\/span><\/span> web adresi \u00fczerinden olu\u015fturulacak buz pateni portal\u0131yla kay\u0131t yapt\u0131rarak belirledi\u011fi saatte gidip buz pateni yapma f\u0131rsat\u0131 bulacak. <\/span><\/span><\/span><\/p>\n<p><span><span><span>Hafta i\u00e7i 14.00 \u2013 22.00 ve hafta sonu 10.00 \u2013 22.00 saatleri aras\u0131nda hizmet verecek olan Puz Pateni Pisti \u015fehrin sosyal etkinlik takvimine b\u00fcy\u00fck katk\u0131 sa\u011flayacak. <\/span><\/span><\/span><\/p>\n<p><span><span><span>Belediye Ba\u015fkan\u0131m\u0131z Rasim Ar\u0131 yapt\u0131\u011f\u0131 a\u00e7\u0131klamada \u201cYavrular\u0131m\u0131z ve \u00e7ocuklar\u0131m\u0131z\u0131n buz pateni yapabilmelerine olanak sa\u011flayacak alan\u0131m\u0131z\u0131 tamamlad\u0131k. Patenlerinizi numaralara g\u00f6re kaymaya gelenlere biz emanet verece\u011fiz. Tamamen \u00fccretsiz olan bu etkinli\u011fe b\u00fct\u00fcn \u00e7ocuklar\u0131m\u0131z\u0131 ve yavrular\u0131m\u0131z\u0131 bekliyorum. 17 \u015eubat 2026 Sal\u0131 g\u00fcn\u00fc yar\u0131n ak\u015fam 17.30\u2019da yap\u0131lacak olan Buz Pateni Pist a\u00e7\u0131l\u0131\u015f\u0131m\u0131za b\u00fct\u00fcn vatanda\u015flar\u0131m\u0131z\u0131 davet ediyorum\u201d diye konu\u015ftu.<\/span><\/span><\/span><\/p>\n<p><span><span><span>Kentin sosyal ya\u015fam\u0131n\u0131 hareketlendirmeyi hedefleyen bu proje, \u00f6zellikle \u00e7ocuklar ve gen\u00e7ler i\u00e7in hem spor hem de e\u011flence dolu bir deneyim sunacak.<\/span><\/span><\/span><\/p>\n<p><span><span><span>G\u00fcvenlik \u00f6nlemlerinin \u00fcst d\u00fczeyde tutulaca\u011f\u0131 projenin, kentte k\u0131\u015f sporlar\u0131na olan ilgiyi art\u0131rmas\u0131 ve kent turizmine de katk\u0131 sa\u011flamas\u0131 bekleniyor.<\/span><\/span><\/span><\/p>\n<p><span><span><span>BUZ PATEN\u0130 P\u0130ST\u0130 A\u00c7ILI\u015e PROGRAMI<\/span><\/span><\/span><\/p>\n<p><span><span><span>Tarih\u00a0 : 17 \u015eubat 2026 Sal\u0131<\/span><\/span><\/span><\/p>\n<p><span><span><span>Saat\u00a0\u00a0\u00a0 : 17.30<\/span><\/span><\/span><\/p>\n<p><span><span><span>Yer\u00a0\u00a0\u00a0\u00a0\u00a0 : Mostar K\u00f6pr\u00fcs\u00fc (Ni\u011fde Yolu)<\/span><\/span><\/span><\/p>\n<p>\u00a0<\/p>\n<p>Kaynak: (BYZHA) Beyaz Haber Ajans\u0131<\/p>\n","protected":false},"excerpt":{"rendered":"<p>Nev\u015fehir\u2019deki sosyal faaliyet alan\u0131n\u0131 art\u0131rmaya y\u00f6nelik yap\u0131lan \u00e7al\u0131\u015fmalar kapsam\u0131nda Nev\u015fehir Belediyesi BUZ PATEN\u0130 P\u0130ST\u0130 yar\u0131n d\u00fczenlenecek t\u00f6renle a\u00e7\u0131lacak.<\/p>\n","protected":false},"author":1,"featured_media":37788,"comment_status":"open","ping_status":"open","sticky":false,"template":"","format":"standard","meta":{"footnotes":""},"categories":[14],"tags":[372,5358,969,237,172],"class_list":["post-37787","post","type-post","status-publish","format-standard","has-post-thumbnail","hentry","category-spor","tag-belediye","tag-buz-pateni","tag-nevsehir","tag-proje","tag-sosyal"],"_links":{"self":[{"href":"https:\/\/bihavadis.com\/index.php\/wp-json\/wp\/v2\/posts\/37787","targetHints":{"allow":["GET"]}}],"collection":[{"href":"https:\/\/bihavadis.com\/index.php\/wp-json\/wp\/v2\/posts"}],"about":[{"href":"https:\/\/bihavadis.com\/index.php\/wp-json\/wp\/v2\/types\/post"}],"author":[{"embeddable":true,"href":"https:\/\/bihavadis.com\/index.php\/wp-json\/wp\/v2\/users\/1"}],"replies":[{"embeddable":true,"href":"https:\/\/bihavadis.com\/index.php\/wp-json\/wp\/v2\/comments?post=37787"}],"version-history":[{"count":1,"href":"https:\/\/bihavadis.com\/index.php\/wp-json\/wp\/v2\/posts\/37787\/revisions"}],"predecessor-version":[{"id":37789,"href":"https:\/\/bihavadis.com\/index.php\/wp-json\/wp\/v2\/posts\/37787\/revisions\/37789"}],"wp:featuredmedia":[{"embeddable":true,"href":"https:\/\/bihavadis.com\/index.php\/wp-json\/wp\/v2\/media\/37788"}],"wp:attachment":[{"href":"https:\/\/bihavadis.com\/index.php\/wp-json\/wp\/v2\/media?parent=37787"}],"wp:term":[{"taxonomy":"category","embeddable":true,"href":"https:\/\/bihavadis.com\/index.php\/wp-json\/wp\/v2\/categories?post=37787"},{"taxonomy":"post_tag","embeddable":true,"href":"https:\/\/bihavadis.com\/index.php\/wp-json\/wp\/v2\/tags?post=37787"}],"curies":[{"name":"wp","href":"https:\/\/api.w.org\/{rel}","templated":true}]}}