{"id":37796,"date":"2026-02-20T08:27:04","date_gmt":"2026-02-20T08:27:04","guid":{"rendered":"https:\/\/bihavadis.com\/?p=37796"},"modified":"2026-02-20T08:27:04","modified_gmt":"2026-02-20T08:27:04","slug":"emekli-sanatci-melek-hanimin-hikayesi","status":"publish","type":"post","link":"https:\/\/bihavadis.com\/index.php\/2026\/02\/20\/emekli-sanatci-melek-hanimin-hikayesi\/","title":{"rendered":"Emekli Sanat\u00e7\u0131 Melek Han\u0131m&#8217;\u0131n Hikayesi"},"content":{"rendered":"<p>\n<p>SAMSUN&#8217;da ya\u015fayan Melek Zekeriyabeyo\u011flu (65), \u00e7ocuklu\u011fundan bu yana yapt\u0131\u011f\u0131 el i\u015fi sanat\u0131ndan elde etti\u011fi gelirle emekli oldu. Zekeriyabeyo\u011flu, &#8220;K\u00f6yde bir k\u0131z \u00e7ocu\u011fu d\u00fcnyaya g\u00f6zlerini a\u00e7t\u0131\u011f\u0131nda, eline ald\u0131\u011f\u0131 ilk \u015fey i\u011fne ve iplik olur. Benim ge\u00e7mi\u015fim de b\u00f6yleydi. Elimin eme\u011fiyle, sanat\u0131mla emekli oldum. Hayat\u0131m g\u00fczelle\u015fti&#8221; dedi.<\/p>\n<p> Samsun&#8217;da 16 ya\u015f\u0131ndan beri el sanatlar\u0131yla ilgilenen Melek Zekeriyabeyo\u011flu, \u00e7eyiz \u00fcr\u00fcnlerinin yan\u0131 s\u0131ra fular ve bandanalar, g\u00f6zl\u00fck zincirleriyle ev s\u00fcslemelerinde kullan\u0131lan panolar yapt\u0131\u011f\u0131n\u0131 s\u00f6yledi. Yapt\u0131\u011f\u0131 el i\u015flerinden elde etti\u011fi gelirle emekli olabildi\u011fini, azimle ve emekle, kad\u0131nlar\u0131n her \u015feyi ba\u015farabilece\u011fini vurgulayan Zekeriyabeyo\u011flu, &#8220;Bu noktaya gelene kadar \u00e7ok fedakarl\u0131k yapt\u0131m. Hi\u00e7bir kad\u0131n, hi\u00e7bir gen\u00e7 k\u0131z i\u00e7in yol d\u00fcz de\u011fildir, hep ileriye y\u00fcr\u00fcrken hayal k\u0131r\u0131kl\u0131klar\u0131, m\u00fccadeleler, olmazlar ya\u015fan\u0131r. Ben de ya\u015fad\u0131m ama her sabah kalkt\u0131\u011f\u0131mda kendime \u015funu s\u00f6yledim. Daha iyi olaca\u011f\u0131m, daha ba\u015far\u0131l\u0131 olaca\u011f\u0131m. Hayal k\u0131r\u0131kl\u0131\u011f\u0131na yer yok. 16 ya\u015f\u0131mda bu i\u015fi ba\u015far\u0131l\u0131 \u015fekilde yap\u0131yordum, bug\u00fcn 65 ya\u015f\u0131nday\u0131m&#8221; diye konu\u015ftu.<\/p>\n<p>&#8216;\u00dcRETMEYE DEVAM EDECE\u011e\u0130M&#8217;<\/p>\n<p>K\u00f6y\u00fcnde ge\u00e7irdi\u011fi \u00e7ocukluk y\u0131llar\u0131nda el i\u015fi yapmaya ba\u015flad\u0131\u011f\u0131n\u0131 dile getiren Zekeriyabeyo\u011flu, &#8220;K\u00f6yde \u00e7ocukken el i\u015fi yaparak, \u00c7ar\u015famba il\u00e7esine ba\u011fl\u0131 bir k\u00f6yde b\u00fcy\u00fcd\u00fcm. Samsun Olgunla\u015fma Enstit\u00fcs\u00fc El Sanatlar\u0131 \u00c7i\u00e7ek Oya b\u00f6l\u00fcm\u00fcne kursiyer olarak gidip gelirken, bir at\u00f6lye \u015fefim bendeki yetene\u011fi fark etti. Bunun \u00fczerine beni, Samsun Olgunla\u015fma Enstit\u00fcs\u00fc&#8217;n\u00fcn t\u00fcm okul kapsam\u0131nda a\u00e7t\u0131\u011f\u0131 2 y\u0131ll\u0131k b\u00f6l\u00fcm\u00fcne y\u00f6nlendirdi. O e\u011fitimi ba\u015far\u0131yla tamamlad\u0131m ve bu hayata b\u00f6yle ad\u0131m att\u0131m. Benim do\u011fup b\u00fcy\u00fcd\u00fc\u011f\u00fcm k\u00f6yde bir k\u0131z \u00e7ocu\u011fu d\u00fcnyaya g\u00f6zlerini a\u00e7t\u0131\u011f\u0131nda, eline ald\u0131\u011f\u0131 ilk \u015fey i\u011fne ve iplik olur. Hayata i\u011fne oyas\u0131yla ba\u015flan\u0131r. Benim ge\u00e7mi\u015fim de b\u00f6yleydi. Kendimi o okulda geli\u015ftirerek bug\u00fcnlere geldim. Hayat\u0131mda &#8216;iyi ki&#8217; dedi\u011fim \u00e7ok \u015fey var ama en ba\u015fta o okulda tan\u0131d\u0131\u011f\u0131m at\u00f6lye \u015fefim ve \u00f6\u011fretmenlerim geliyor. \u0130\u015fe klasik, halka hitap eden \u00e7eyiz anlay\u0131\u015f\u0131yla ba\u015flad\u0131m. Sonras\u0131nda s\u00fcslemeler, dekoratif \u00e7al\u0131\u015fmalar, eve hitap eden ev s\u00fcsleri geldi. Bug\u00fcn hala \u00e7eyiz a\u011f\u0131rl\u0131kl\u0131 \u00e7al\u0131\u015f\u0131yorum ama art\u0131k gen\u00e7lere de hitap ediyorum. Gen\u00e7 k\u0131zlara y\u00f6nelik \u00fcr\u00fcnler yap\u0131yorum. \u00d6zellikle severek haz\u0131rlad\u0131\u011f\u0131m k\u0131na tak\u0131mlar\u0131m var. Y\u00f6remizde &#8216;\u00e7ember&#8217; denilen, annelerimizin ve ninelerimizin ba\u015flar\u0131n\u0131 \u00f6rtt\u00fc\u011f\u00fc ba\u015f\u00f6rt\u00fcler, k\u0131na tak\u0131mlar\u0131, namaz ba\u015f\u00f6rt\u00fcleri. Bug\u00fcn ise gen\u00e7lere y\u00f6nelik fularlar, bandanalar, g\u00f6zl\u00fck zincirleri ve ev s\u00fcslemelerinde kullan\u0131lan panolar \u00fcretiyorum. Bu i\u015fle emekli oldum. Ne mutlu bana. Elbette destek olanlar oldu ama ben elimin eme\u011fiyle, sanat\u0131mla emekli oldum. Hayat\u0131m g\u00fczelle\u015fti, daha da g\u00fczelle\u015fecek. G\u00f6z\u00fcm g\u00f6rd\u00fc\u011f\u00fc, sa\u011fl\u0131\u011f\u0131m elverdi\u011fi s\u00fcrece \u00fcretmeye devam edece\u011fim. Toplumda \u00e7ok yetenekli gen\u00e7 k\u0131zlar, gelinler, teyzeler, nineler var. Benim dal\u0131m i\u011fne oyas\u0131 ama her alanda yetenekli insanlar var. \u0130stiyorum ki herkes eme\u011finin kar\u015f\u0131l\u0131\u011f\u0131n\u0131 bulsun&#8221; diye konu\u015ftu. <\/p>\n","protected":false},"excerpt":{"rendered":"<p>Melek Zekeriyabeyo\u011flu, el sanatlar\u0131ndan elde etti\u011fi gelirle emekli oldu\u011funu ve gen\u00e7lere ilham verdi\u011fini anlatt\u0131.<\/p>\n","protected":false},"author":1,"featured_media":37797,"comment_status":"open","ping_status":"open","sticky":false,"template":"","format":"standard","meta":{"footnotes":""},"categories":[9,4,13],"tags":[845,340,463],"class_list":["post-37796","post","type-post","status-publish","format-standard","has-post-thumbnail","hentry","category-genel","category-gundem","category-son-dakika","tag-emekli","tag-genc","tag-kiz"],"_links":{"self":[{"href":"https:\/\/bihavadis.com\/index.php\/wp-json\/wp\/v2\/posts\/37796","targetHints":{"allow":["GET"]}}],"collection":[{"href":"https:\/\/bihavadis.com\/index.php\/wp-json\/wp\/v2\/posts"}],"about":[{"href":"https:\/\/bihavadis.com\/index.php\/wp-json\/wp\/v2\/types\/post"}],"author":[{"embeddable":true,"href":"https:\/\/bihavadis.com\/index.php\/wp-json\/wp\/v2\/users\/1"}],"replies":[{"embeddable":true,"href":"https:\/\/bihavadis.com\/index.php\/wp-json\/wp\/v2\/comments?post=37796"}],"version-history":[{"count":1,"href":"https:\/\/bihavadis.com\/index.php\/wp-json\/wp\/v2\/posts\/37796\/revisions"}],"predecessor-version":[{"id":37798,"href":"https:\/\/bihavadis.com\/index.php\/wp-json\/wp\/v2\/posts\/37796\/revisions\/37798"}],"wp:featuredmedia":[{"embeddable":true,"href":"https:\/\/bihavadis.com\/index.php\/wp-json\/wp\/v2\/media\/37797"}],"wp:attachment":[{"href":"https:\/\/bihavadis.com\/index.php\/wp-json\/wp\/v2\/media?parent=37796"}],"wp:term":[{"taxonomy":"category","embeddable":true,"href":"https:\/\/bihavadis.com\/index.php\/wp-json\/wp\/v2\/categories?post=37796"},{"taxonomy":"post_tag","embeddable":true,"href":"https:\/\/bihavadis.com\/index.php\/wp-json\/wp\/v2\/tags?post=37796"}],"curies":[{"name":"wp","href":"https:\/\/api.w.org\/{rel}","templated":true}]}}