{"id":37834,"date":"2026-02-20T08:57:05","date_gmt":"2026-02-20T08:57:05","guid":{"rendered":"https:\/\/bihavadis.com\/?p=37834"},"modified":"2026-02-20T08:57:05","modified_gmt":"2026-02-20T08:57:05","slug":"izmirde-kuvvetli-yagis-ve-firtina-alarmi","status":"publish","type":"post","link":"https:\/\/bihavadis.com\/index.php\/2026\/02\/20\/izmirde-kuvvetli-yagis-ve-firtina-alarmi\/","title":{"rendered":"\u0130zmir&#8217;de kuvvetli ya\u011f\u0131\u015f ve f\u0131rt\u0131na alarm\u0131"},"content":{"rendered":"<p>Meteorolojik uyar\u0131lar do\u011frultusunda \u0130zmir\u2019de yar\u0131n kuvvetli ya\u011f\u0131\u015f, f\u0131rt\u0131na ve deniz kabarmas\u0131 bekleniyor. Olas\u0131 olumsuzluklara kar\u015f\u0131 teyakkuza ge\u00e7en \u0130zmir B\u00fcy\u00fck\u015fehir Belediyesi, kent genelinde kapsaml\u0131 haz\u0131rl\u0131k yapt\u0131. Belediye, 413 ara\u00e7 ve i\u015f makinesi, 200 pompa ve 1360 personelle sahada g\u00f6rev yapacak. \u00d6zellikle sahil \u015feridinde ya\u015fanabilecek deniz ta\u015fk\u0131nlar\u0131na kar\u015f\u0131 kritik noktalarda \u00f6nleyici tedbirler al\u0131n\u0131rken, dere yataklar\u0131nda da ta\u015fk\u0131n riskine kar\u015f\u0131 kontroller s\u0131kla\u015ft\u0131r\u0131ld\u0131.<\/p>\n<p>\u0130zmir B\u00fcy\u00fck\u015fehir Belediyesi Afet \u0130\u015fleri Dairesi Ba\u015fkanl\u0131\u011f\u0131 koordinasyonunda AKOM\u2019da ger\u00e7ekle\u015ftirilen de\u011ferlendirme toplant\u0131s\u0131n\u0131n ard\u0131ndan, kent genelinde etkili olmas\u0131 beklenen kuvvetli ya\u011f\u0131\u015f ve f\u0131rt\u0131naya kar\u015f\u0131 t\u00fcm birimler teyakkuz durumuna ge\u00e7ti. \u00d6zellikle K\u00f6rfez b\u00f6lgesinde deniz seviyesinin y\u00fckselmesi ihtimaline kar\u015f\u0131 \u00f6nlemler art\u0131r\u0131l\u0131rken, olu\u015fabilecek su bask\u0131nlar\u0131na kar\u015f\u0131 kritik noktalarda \u00f6n konu\u015fland\u0131rmalar yap\u0131ld\u0131.<\/p>\n<p><strong>Kritik noktalarda \u00f6nlem<\/strong><br \/>Alsancak Kordon hatt\u0131 ve Kar\u015f\u0131yaka Yelken Kul\u00fcb\u00fc \u00e7evresinde olas\u0131 deniz kabarmas\u0131na kar\u015f\u0131 hydrosub ve varisco pompalar\u0131 konu\u015fland\u0131r\u0131ld\u0131. \u0130tfaiye ve \u0130ZSU ekipleri koordineli \u015fekilde g\u00f6rev yapacak. Kar\u015f\u0131yaka Yelken Kul\u00fcb\u00fc k\u0131y\u0131 kesiminde kum torbas\u0131 uygulamas\u0131 i\u00e7in saha incelemeleri tamamland\u0131. Bostanl\u0131 \u0130skelesi kafeterya b\u00f6lgesinde ise ya\u011f\u0131\u015f\u0131n ba\u015flamas\u0131yla birlikte n\u00f6bet\u00e7i itfaiye ekibi haz\u0131r bulunacak.<\/p>\n<p><strong>Tramvay hatlar\u0131 ve dere yataklar\u0131 takipte\u00a0<\/strong><br \/>Halkap\u0131nar \u0130stasyonu, Borsa\u2013\u0130\u015f Bankas\u0131 aras\u0131 tramvay hatt\u0131 ile \u00c7i\u011fli\u2013Kar\u015f\u0131yaka hatt\u0131nda g\u00f6llenmeye kar\u015f\u0131 \u0130ZSU ekipleri haz\u0131r bekleyecek. Manda Deresi ve Melez Deltas\u0131 gibi riskli b\u00f6lgelerde i\u015f makineleri konu\u015fland\u0131r\u0131ld\u0131. Kritik sahil kesimlerinde zab\u0131ta ve itfaiye ekipleri g\u00fcn boyu devriye faaliyetlerini s\u00fcrd\u00fcrecek.<\/p>\n<p><strong>1360 personel sahada\u00a0<\/strong><br \/>AKOM koordinasyonunda 62 m\u00fcdahale istasyonu,150 dalg\u0131\u00e7 pompa, 50 motopomp, 282 \u0130ZSU i\u015f makinesi, ara\u00e7 ve pompa, 413 ara\u00e7 ve i\u015f makinesi, 200 pompa ve 1360 personel olas\u0131 su bask\u0131n\u0131, a\u011fa\u00e7 devrilmesi, trafik aksamas\u0131 ve k\u0131y\u0131 ta\u015fk\u0131nlar\u0131na kar\u015f\u0131 g\u00f6rev yapacak.<\/p>\n<p><strong>Sahil kesimlerine dikkat\u00a0<\/strong><br \/>Yetkililer, \u00f6zellikle sahil kesimlerinde, dere yataklar\u0131na yak\u0131n b\u00f6lgelerde ve d\u00fc\u015f\u00fck kotlu alanlarda ya\u015fayan vatanda\u015flar\u0131n dikkatli olmas\u0131 gerekti\u011fini belirtti. Zorunlu olmad\u0131k\u00e7a riskli b\u00f6lgelerde bulunulmamas\u0131, ara\u00e7lar\u0131n su birikintisi olu\u015fabilecek alanlara park edilmemesi ve resmi uyar\u0131lar\u0131n takip edilmesi istendi. Acil durumlarda 112, 185 ve 153 hatlar\u0131n\u0131n aktif olarak hizmet verece\u011fi bildirildi.<\/p>\n<p>\u00a0<\/p>\n<p>\u00a0<\/p>\n<p>Kaynak: (BYZHA) Beyaz Haber Ajans\u0131<\/p>\n","protected":false},"excerpt":{"rendered":"<p>Meteorolojik uyar\u0131lar do\u011frultusunda \u0130zmir\u2019de yar\u0131n kuvvetli ya\u011f\u0131\u015f, f\u0131rt\u0131na ve deniz kabarmas\u0131 bekleniyor.<\/p>\n","protected":false},"author":1,"featured_media":37835,"comment_status":"open","ping_status":"open","sticky":false,"template":"","format":"standard","meta":{"footnotes":""},"categories":[4],"tags":[395,5365],"class_list":["post-37834","post","type-post","status-publish","format-standard","has-post-thumbnail","hentry","category-gundem","tag-is","tag-pompa"],"_links":{"self":[{"href":"https:\/\/bihavadis.com\/index.php\/wp-json\/wp\/v2\/posts\/37834","targetHints":{"allow":["GET"]}}],"collection":[{"href":"https:\/\/bihavadis.com\/index.php\/wp-json\/wp\/v2\/posts"}],"about":[{"href":"https:\/\/bihavadis.com\/index.php\/wp-json\/wp\/v2\/types\/post"}],"author":[{"embeddable":true,"href":"https:\/\/bihavadis.com\/index.php\/wp-json\/wp\/v2\/users\/1"}],"replies":[{"embeddable":true,"href":"https:\/\/bihavadis.com\/index.php\/wp-json\/wp\/v2\/comments?post=37834"}],"version-history":[{"count":1,"href":"https:\/\/bihavadis.com\/index.php\/wp-json\/wp\/v2\/posts\/37834\/revisions"}],"predecessor-version":[{"id":37836,"href":"https:\/\/bihavadis.com\/index.php\/wp-json\/wp\/v2\/posts\/37834\/revisions\/37836"}],"wp:featuredmedia":[{"embeddable":true,"href":"https:\/\/bihavadis.com\/index.php\/wp-json\/wp\/v2\/media\/37835"}],"wp:attachment":[{"href":"https:\/\/bihavadis.com\/index.php\/wp-json\/wp\/v2\/media?parent=37834"}],"wp:term":[{"taxonomy":"category","embeddable":true,"href":"https:\/\/bihavadis.com\/index.php\/wp-json\/wp\/v2\/categories?post=37834"},{"taxonomy":"post_tag","embeddable":true,"href":"https:\/\/bihavadis.com\/index.php\/wp-json\/wp\/v2\/tags?post=37834"}],"curies":[{"name":"wp","href":"https:\/\/api.w.org\/{rel}","templated":true}]}}