{"id":3788,"date":"2026-01-28T22:44:03","date_gmt":"2026-01-28T22:44:03","guid":{"rendered":"https:\/\/bihavadis.com\/?p=3788"},"modified":"2026-01-28T22:44:03","modified_gmt":"2026-01-28T22:44:03","slug":"bucada-yanginda-11-yasindaki-cocuk-hayatini-kaybetti","status":"publish","type":"post","link":"https:\/\/bihavadis.com\/index.php\/2026\/01\/28\/bucada-yanginda-11-yasindaki-cocuk-hayatini-kaybetti\/","title":{"rendered":"Buca&#8217;da Yang\u0131nda 11 Ya\u015f\u0131ndaki \u00c7ocuk Hayat\u0131n\u0131 Kaybetti"},"content":{"rendered":"<p> \u0130zmir&#8217;in Buca il\u00e7esinde bir evde \u00e7\u0131kan yang\u0131nda, down sendromlu 11 ya\u015f\u0131ndaki \u00e7ocuk ya\u015fam\u0131n\u0131 yitirdi.<\/p>\n<p>Al\u0131nan bilgiye g\u00f6re, G\u00f6ksu Mahallesi&#8217;ndeki 4 katl\u0131 apartman\u0131n giri\u015f kat\u0131ndaki dairede yang\u0131n \u00e7\u0131kt\u0131.<\/p>\n<p>\u0130hbar \u00fczerine olay yerine itfaiye, sa\u011fl\u0131k ve polis ekipleri sevk edildi.<\/p>\n<p>Ekiplerin \u00e7al\u0131\u015fmas\u0131yla yang\u0131n s\u00f6nd\u00fcr\u00fcl\u00fcrken, yap\u0131lan incelemede down sendromlu Eymen A.\u00c7.&#8217;nin (11) hayat\u0131n\u0131 kaybetti\u011fi belirlendi.<\/p>\n<p>\u00c7ocu\u011fun cenazesi, olay yerindeki incelemenin ard\u0131ndan otopsi i\u00e7in \u0130zmir Adli T\u0131p Kurumu morguna kald\u0131r\u0131ld\u0131.<\/p>\n<p>Yang\u0131n s\u0131ras\u0131nda evde bulunan anne Emine \u00c7&#8217;nin (54), yemek yapt\u0131\u011f\u0131 s\u0131rada o\u011flunun \u00e7akmak ve mumlarla oynamas\u0131 sonucu yang\u0131n\u0131n \u00e7\u0131kt\u0131\u011f\u0131n\u0131, \u00e7ocu\u011funu odadan \u00e7\u0131karmaya \u00e7al\u0131\u015ft\u0131\u011f\u0131n\u0131 ancak alevlerin k\u0131sa s\u00fcrede b\u00fcy\u00fcmesi nedeniyle ba\u015far\u0131l\u0131 olamad\u0131\u011f\u0131n\u0131 ifade etti\u011fi \u00f6\u011frenildi.<\/p>\n<p>Annenin, 14 ya\u015f\u0131ndaki di\u011fer \u00e7ocu\u011fuyla birlikte evden d\u0131\u015far\u0131 \u00e7\u0131kt\u0131\u011f\u0131n\u0131 belirtti\u011fi kaydedildi.<\/p>\n<p>Yang\u0131n\u0131n \u00e7\u0131k\u0131\u015f nedenine ili\u015fkin inceleme ba\u015flat\u0131ld\u0131.<\/p>\n","protected":false},"excerpt":{"rendered":"<p>\u0130zmir Buca&#8217;daki yang\u0131nda down sendromlu 11 ya\u015f\u0131ndaki Eymen A.\u00c7. ya\u015fam\u0131n\u0131 yitirdi.<\/p>\n","protected":false},"author":1,"featured_media":3789,"comment_status":"open","ping_status":"open","sticky":false,"template":"","format":"standard","meta":{"footnotes":""},"categories":[9,4,13],"tags":[600],"class_list":["post-3788","post","type-post","status-publish","format-standard","has-post-thumbnail","hentry","category-genel","category-gundem","category-son-dakika","tag-yangin"],"_links":{"self":[{"href":"https:\/\/bihavadis.com\/index.php\/wp-json\/wp\/v2\/posts\/3788","targetHints":{"allow":["GET"]}}],"collection":[{"href":"https:\/\/bihavadis.com\/index.php\/wp-json\/wp\/v2\/posts"}],"about":[{"href":"https:\/\/bihavadis.com\/index.php\/wp-json\/wp\/v2\/types\/post"}],"author":[{"embeddable":true,"href":"https:\/\/bihavadis.com\/index.php\/wp-json\/wp\/v2\/users\/1"}],"replies":[{"embeddable":true,"href":"https:\/\/bihavadis.com\/index.php\/wp-json\/wp\/v2\/comments?post=3788"}],"version-history":[{"count":1,"href":"https:\/\/bihavadis.com\/index.php\/wp-json\/wp\/v2\/posts\/3788\/revisions"}],"predecessor-version":[{"id":3790,"href":"https:\/\/bihavadis.com\/index.php\/wp-json\/wp\/v2\/posts\/3788\/revisions\/3790"}],"wp:featuredmedia":[{"embeddable":true,"href":"https:\/\/bihavadis.com\/index.php\/wp-json\/wp\/v2\/media\/3789"}],"wp:attachment":[{"href":"https:\/\/bihavadis.com\/index.php\/wp-json\/wp\/v2\/media?parent=3788"}],"wp:term":[{"taxonomy":"category","embeddable":true,"href":"https:\/\/bihavadis.com\/index.php\/wp-json\/wp\/v2\/categories?post=3788"},{"taxonomy":"post_tag","embeddable":true,"href":"https:\/\/bihavadis.com\/index.php\/wp-json\/wp\/v2\/tags?post=3788"}],"curies":[{"name":"wp","href":"https:\/\/api.w.org\/{rel}","templated":true}]}}