{"id":37913,"date":"2026-02-20T10:03:37","date_gmt":"2026-02-20T10:03:37","guid":{"rendered":"https:\/\/bihavadis.com\/?p=37913"},"modified":"2026-02-20T10:03:37","modified_gmt":"2026-02-20T10:03:37","slug":"fatih-urekin-ailesiyle-ilgili-inanilmaz-iddialar-evini-talan-ettiler","status":"publish","type":"post","link":"https:\/\/bihavadis.com\/index.php\/2026\/02\/20\/fatih-urekin-ailesiyle-ilgili-inanilmaz-iddialar-evini-talan-ettiler\/","title":{"rendered":"Fatih \u00dcrek&#8217;in ailesiyle ilgili inan\u0131lmaz iddialar: Evini talan ettiler"},"content":{"rendered":"<p>107 g\u00fcn boyunca yo\u011fun bak\u0131mda tedavi g\u00f6ren ve 59 ya\u015f\u0131nda hayat\u0131n\u0131 kaybeden Fatih \u00dcrek, pazar g\u00fcn\u00fc son yolculu\u011funa u\u011furland\u0131. Sanat\u00e7\u0131n\u0131n vefat\u0131n\u0131n ard\u0131ndan bu kez ailesiyle ilgili iddialar kamuoyunun g\u00fcndemine geldi.<\/p>\n<p><b>&#8220;YA\u015eAM SAVA\u015eI VER\u0130RKEN EV\u0130N\u0130 TALAN ETM\u0130\u015eLER&#8221;<\/b><\/p>\n<p>Gel Konu\u015fal\u0131m program\u0131nda konu\u015fan sunucu Nur Tu\u011fba Naml\u0131, \u00dcrek&#8217;in ablalar\u0131na y\u00f6nelik dikkat \u00e7ekici iddialarda bulundu. Naml\u0131, &#8220;Adam ya\u015fam sava\u015f\u0131 veriyor. \u0130stanbul&#8217;daki, Bodrum&#8217;daki evini talan etmi\u015fler. \u00c7ok net bir isimden duymasam asla s\u00f6ylemem&#8221; dedi. Naml\u0131, Fatih \u00dcrek&#8217;in s\u00fcrekli takt\u0131\u011f\u0131 bilekliklerin ba\u015fkalar\u0131n\u0131n kolunda oldu\u011funu iddia ederken, k\u00fcrklerin de \u0130zmir&#8217;e g\u00f6t\u00fcr\u00fcld\u00fc\u011f\u00fcn\u00fc \u00f6ne s\u00fcrd\u00fc.<\/p>\n<div>\n<figure><img decoding=\"async\" src=\"https:\/\/bihavadis.com\/wp-content\/uploads\/2026\/02\/fatih-urekin-ailesiyle-ilgili-inanilmaz-iddialar-evini-talan-ettiler-0-nzrpPq1L.jpg\"\/><\/figure>\n<\/div>\n<p><b>&#8220;K\u00dcRKLER \u0130ZM\u0130R&#8217;E G\u0130TT\u0130&#8221; \u0130DD\u0130ASI<\/b><\/p>\n<p>Naml\u0131, a\u00e7\u0131klamalar\u0131nda k\u00fcrklerle ilgili iddialar\u0131n\u0131 daha da ileri ta\u015f\u0131yarak, &#8220;K\u00fcrklerin hepsi \u0130zmir&#8217;e gitmi\u015f. \u0130zmir&#8217;deki k\u00fcrk evinin ismini de veririm gerekirse&#8221; ifadelerini kulland\u0131. \u0130stanbul ve Bodrum&#8217;daki evlere, hen\u00fcz \u00dcrek hayattayken girildi\u011fini ve e\u015fyalar\u0131n al\u0131nd\u0131\u011f\u0131n\u0131 iddia eden Naml\u0131, bu durumun kabul edilemez oldu\u011funu vurgulad\u0131.<\/p>\n<div>\n<figure><img decoding=\"async\" src=\"https:\/\/bihavadis.com\/wp-content\/uploads\/2026\/02\/fatih-urekin-ailesiyle-ilgili-inanilmaz-iddialar-evini-talan-ettiler-1-2vvFwaIU.jpg\"\/><\/figure>\n<\/div>\n<p><b>&#8220;BU NASIL Z\u0130HN\u0130YET&#8221;<\/b><\/p>\n<p>Sunucu Nur Tu\u011fba Naml\u0131, iddialar\u0131n\u0131 \u015fu sorularla s\u00fcrd\u00fcrd\u00fc:<\/p>\n<p>&#8220;Tekrar soruyorum. O k\u00fcrkler al\u0131n\u0131p \u0130zmir&#8217;e g\u00f6t\u00fcr\u00fcld\u00fc m\u00fc? K\u00fcrk ma\u011fazalar\u0131na sat\u0131lmaya \u00e7al\u0131\u015f\u0131ld\u0131 m\u0131? Kolundaki bileklikler, kasadaki bileklikler \u015fu an sizin kolunuzda m\u0131? Bu nas\u0131l bir zihniyet?&#8221;<\/p>\n","protected":false},"excerpt":{"rendered":"<p>Sanat\u00e7\u0131 Fatih \u00dcrek&#8217;in vefat\u0131n\u0131n ard\u0131ndan ailesine ili\u015fkin ciddi iddialar g\u00fcndeme ta\u015f\u0131nd\u0131. Sunucu Nur Tu\u011fba Naml\u0131, \u00dcrek&#8217;in ya\u015fam m\u00fccadelesi verdi\u011fi g\u00fcnlerde evlerinin talan edildi\u011fini \u00f6ne s\u00fcrd\u00fc. Naml\u0131, \u00dcrek&#8217;in ablalar\u0131na, &#8220;Evi talan ettiniz mi? \u0130stanbul&#8217;daki Bodrum&#8217;daki evlerin i\u00e7erisindeki e\u015fyalar nerede? Fatih \u00dcrek daha vefat etmeden, k\u00fcrklerini \u0130zmir&#8217;deki \u00fcnl\u00fc k\u00fcrk evine satmaya \u00e7al\u0131\u015ft\u0131n\u0131z m\u0131? Kolundaki, kasadaki bileklikler \u015fu an sizin kolunuzda m\u0131?&#8221; diye seslendi.<\/p>\n","protected":false},"author":1,"featured_media":37914,"comment_status":"open","ping_status":"open","sticky":false,"template":"","format":"standard","meta":{"footnotes":""},"categories":[1],"tags":[1406,3231],"class_list":["post-37913","post","type-post","status-publish","format-standard","has-post-thumbnail","hentry","category-uncategorized","tag-iddia","tag-kurk"],"_links":{"self":[{"href":"https:\/\/bihavadis.com\/index.php\/wp-json\/wp\/v2\/posts\/37913","targetHints":{"allow":["GET"]}}],"collection":[{"href":"https:\/\/bihavadis.com\/index.php\/wp-json\/wp\/v2\/posts"}],"about":[{"href":"https:\/\/bihavadis.com\/index.php\/wp-json\/wp\/v2\/types\/post"}],"author":[{"embeddable":true,"href":"https:\/\/bihavadis.com\/index.php\/wp-json\/wp\/v2\/users\/1"}],"replies":[{"embeddable":true,"href":"https:\/\/bihavadis.com\/index.php\/wp-json\/wp\/v2\/comments?post=37913"}],"version-history":[{"count":1,"href":"https:\/\/bihavadis.com\/index.php\/wp-json\/wp\/v2\/posts\/37913\/revisions"}],"predecessor-version":[{"id":37917,"href":"https:\/\/bihavadis.com\/index.php\/wp-json\/wp\/v2\/posts\/37913\/revisions\/37917"}],"wp:featuredmedia":[{"embeddable":true,"href":"https:\/\/bihavadis.com\/index.php\/wp-json\/wp\/v2\/media\/37914"}],"wp:attachment":[{"href":"https:\/\/bihavadis.com\/index.php\/wp-json\/wp\/v2\/media?parent=37913"}],"wp:term":[{"taxonomy":"category","embeddable":true,"href":"https:\/\/bihavadis.com\/index.php\/wp-json\/wp\/v2\/categories?post=37913"},{"taxonomy":"post_tag","embeddable":true,"href":"https:\/\/bihavadis.com\/index.php\/wp-json\/wp\/v2\/tags?post=37913"}],"curies":[{"name":"wp","href":"https:\/\/api.w.org\/{rel}","templated":true}]}}