{"id":37938,"date":"2026-02-20T10:24:08","date_gmt":"2026-02-20T10:24:08","guid":{"rendered":"https:\/\/bihavadis.com\/?p=37938"},"modified":"2026-02-20T10:24:08","modified_gmt":"2026-02-20T10:24:08","slug":"riza-calimbayin-fotografi-sectiklerinden-daha-cok-gundem-oldu","status":"publish","type":"post","link":"https:\/\/bihavadis.com\/index.php\/2026\/02\/20\/riza-calimbayin-fotografi-sectiklerinden-daha-cok-gundem-oldu\/","title":{"rendered":"R\u0131za \u00c7al\u0131mbay&#8217;\u0131n foto\u011fraf\u0131, se\u00e7tiklerinden daha \u00e7ok g\u00fcndem oldu"},"content":{"rendered":"<p>Teknik direkt\u00f6r R\u0131za \u00c7al\u0131mbay, Anadolu Ajans\u0131&#8217;n\u0131n (AA) g\u00f6z\u00fcnden 2025&#8217;e damga vuran olaylara ait foto\u011fraflar\u0131n yer ald\u0131\u011f\u0131 AA&#8217;n\u0131n <b><em>&#8220;Y\u0131l\u0131n Kareleri&#8221; <\/em><\/b>oylamas\u0131na kat\u0131ld\u0131.<\/p>\n<p>Y\u0131l\u0131n karelerini se\u00e7en \u00c7al\u0131mbay, bir de ajansa poz verdi.<\/p>\n<p>Ancak \u00c7al\u0131mbay&#8217;\u0131n r\u00f6portajda verdi\u011fi poz, se\u00e7ti\u011fi foto\u011fraflardan daha \u00e7ok g\u00fcndem oldu.<\/p>\n<p><strong>YILIN KARELER\u0130N\u0130 SE\u00c7M\u0130\u015eT\u0130: VERD\u0130\u011e\u0130 POZ AYRI G\u00dcNDEM OLDU<\/strong><\/p>\n<p>Sosyal medyada yay\u0131nlanan karelerde \u00e7ok say\u0131da kullan\u0131c\u0131 \u00c7al\u0131mbay&#8217;\u0131n y\u00fcz\u00fcn\u00fcn g\u00fclmemesiyle ilgili yorumlar yapt\u0131.<\/p>\n<p>\u00d6yle ki \u00c7al\u0131mbay&#8217;la ilgili, <b><em>&#8220;Hi\u00e7 g\u00fcld\u00fc\u011f\u00fc bir foto\u011fraf\u0131 var m\u0131?&#8221; <\/em><\/b>diye soranlar bile oldu.<\/p>\n<p><img decoding=\"async\" src=\"https:\/\/bihavadis.com\/wp-content\/uploads\/2026\/02\/riza-calimbayin-fotografi-sectiklerinden-daha-cok-gundem-oldu-0-mLWq8FwL.jpg\"\/><\/p>\n<p><strong>ESPR\u0130LER PE\u015e PE\u015eE GELD\u0130<\/strong><\/p>\n<p>Hal b\u00f6yle olunca \u00c7al\u0131mbay&#8217;\u0131n g\u00fclmemesiyle ilgili \u00e7e\u015fitli espriler de pe\u015f pe\u015fe geldi.<\/p>\n<p>Biz de onlardan baz\u0131lar\u0131n\u0131 sizler i\u00e7in derledik.<\/p>\n<p>\u0130\u015fte yap\u0131lan o payla\u015f\u0131mlar&#8230;<\/p>\n<p><img decoding=\"async\" src=\"https:\/\/bihavadis.com\/wp-content\/uploads\/2026\/02\/riza-calimbayin-fotografi-sectiklerinden-daha-cok-gundem-oldu-1-k5RXhjmG.jpg\"\/><\/p>\n<p><img decoding=\"async\" src=\"https:\/\/bihavadis.com\/wp-content\/uploads\/2026\/02\/riza-calimbayin-fotografi-sectiklerinden-daha-cok-gundem-oldu-2-QDbqAjk7.jpg\"\/><\/p>\n<p><img decoding=\"async\" src=\"https:\/\/bihavadis.com\/wp-content\/uploads\/2026\/02\/riza-calimbayin-fotografi-sectiklerinden-daha-cok-gundem-oldu-3-BdhEeWS1.jpg\"\/><\/p>\n<p><img decoding=\"async\" src=\"https:\/\/bihavadis.com\/wp-content\/uploads\/2026\/02\/riza-calimbayin-fotografi-sectiklerinden-daha-cok-gundem-oldu-4-9RyrDKWQ.jpg\"\/><\/p>\n<p><img decoding=\"async\" src=\"https:\/\/bihavadis.com\/wp-content\/uploads\/2026\/02\/riza-calimbayin-fotografi-sectiklerinden-daha-cok-gundem-oldu-5-fSkYgpq9.jpg\"\/><\/p>\n<p><img decoding=\"async\" src=\"https:\/\/bihavadis.com\/wp-content\/uploads\/2026\/02\/riza-calimbayin-fotografi-sectiklerinden-daha-cok-gundem-oldu-6-v2JdP2uX.jpg\"\/><\/p>\n<p><img decoding=\"async\" src=\"https:\/\/bihavadis.com\/wp-content\/uploads\/2026\/02\/riza-calimbayin-fotografi-sectiklerinden-daha-cok-gundem-oldu-7-CIHmMyRs.jpg\"\/><\/p>\n<p><img decoding=\"async\" src=\"https:\/\/bihavadis.com\/wp-content\/uploads\/2026\/02\/riza-calimbayin-fotografi-sectiklerinden-daha-cok-gundem-oldu-8-frtrUr9U.jpg\"\/><\/p>\n","protected":false},"excerpt":{"rendered":"<p>Anadolu Ajans\u0131&#8217;n\u0131n d\u00fczenledi\u011fi Y\u0131l\u0131n Kareleri oylamas\u0131na kat\u0131lan R\u0131za \u00c7al\u0131mbay, verdi\u011fi pozla se\u00e7ti\u011fi karelerden daha \u00e7ok g\u00fcndem oldu. Sosyal medyada \u00c7al\u0131mbay&#8217;\u0131n g\u00fclmemesiyle ilgili espriler pe\u015f pe\u015fe geldi.<\/p>\n","protected":false},"author":1,"featured_media":37939,"comment_status":"open","ping_status":"open","sticky":false,"template":"","format":"standard","meta":{"footnotes":""},"categories":[14],"tags":[],"class_list":["post-37938","post","type-post","status-publish","format-standard","has-post-thumbnail","hentry","category-spor"],"_links":{"self":[{"href":"https:\/\/bihavadis.com\/index.php\/wp-json\/wp\/v2\/posts\/37938","targetHints":{"allow":["GET"]}}],"collection":[{"href":"https:\/\/bihavadis.com\/index.php\/wp-json\/wp\/v2\/posts"}],"about":[{"href":"https:\/\/bihavadis.com\/index.php\/wp-json\/wp\/v2\/types\/post"}],"author":[{"embeddable":true,"href":"https:\/\/bihavadis.com\/index.php\/wp-json\/wp\/v2\/users\/1"}],"replies":[{"embeddable":true,"href":"https:\/\/bihavadis.com\/index.php\/wp-json\/wp\/v2\/comments?post=37938"}],"version-history":[{"count":1,"href":"https:\/\/bihavadis.com\/index.php\/wp-json\/wp\/v2\/posts\/37938\/revisions"}],"predecessor-version":[{"id":37949,"href":"https:\/\/bihavadis.com\/index.php\/wp-json\/wp\/v2\/posts\/37938\/revisions\/37949"}],"wp:featuredmedia":[{"embeddable":true,"href":"https:\/\/bihavadis.com\/index.php\/wp-json\/wp\/v2\/media\/37939"}],"wp:attachment":[{"href":"https:\/\/bihavadis.com\/index.php\/wp-json\/wp\/v2\/media?parent=37938"}],"wp:term":[{"taxonomy":"category","embeddable":true,"href":"https:\/\/bihavadis.com\/index.php\/wp-json\/wp\/v2\/categories?post=37938"},{"taxonomy":"post_tag","embeddable":true,"href":"https:\/\/bihavadis.com\/index.php\/wp-json\/wp\/v2\/tags?post=37938"}],"curies":[{"name":"wp","href":"https:\/\/api.w.org\/{rel}","templated":true}]}}